{"id":19851,"date":"2021-07-14T14:30:53","date_gmt":"2021-07-14T17:30:53","guid":{"rendered":"https:\/\/blogs2.correiobraziliense.com.br\/vicente\/?p=19851"},"modified":"2021-07-14T16:29:29","modified_gmt":"2021-07-14T19:29:29","slug":"impacto-de-r-30-bilhoes-na-reforma-do-ir-e-relevante-segundo-funchal","status":"publish","type":"post","link":"https:\/\/blogs2.correiobraziliense.com.br\/vicente\/impacto-de-r-30-bilhoes-na-reforma-do-ir-e-relevante-segundo-funchal\/","title":{"rendered":"Impacto de R$ 30 bilh\u00f5es na reforma do IR &#8220;\u00e9 relevante&#8221;, segundo Funchal"},"content":{"rendered":"<h2>ROSANA HESSEL<\/h2>\n<h2><\/h2>\n<h2>O secret\u00e1rio especial de Fazenda do Minist\u00e9rio da Economia, Bruno Funchal, reconheceu que o impacto das mudan\u00e7as no relat\u00f3rio preliminar do projeto de lei que reforma o Imposto de Renda, o PL 2337\/2021, &#8220;\u00e9 um pouco relevante&#8221; e afirmou que a pasta est\u00e1 estudando as altera\u00e7\u00f5es feitas pelo relator.<\/h2>\n<p>&nbsp;<\/p>\n<p>&#8220;A magnitude do impacto \u00e9 um pouco relevante e est\u00e1 sendo estuda&#8221;, afirmou\u00a0Funchal, nesta quarta-feira (14\/7), ao\u00a0ser questionado sobre os impactos fiscais da segunda etapa de reforma tribut\u00e1ria do Executivo enviado ao Congresso no \u00faltimo dia 25.\u00a0O relator do PL 2337\/2021, deputado federal Celso Sabino (PSDB-PA), apresentou, ontem, um relat\u00f3rio preliminar aos l\u00edderes de bancada afirmando que a equipe econ\u00f4mica havia concordado com as mudan\u00e7as. Ele fez uma\u00a0estimativa de queda de R$ 30 bilh\u00f5es na carga tribut\u00e1ria com as mudan\u00e7as sugeridas por ele, que passam pela redu\u00e7\u00e3o da al\u00edquota do Imposto de Renda Pessoa Jur\u00eddica (IRPJ), de 15% para 2,5%,\u00a0 pela manuten\u00e7\u00e3o da al\u00edquota de 20% na tributa\u00e7\u00e3o de dividendos e mudan\u00e7as, como a tributa\u00e7\u00e3o de aux\u00edlio-moradia para servidores.<\/p>\n<p>&nbsp;<\/p>\n<p>&#8220;O relat\u00f3rio \u00e9 preliminar e est\u00e1 sendo estudado (pela equipe econ\u00f4mica)&#8221;, afirmou Funchal, refor\u00e7ando a quest\u00e3o da consolida\u00e7\u00e3o fiscal, mas n\u00e3o deu muito detalhes. O secret\u00e1rio destacou que a redu\u00e7\u00e3o de carga tribut\u00e1ria ser\u00e1 uma realidade com a reorganiza\u00e7\u00e3o das contas p\u00fablicas, com ajuste fiscal, mas n\u00e3o precisou quando isso poder\u00e1, de fato, ocorrer.\u00a0\u00a0&#8220;A redu\u00e7\u00e3o da carga tribut\u00e1ria \u00e9 consequ\u00eancia do processo de consolida\u00e7\u00e3o fiscal&#8221;, disse ele, <a href=\"https:\/\/blogs2.correiobraziliense.com.br\/vicente\/governo-eleva-projecao-de-alta-do-pib-deste-ano-de-35-para-53\/\">durante a apresenta\u00e7\u00e3o do Boletim MacroFiscal, elaborado pela Secretaria de Pol\u00edtica Econ\u00f4mica (SPE), com as novas proje\u00e7\u00f5es macroecon\u00f4micas.<\/a><\/p>\n<p>&nbsp;<\/p>\n<p><strong>Quest\u00e3o fiscal<\/strong><\/p>\n<p>&nbsp;<\/p>\n<p>Apesar do discurso em busca da consolida\u00e7\u00e3o fiscal da equipe econ\u00f4mica, o presidente Jair Bolsonaro tem dado demonstra\u00e7\u00f5es de que est\u00e1 na contram\u00e3o no pr\u00f3ximo ano, a exemplo da confus\u00e3o das emendas parlamentares no Or\u00e7amento de 2021. Ele pretende, por exemplo, dar reajuste para os servidores e ampliar o Bolsa Fam\u00edlia para R$ 300, medidas que devem consumir a margem extra do teto de gastos em 2022.<\/p>\n<p>&nbsp;<\/p>\n<p>Essa margem extra ser\u00e1 o resultado da diferen\u00e7a entre as taxas de corre\u00e7\u00e3o do limite do teto e das despesas obrigat\u00f3rias que poder\u00e1 permitir um gasto maior de Bolsonaro em pleno ano eleitoral e est\u00e1 sendo olhada com aten\u00e7\u00e3o por especialistas em contas p\u00fablicas.<\/p>\n<p>&nbsp;<\/p>\n<p>Pelas estimativas do secret\u00e1rio de Pol\u00edtica Econ\u00f4mica, Adolfo Sachsida, essa ser\u00e1 de R$ 25 bilh\u00f5es no ano que vem, mas ele fez quest\u00e3o de afirmar que o governo n\u00e3o vai gastar al\u00e9m dos limites impostos pelo teto.\u00a0 &#8220;O governo n\u00e3o vai gastar mais no ano que vem. Ele vai gastar exatamente o que gastou neste ano corrigido pelo valor do teto. O que poder\u00e1 mudar ser\u00e1 a aloca\u00e7\u00e3o do gasto, que ser\u00e1 feita em parceria com o Congresso&#8221;, afirmou o chefe da SPE.\u00a0<b><\/b><\/p>\n<p>&nbsp;<\/p>\n<p>A infla\u00e7\u00e3o oficial, medida pelo \u00cdndice de Pre\u00e7os ao Consumidor Amplo (IPCA), registrou alta de 8,4% no acumulado em 12 meses, e esse indicador \u00e9 utilizado para a corre\u00e7\u00e3o do teto de gastos &#8212; emenda constitucional que limita ao aumento das despesas pela infla\u00e7\u00e3o, o que implicar\u00e1 em um aumento de R$ 124 bilh\u00f5es no limite atual, para R$ 1,610 trilh\u00e3o.<\/p>\n<p>&nbsp;<\/p>\n<p>Pelas novas proje\u00e7\u00f5es da SPE, o IPCA apresentar\u00e1 desacelera\u00e7\u00e3o e dever\u00e1 encerrar o ano com eleva\u00e7\u00e3o de 5,9%. Contudo, o indicador que \u00e9 utilizado para corrigir o sal\u00e1rio m\u00ednimo que \u00e9 usado como indexador da maioria das despesas obrigat\u00f3rias do governo federal, como aposentadorias e benef\u00edcios, o \u00cdndice Nacional de Pre\u00e7os ao Consumidor (INPC) dever\u00e1 ficar acima desse percentual, chegando a 6,2%, pelas novas estimativas do Boletim.<\/p>\n<p>&nbsp;<\/p>\n<p>Algumas estimativas do mercado apontavam uma margem em torno de R$ 50 bilh\u00f5es. <a href=\"https:\/\/blogs2.correiobraziliense.com.br\/vicente\/bolsa-familia-de-r-300-podera-comprometer-o-teto-de-gastos-em-2022\/\">Levantamento recente da RPS Capital, por exemplo, mostra que apenas a despesa de um Bolsa Fam\u00edlia ampliado, de R$ 300 para 20 milh\u00f5es de fam\u00edlias, poderia comprometer o teto de gastos em 2022.<\/a>, pois custaria bem mais do que os R$ 25 bilh\u00f5es de margem previsto por Sachsida, custando R$ 72 bilh\u00f5es, considerando os R$ 35 bilh\u00f5es do programa atual. N\u00e3o \u00e0 toa, crescem as cr\u00edticas sobre o teto de gastos, que poder\u00e1 limitar o aumento de despesas para projetos voltados para os mais pobres se o governo n\u00e3o levar a s\u00e9rio a agenda de consolida\u00e7\u00e3o fiscal, com revis\u00e3o efetiva de despesas obrigat\u00f3rias que n\u00e3o geram impacto positivo no crescimento da economia.<\/p>\n<p>&nbsp;<\/p>\n<p>&nbsp;<\/p>\n<p>&nbsp;<\/p>\n","protected":false},"excerpt":{"rendered":"<p>ROSANA HESSEL O secret\u00e1rio especial de Fazenda do Minist\u00e9rio da Economia, Bruno Funchal, reconheceu que o impacto das mudan\u00e7as no relat\u00f3rio preliminar do projeto de lei que reforma o Imposto de Renda, o PL 2337\/2021, &#8220;\u00e9 um pouco relevante&#8221; e afirmou que a pasta est\u00e1 estudando as altera\u00e7\u00f5es feitas pelo relator. &nbsp; &#8220;A magnitude do [&hellip;]<\/p>\n","protected":false},"author":22,"featured_media":17057,"comment_status":"open","ping_status":"closed","sticky":false,"template":"","format":"standard","meta":{"wpb_read_more":[],"footnotes":""},"categories":[600],"tags":[5605,5313,3666,3894],"class_list":["post-19851","post","type-post","status-publish","format-standard","has-post-thumbnail","hentry","category-economia","tag-boletim-macrofiscal","tag-bruno-funchal","tag-ministerio-da-economia","tag-spe"],"_links":{"self":[{"href":"https:\/\/blogs2.correiobraziliense.com.br\/vicente\/wp-json\/wp\/v2\/posts\/19851","targetHints":{"allow":["GET"]}}],"collection":[{"href":"https:\/\/blogs2.correiobraziliense.com.br\/vicente\/wp-json\/wp\/v2\/posts"}],"about":[{"href":"https:\/\/blogs2.correiobraziliense.com.br\/vicente\/wp-json\/wp\/v2\/types\/post"}],"author":[{"embeddable":true,"href":"https:\/\/blogs2.correiobraziliense.com.br\/vicente\/wp-json\/wp\/v2\/users\/22"}],"replies":[{"embeddable":true,"href":"https:\/\/blogs2.correiobraziliense.com.br\/vicente\/wp-json\/wp\/v2\/comments?post=19851"}],"version-history":[{"count":4,"href":"https:\/\/blogs2.correiobraziliense.com.br\/vicente\/wp-json\/wp\/v2\/posts\/19851\/revisions"}],"predecessor-version":[{"id":19875,"href":"https:\/\/blogs2.correiobraziliense.com.br\/vicente\/wp-json\/wp\/v2\/posts\/19851\/revisions\/19875"}],"wp:featuredmedia":[{"embeddable":true,"href":"https:\/\/blogs2.correiobraziliense.com.br\/vicente\/wp-json\/wp\/v2\/media\/17057"}],"wp:attachment":[{"href":"https:\/\/blogs2.correiobraziliense.com.br\/vicente\/wp-json\/wp\/v2\/media?parent=19851"}],"wp:term":[{"taxonomy":"category","embeddable":true,"href":"https:\/\/blogs2.correiobraziliense.com.br\/vicente\/wp-json\/wp\/v2\/categories?post=19851"},{"taxonomy":"post_tag","embeddable":true,"href":"https:\/\/blogs2.correiobraziliense.com.br\/vicente\/wp-json\/wp\/v2\/tags?post=19851"}],"curies":[{"name":"wp","href":"https:\/\/api.w.org\/{rel}","templated":true}]}}