{"id":19870,"date":"2021-07-14T17:11:55","date_gmt":"2021-07-14T20:11:55","guid":{"rendered":"https:\/\/blogs2.correiobraziliense.com.br\/vicente\/?p=19870"},"modified":"2021-07-14T17:11:55","modified_gmt":"2021-07-14T20:11:55","slug":"ifi-margem-do-teto-encolhe-r-124-bi-a-cada-ponto-a-mais-na-inflacao","status":"publish","type":"post","link":"https:\/\/blogs2.correiobraziliense.com.br\/vicente\/ifi-margem-do-teto-encolhe-r-124-bi-a-cada-ponto-a-mais-na-inflacao\/","title":{"rendered":"IFI: margem do teto encolhe R$ 12,4 bi a cada ponto a mais na infla\u00e7\u00e3o"},"content":{"rendered":"<h2>ROSANA HESSEL<\/h2>\n<h2><\/h2>\n<h2>A cada ponto percentual a mais na infla\u00e7\u00e3o do fim do ano, o espa\u00e7o para o governo ampliar as despesas em 2022 dever\u00e1 encolher em R$ 12,4 bilh\u00f5es, pelas estimativas da da Institui\u00e7\u00e3o Fiscal Independente (IFI). Esse dado ajuda a\u00a0precificar o risco de se discutir a contrata\u00e7\u00e3o de despesas permanentes a partir de fatores condicionantes incertos no cen\u00e1rio econ\u00f4mico e foi divulgado, nesta quarta-feira, (14\/7) no Relat\u00f3rio de Acompanhamento Fiscal (RAF) da entidade do Senado Federal.<\/h2>\n<h2><\/h2>\n<p>Os c\u00e1lculos IFI j\u00e1 consideram a corre\u00e7\u00e3o do limite do teto de gastos &#8212; emenda constitui\u00e7\u00e3o que limita o crescimento da despesa pela infla\u00e7\u00e3o &#8212; pelo \u00cdndice de Pre\u00e7os ao Consumidor (IPCA) acumulado em 12 meses at\u00e9 junho, de 8,35%, o que representa uma amplia\u00e7\u00e3o de R$ 124,1 bilh\u00f5es no limite, para R$ 1,610 bilh\u00f5es.<\/p>\n<p>&nbsp;<\/p>\n<p>Conforme os dados da entidade, a margem extra no teto de gastos no pr\u00f3ximo ano \u00e9 de R$ 47,3 bilh\u00f5es, valor acima das estimativas da equipe econ\u00f4mica, de R$ 25 bilh\u00f5es. Contudo, a institui\u00e7\u00e3o ainda tem uma estimativa conservadora para o \u00cdndice Nacional de Pre\u00e7os ao Consumidor (INPC) acumulado no ano, de 5,73% enquanto o mercado est\u00e1 com proje\u00e7\u00f5es pr\u00f3ximas de 7% para esse indicador que corrige o sal\u00e1rio m\u00ednimo.<\/p>\n<p>&nbsp;<\/p>\n<p>O INPC \u00e9 o indexador para os reajustes das principais despesas obrigat\u00f3rias, como aposentadorias e benef\u00edcios sociais, e, portanto, a margem atual prevista pela IFI dever\u00e1 encolher diante das atuais press\u00f5es inflacion\u00e1rias que n\u00e3o est\u00e3o dando tr\u00e9gua e devem fazer o Banco Central continuar elevando a taxa b\u00e1sica de juros (Selic) at\u00e9 o fim do ano, sem interrup\u00e7\u00f5es.\u00a0As novas proje\u00e7\u00f5es da Secretaria de Pol\u00edtica Econ\u00f4mica (SPE) do Minist\u00e9rio da Economia divulgadas hoje no Boletim MacroFiscal estimam alta de 6,20% no INPC deste ano.<\/p>\n<p>&nbsp;<\/p>\n<p><strong>Riscos\u00a0<\/strong><\/p>\n<p>&nbsp;<\/p>\n<p>De acordo com Daniel Couri, diretor da IFI, os riscos para o descumprimento do teto de gastos em 2022 &#8220;s\u00e3o pequenos&#8221;, mas apenas se o governo n\u00e3o criar novas despesas obrigat\u00f3rias.<\/p>\n<p>&nbsp;<\/p>\n<p>Pelos c\u00e1lculos do especialista, o reajuste de 5% no sal\u00e1rio de servidores e a amplia\u00e7\u00e3o do Bolsa Fam\u00edlia para R$ 300, com aumento de 10% da base de benefici\u00e1rios, dever\u00e3o implicar aumento de despesas de R$ 16 bilh\u00f5es e R$ 23,1 bilh\u00f5es, respectivamente.\u00a0Logo, apenas com essas duas despesas, cujo impacto fiscal ser\u00e1 de R$ 39,1 bilh\u00f5es, e combinadas com um aumento de 1,0 ponto percentual no INPC, para 6,7%, isso implicaria em amplia\u00e7\u00e3o de gastos de R$ 51,5 bilh\u00f5es em 2022, dado superior \u00e0 folga de R$ 47,3 bilh\u00f5es estimada atualmente pela IFI.<\/p>\n<p>&nbsp;<\/p>\n<p>O diretor da IFI ainda alertou para os riscos da crise h\u00eddrica \u00e9 um dos maiores riscos na atual conjuntura, porque repercute negativamente na economia de duas formas. &#8220;Ao mesmo tempo que reduz a capacidade de crescimento do pa\u00eds, a crise h\u00eddrica afeta a infla\u00e7\u00e3o. O ganho de curto prazo para o governo \u00e9 o espa\u00e7o no teto para o aumento de despesas e a melhora dos indicadores da d\u00edvida p\u00fablica porque o PIB nominal cresce bastante. Mas, por outro lado, h\u00e1 um custo \u00e0 frente que precisar\u00e1 ser contabilizado, porque o BC vai continuar aumentando juros com essa infla\u00e7\u00e3o maior e, com isso, o custo da d\u00edvida vai aumentar&#8221;, disse Couri.<\/p>\n<p>&nbsp;<\/p>\n","protected":false},"excerpt":{"rendered":"<p>ROSANA HESSEL A cada ponto percentual a mais na infla\u00e7\u00e3o do fim do ano, o espa\u00e7o para o governo ampliar as despesas em 2022 dever\u00e1 encolher em R$ 12,4 bilh\u00f5es, pelas estimativas da da Institui\u00e7\u00e3o Fiscal Independente (IFI). Esse dado ajuda a\u00a0precificar o risco de se discutir a contrata\u00e7\u00e3o de despesas permanentes a partir de [&hellip;]<\/p>\n","protected":false},"author":22,"featured_media":10223,"comment_status":"open","ping_status":"closed","sticky":false,"template":"","format":"standard","meta":{"wpb_read_more":[],"footnotes":""},"categories":[600],"tags":[542,589,2433,3566,5607,307],"class_list":["post-19870","post","type-post","status-publish","format-standard","has-post-thumbnail","hentry","category-economia","tag-contas-publicas","tag-economia","tag-fiscal","tag-ifi","tag-margem","tag-teto-de-gastos"],"_links":{"self":[{"href":"https:\/\/blogs2.correiobraziliense.com.br\/vicente\/wp-json\/wp\/v2\/posts\/19870","targetHints":{"allow":["GET"]}}],"collection":[{"href":"https:\/\/blogs2.correiobraziliense.com.br\/vicente\/wp-json\/wp\/v2\/posts"}],"about":[{"href":"https:\/\/blogs2.correiobraziliense.com.br\/vicente\/wp-json\/wp\/v2\/types\/post"}],"author":[{"embeddable":true,"href":"https:\/\/blogs2.correiobraziliense.com.br\/vicente\/wp-json\/wp\/v2\/users\/22"}],"replies":[{"embeddable":true,"href":"https:\/\/blogs2.correiobraziliense.com.br\/vicente\/wp-json\/wp\/v2\/comments?post=19870"}],"version-history":[{"count":2,"href":"https:\/\/blogs2.correiobraziliense.com.br\/vicente\/wp-json\/wp\/v2\/posts\/19870\/revisions"}],"predecessor-version":[{"id":19878,"href":"https:\/\/blogs2.correiobraziliense.com.br\/vicente\/wp-json\/wp\/v2\/posts\/19870\/revisions\/19878"}],"wp:featuredmedia":[{"embeddable":true,"href":"https:\/\/blogs2.correiobraziliense.com.br\/vicente\/wp-json\/wp\/v2\/media\/10223"}],"wp:attachment":[{"href":"https:\/\/blogs2.correiobraziliense.com.br\/vicente\/wp-json\/wp\/v2\/media?parent=19870"}],"wp:term":[{"taxonomy":"category","embeddable":true,"href":"https:\/\/blogs2.correiobraziliense.com.br\/vicente\/wp-json\/wp\/v2\/categories?post=19870"},{"taxonomy":"post_tag","embeddable":true,"href":"https:\/\/blogs2.correiobraziliense.com.br\/vicente\/wp-json\/wp\/v2\/tags?post=19870"}],"curies":[{"name":"wp","href":"https:\/\/api.w.org\/{rel}","templated":true}]}}