{"id":19898,"date":"2021-07-15T12:48:25","date_gmt":"2021-07-15T15:48:25","guid":{"rendered":"https:\/\/blogs2.correiobraziliense.com.br\/vicente\/?p=19898"},"modified":"2021-07-15T13:16:29","modified_gmt":"2021-07-15T16:16:29","slug":"oposicao-entra-com-medida-cautelar-no-tcu-contra-orcamento-secreto","status":"publish","type":"post","link":"https:\/\/blogs2.correiobraziliense.com.br\/vicente\/oposicao-entra-com-medida-cautelar-no-tcu-contra-orcamento-secreto\/","title":{"rendered":"Oposi\u00e7\u00e3o entra com medida cautelar no TCU contra &#8220;or\u00e7amento secreto&#8221;"},"content":{"rendered":"<h2>ROSANA HESSEL<\/h2>\n<h2><\/h2>\n<h2>O l\u00edder da oposi\u00e7\u00e3o na C\u00e2mara dos Deputados, Alessandro Molon (PSB-RJ) entrou com novo pedido de medida cautelar junto ao Tribunal de Contas da Uni\u00e3o (TCU) para suspender a destina\u00e7\u00e3o ou aplica\u00e7\u00e3o, no todo ou em parte, de recursos p\u00fablicos por meio das emendas do relator (RP-9), o chamado &#8220;or\u00e7amento secreto&#8221;, no Projeto de Lei de Diretrizes Or\u00e7ament\u00e1rias (PLDO) de 2022. Essa pr\u00e1tica\u00a0 gerou pol\u00eamicas na vota\u00e7\u00e3o do Or\u00e7amento deste ano e fez\u00a0<a href=\"https:\/\/www.correiobraziliense.com.br\/politica\/2021\/05\/4925726-mp-pede-que-tcu-abra-investigacao-sobre-orcamento-secreto.html\">o Minist\u00e9rio P\u00fablico da Uni\u00e3o pedir ao TCU investigar as den\u00fancias de irregularidades desse expediente<em>.<\/em><\/a><\/h2>\n<p>&nbsp;<\/p>\n<p>Molon havia proposto uma emenda proibindo a pr\u00e1tica desse &#8220;or\u00e7amento secreto&#8221; ao relat\u00f3rio do\u00a0PLDO de 2022, mas a proposta foi rejeitada pelo relator, o deputado Juscelino Filho (DEM-MA). Diante da rejei\u00e7\u00e3o, o l\u00edder da oposi\u00e7\u00e3o entrou com o pedido de medida cautelar junto ao TCU e pretende\u00a0apresentar emenda contra esta pr\u00e1tica no plen\u00e1rio do Congresso Nacional desta quinta-feira (15\/7), que dever\u00e1 votar o PLDO de 2022 ap\u00f3s a aprova\u00e7\u00e3o da mat\u00e9ria pela Comiss\u00e3o Mista de Or\u00e7amento (CMO). Sem a aprova\u00e7\u00e3o da LDO, os parlamentares n\u00e3o poder\u00e3o entrar oficialmente em recesso a partir da pr\u00f3xima semana.<\/p>\n<p>&nbsp;<\/p>\n<p>&#8220;\u00c9 inaceit\u00e1vel que o Congresso, com a coniv\u00eancia do governo Jair Bolsonaro, viole a Constitui\u00e7\u00e3o ao destinar, de forma secreta, largas fatias de dinheiro p\u00fablico. Numa Rep\u00fablica, o povo tem todo o direito de saber como \u00e9 aplicado o dinheiro que lhe pertence&#8221;, afirmou Molon.\u00a0 &#8220;N\u00e3o h\u00e1 raz\u00e3o de interesse p\u00fablico para que se ignore o dever de dar toda a transpar\u00eancia \u00e0 destina\u00e7\u00e3o dos recursos p\u00fablicos. Isso pode acabar dando espa\u00e7o para o mal uso do dinheiro p\u00fablico, com graves consequ\u00eancias. \u00c9 preciso que o Tribunal de Contas da Uni\u00e3o impe\u00e7a este absurdo, antes que seja tarde demais&#8221;, acrescentou o parlamentar.<\/p>\n<p>&nbsp;<\/p>\n","protected":false},"excerpt":{"rendered":"<p>ROSANA HESSEL O l\u00edder da oposi\u00e7\u00e3o na C\u00e2mara dos Deputados, Alessandro Molon (PSB-RJ) entrou com novo pedido de medida cautelar junto ao Tribunal de Contas da Uni\u00e3o (TCU) para suspender a destina\u00e7\u00e3o ou aplica\u00e7\u00e3o, no todo ou em parte, de recursos p\u00fablicos por meio das emendas do relator (RP-9), o chamado &#8220;or\u00e7amento secreto&#8221;, no Projeto [&hellip;]<\/p>\n","protected":false},"author":22,"featured_media":17784,"comment_status":"open","ping_status":"closed","sticky":false,"template":"","format":"standard","meta":{"wpb_read_more":[],"footnotes":""},"categories":[600],"tags":[254,521,5613,549,5614,50],"class_list":["post-19898","post","type-post","status-publish","format-standard","has-post-thumbnail","hentry","category-economia","tag-congresso","tag-ldo","tag-medida-cautelar","tag-orcamento","tag-orcamento-secreto","tag-tcu"],"_links":{"self":[{"href":"https:\/\/blogs2.correiobraziliense.com.br\/vicente\/wp-json\/wp\/v2\/posts\/19898","targetHints":{"allow":["GET"]}}],"collection":[{"href":"https:\/\/blogs2.correiobraziliense.com.br\/vicente\/wp-json\/wp\/v2\/posts"}],"about":[{"href":"https:\/\/blogs2.correiobraziliense.com.br\/vicente\/wp-json\/wp\/v2\/types\/post"}],"author":[{"embeddable":true,"href":"https:\/\/blogs2.correiobraziliense.com.br\/vicente\/wp-json\/wp\/v2\/users\/22"}],"replies":[{"embeddable":true,"href":"https:\/\/blogs2.correiobraziliense.com.br\/vicente\/wp-json\/wp\/v2\/comments?post=19898"}],"version-history":[{"count":6,"href":"https:\/\/blogs2.correiobraziliense.com.br\/vicente\/wp-json\/wp\/v2\/posts\/19898\/revisions"}],"predecessor-version":[{"id":19904,"href":"https:\/\/blogs2.correiobraziliense.com.br\/vicente\/wp-json\/wp\/v2\/posts\/19898\/revisions\/19904"}],"wp:featuredmedia":[{"embeddable":true,"href":"https:\/\/blogs2.correiobraziliense.com.br\/vicente\/wp-json\/wp\/v2\/media\/17784"}],"wp:attachment":[{"href":"https:\/\/blogs2.correiobraziliense.com.br\/vicente\/wp-json\/wp\/v2\/media?parent=19898"}],"wp:term":[{"taxonomy":"category","embeddable":true,"href":"https:\/\/blogs2.correiobraziliense.com.br\/vicente\/wp-json\/wp\/v2\/categories?post=19898"},{"taxonomy":"post_tag","embeddable":true,"href":"https:\/\/blogs2.correiobraziliense.com.br\/vicente\/wp-json\/wp\/v2\/tags?post=19898"}],"curies":[{"name":"wp","href":"https:\/\/api.w.org\/{rel}","templated":true}]}}