{"id":19959,"date":"2021-07-22T15:21:54","date_gmt":"2021-07-22T18:21:54","guid":{"rendered":"https:\/\/blogs2.correiobraziliense.com.br\/vicente\/?p=19959"},"modified":"2021-07-22T15:42:50","modified_gmt":"2021-07-22T18:42:50","slug":"governo-libera-r-45-bi-bloqueados-e-amplia-gastos-em-r-28-bi","status":"publish","type":"post","link":"https:\/\/blogs2.correiobraziliense.com.br\/vicente\/governo-libera-r-45-bi-bloqueados-e-amplia-gastos-em-r-28-bi\/","title":{"rendered":"Governo libera R$ 4,5 bi bloqueados e amplia gastos em R$ 2,8 bi"},"content":{"rendered":"<p>ROSANA HESSEL<\/p>\n<p>&nbsp;<\/p>\n<p>O minist\u00e9rio da Economia confirmou o desbloqueio de R$ 4,5 bilh\u00f5es que estavam contingenciados no Or\u00e7amento de 2021 e ainda prev\u00ea aumento de R$ 2,8 bilh\u00f5es nas despesas do Poder Executivo.\u00a0A pasta melhorou a previs\u00e3o de deficit prim\u00e1rio nas contas do governo central &#8212; que inlcui Tesouro Nacional, Banco Central e Previd\u00eancia Social &#8212; para\u00a0R$ 155 bilh\u00f5es, o equivalente a 1,8% do Produto Interno Bruto (PIB), conforme dados do relat\u00f3rio bimestral de avalia\u00e7\u00e3o de receitas e despesas prim\u00e1rias referente aos meses de maio e junho divulgado nesta quinta-feira (22\/7).<\/p>\n<p>&nbsp;<\/p>\n<p>No relat\u00f3rio anterior, a estimativa para o rombo das contas p\u00fablicas era de R$ 187 bilh\u00f5es, ou 2,2% do PIB. Essa melhora no resultado fiscal em R$ 32,2 bilh\u00f5es \u00e9 decorrente do aumento da receita, &#8220;impulsionada pela retomada do crescimento&#8221;, de acordo com a pasta.<\/p>\n<p>&nbsp;<\/p>\n<p>&#8220;Nas proje\u00e7\u00f5es do mercado h\u00e1 proje\u00e7\u00f5es de melhora do deficit prim\u00e1rio por conta do controle de despesa e melhoria de receita&#8221;, disse o secret\u00e1rio especial da Fazenda, Bruno Funchal, durante a apresenta\u00e7\u00e3o dos dados do boletim bimestral. Ele prev\u00ea que, em 2024, o governo voltar\u00e1 a registrar superavit prim\u00e1rio.<\/p>\n<p>&nbsp;<\/p>\n<p>Segundo Funchal, esses gastos adicionais de R$ 2,8 bilh\u00f5es dever\u00e3o ainda ser definidos pelo governo, que enviar\u00e1 um projeto de lei com a distribui\u00e7\u00e3o dos recursos ao Congresso ap\u00f3s o fim do recesso parlamentar. J\u00e1 a libera\u00e7\u00e3o dos R$ 4,5 bilh\u00f5es que estavam bloqueados desde o in\u00edcio do ano ocorrer\u00e1 ap\u00f3s a publica\u00e7\u00e3o da autoriza\u00e7\u00e3o no <em>Di\u00e1rio Oficial da Uni\u00e3o (DOU)<\/em>.<\/p>\n<p>&nbsp;<\/p>\n<p>A meta fiscal prevista na Lei de Diretrizes Or\u00e7ament\u00e1rias (LDO) deste ano permite um rombo de at\u00e9 R$ 247,1 bilh\u00f5es. Os dados atualizados para essa nova estimativa de resultado prim\u00e1rio, no entanto, n\u00e3o incluem os gastos emergenciais no combate aos efeitos econ\u00f4mico da pandemia, como o aux\u00edlio emergencial, prorrogado at\u00e9 outubro, e Benef\u00edcio para a Manuten\u00e7\u00e3o do Emprego e da Renda (BEm).<\/p>\n<p>&nbsp;<\/p>\n<p>Conforme dados do Minist\u00e9rio da Economia, existem R$ 124,9 bilh\u00f5es em cr\u00e9ditos extraordin\u00e1rios aprovados pelo Congresso para as medidas emergenciais que n\u00e3o est\u00e3o inclu\u00eddos nessa conta da meta ajustada. A emenda constitucional 109, aprovada no in\u00edcio do ano para garantir a reedi\u00e7\u00e3o do aux\u00edlio emergencial neste ano, permitiu os cr\u00e9ditos extraordin\u00e1rios ficassem fora da contabilidade da meta fiscal e do teto de gastos. Essa regra agora apresenta uma folga de R$ 12,3 bilh\u00f5es em rela\u00e7\u00e3o ao limite de R$ 1,485 trilh\u00e3o.<\/p>\n<p>&nbsp;<\/p>\n<p>A pasta destacou que houve um acr\u00e9scimo de R$ 25,4 bilh\u00f5es observados no boletim anterior devido \u00e0 prorroga\u00e7\u00e3o do aux\u00edlio emergencial por mais tr\u00eas meses. Logo, se esses dados fossem inclu\u00eddos \u00e0 meta ajustada, o rombo das contas p\u00fablicas seria de R$ 280,1 bilh\u00f5es, ou seja, R$ 33 bilh\u00f5es acima da meta.<\/p>\n<p>&nbsp;<\/p>\n<p>Os par\u00e2metros macroecon\u00f4micos do boletim foram atualizados e o governo elevou de 3,5% para 5,3% a previs\u00e3o de crescimento do PIB deste ano. E, diante da melhora na arrecada\u00e7\u00e3o a receita total passou de R$ 1,752 trilh\u00e3o para R$ 1,816 trilh\u00e3o, ou seja, um aumento de R$ 64,1 bilh\u00f5es. A estimativa para receita l\u00edquida para o ano cresceu R$ 43,1 bilh\u00f5es e as despesas enquanto as despesas, R$ 10,8 bilh\u00f5es.<\/p>\n<p>&nbsp;<\/p>\n<p>&nbsp;<\/p>\n<p>&nbsp;<\/p>\n<p>&nbsp;<\/p>\n<p>]<\/p>\n","protected":false},"excerpt":{"rendered":"<p>ROSANA HESSEL &nbsp; O minist\u00e9rio da Economia confirmou o desbloqueio de R$ 4,5 bilh\u00f5es que estavam contingenciados no Or\u00e7amento de 2021 e ainda prev\u00ea aumento de R$ 2,8 bilh\u00f5es nas despesas do Poder Executivo.\u00a0A pasta melhorou a previs\u00e3o de deficit prim\u00e1rio nas contas do governo central &#8212; que inlcui Tesouro Nacional, Banco Central e Previd\u00eancia [&hellip;]<\/p>\n","protected":false},"author":22,"featured_media":17184,"comment_status":"open","ping_status":"closed","sticky":false,"template":"","format":"standard","meta":{"wpb_read_more":[],"footnotes":""},"categories":[600],"tags":[542,5565,565,3666,5059],"class_list":["post-19959","post","type-post","status-publish","format-standard","has-post-thumbnail","hentry","category-economia","tag-contas-publicas","tag-macroeconomia","tag-meta-fiscal","tag-ministerio-da-economia","tag-relatorio-de-avaliacao-de-receitas-e-despesas"],"_links":{"self":[{"href":"https:\/\/blogs2.correiobraziliense.com.br\/vicente\/wp-json\/wp\/v2\/posts\/19959","targetHints":{"allow":["GET"]}}],"collection":[{"href":"https:\/\/blogs2.correiobraziliense.com.br\/vicente\/wp-json\/wp\/v2\/posts"}],"about":[{"href":"https:\/\/blogs2.correiobraziliense.com.br\/vicente\/wp-json\/wp\/v2\/types\/post"}],"author":[{"embeddable":true,"href":"https:\/\/blogs2.correiobraziliense.com.br\/vicente\/wp-json\/wp\/v2\/users\/22"}],"replies":[{"embeddable":true,"href":"https:\/\/blogs2.correiobraziliense.com.br\/vicente\/wp-json\/wp\/v2\/comments?post=19959"}],"version-history":[{"count":12,"href":"https:\/\/blogs2.correiobraziliense.com.br\/vicente\/wp-json\/wp\/v2\/posts\/19959\/revisions"}],"predecessor-version":[{"id":19979,"href":"https:\/\/blogs2.correiobraziliense.com.br\/vicente\/wp-json\/wp\/v2\/posts\/19959\/revisions\/19979"}],"wp:featuredmedia":[{"embeddable":true,"href":"https:\/\/blogs2.correiobraziliense.com.br\/vicente\/wp-json\/wp\/v2\/media\/17184"}],"wp:attachment":[{"href":"https:\/\/blogs2.correiobraziliense.com.br\/vicente\/wp-json\/wp\/v2\/media?parent=19959"}],"wp:term":[{"taxonomy":"category","embeddable":true,"href":"https:\/\/blogs2.correiobraziliense.com.br\/vicente\/wp-json\/wp\/v2\/categories?post=19959"},{"taxonomy":"post_tag","embeddable":true,"href":"https:\/\/blogs2.correiobraziliense.com.br\/vicente\/wp-json\/wp\/v2\/tags?post=19959"}],"curies":[{"name":"wp","href":"https:\/\/api.w.org\/{rel}","templated":true}]}}