{"id":19992,"date":"2021-07-22T19:35:35","date_gmt":"2021-07-22T22:35:35","guid":{"rendered":"https:\/\/blogs2.correiobraziliense.com.br\/vicente\/?p=19992"},"modified":"2021-07-22T20:05:55","modified_gmt":"2021-07-22T23:05:55","slug":"foi-ciro-nogueira-quem-repassou-ameaca-de-braga-netto-a-arthur-lira-dizem-fontes","status":"publish","type":"post","link":"https:\/\/blogs2.correiobraziliense.com.br\/vicente\/foi-ciro-nogueira-quem-repassou-ameaca-de-braga-netto-a-arthur-lira-dizem-fontes\/","title":{"rendered":"Foi Ciro Nogueira quem repassou amea\u00e7a de Braga Netto a Arthur Lira, dizem fontes"},"content":{"rendered":"<h2>Integrantes do governo e do Congresso garantem que foi o senador Ciro Nogueira (PP-PI) quem repassou a ame\u00e7a do ministro da Defesa, general Braga Netto, &#8220;de que n\u00e3o haveria elei\u00e7\u00f5es em 2022 se n\u00e3o houvesse voto impresso audit\u00e1vel&#8221;, ao presidente da C\u00e2mara, Arthur Lira (PP-AL).<\/h2>\n<p>&nbsp;<\/p>\n<p>Braga Netto, do alto de sua arrog\u00e2ncia e de seu bolsonarismo exacerbado, acreditou que poderia intimidar o Congresso ao amea\u00e7ar o pa\u00eds com um golpe militar. Ciro e Lira, que de bobos n\u00e3o t\u00eam nada, se aproveitaram do fato para disparar um tiro no ministro e nos principais militares que ocupam cargos estrat\u00e9gicos no Planalto.<\/p>\n<p>&nbsp;<\/p>\n<p>Como dizem integrantes do governo, foi a vingan\u00e7a do Centr\u00e3o, que foi levado para o governo pelas m\u00e3os do militar mais pr\u00f3ximo do presidente Jair Bolsonaro, o general Luiz Eduardo Ramos, que est\u00e1 perdendo a Casa\u00a0 Civil para Ciro Nogueira.<\/p>\n<p>&nbsp;<\/p>\n<p>Foi Lira quem fez chegar o del\u00edrio de Braga Netto ao jornal <em>Estado de S. Paulo<\/em>. Os personagens principais desta crise continuar\u00e3o negando oficialmente o que fizeram e falaram. Mas todos sabem que Braga Netto amea\u00e7ou, sim, com um golpe militar. E que tanto Ciro quanto Lira decidiram posar de protetores da democracia.<\/p>\n<p>&nbsp;<\/p>\n<p><em>Bras\u00edlia, 19h35min<\/em><\/p>\n","protected":false},"excerpt":{"rendered":"<p>Integrantes do governo e do Congresso garantem que foi o senador Ciro Nogueira (PP-PI) quem repassou a ame\u00e7a do ministro da Defesa, general Braga Netto, &#8220;de que n\u00e3o haveria elei\u00e7\u00f5es em 2022 se n\u00e3o houvesse voto impresso audit\u00e1vel&#8221;, ao presidente da C\u00e2mara, Arthur Lira (PP-AL). &nbsp; Braga Netto, do alto de sua arrog\u00e2ncia e de [&hellip;]<\/p>\n","protected":false},"author":22,"featured_media":14408,"comment_status":"open","ping_status":"closed","sticky":false,"template":"","format":"standard","meta":{"wpb_read_more":[],"footnotes":""},"categories":[600],"tags":[926,5626,5625,769,2526,2787],"class_list":["post-19992","post","type-post","status-publish","format-standard","has-post-thumbnail","hentry","category-economia","tag-brasilia","tag-dizem-fontes","tag-foi-ciro-nogueira-quem-repassou-ameaca-de-braga-netto-a-arthur-lira","tag-militares","tag-poder","tag-politica"],"_links":{"self":[{"href":"https:\/\/blogs2.correiobraziliense.com.br\/vicente\/wp-json\/wp\/v2\/posts\/19992","targetHints":{"allow":["GET"]}}],"collection":[{"href":"https:\/\/blogs2.correiobraziliense.com.br\/vicente\/wp-json\/wp\/v2\/posts"}],"about":[{"href":"https:\/\/blogs2.correiobraziliense.com.br\/vicente\/wp-json\/wp\/v2\/types\/post"}],"author":[{"embeddable":true,"href":"https:\/\/blogs2.correiobraziliense.com.br\/vicente\/wp-json\/wp\/v2\/users\/22"}],"replies":[{"embeddable":true,"href":"https:\/\/blogs2.correiobraziliense.com.br\/vicente\/wp-json\/wp\/v2\/comments?post=19992"}],"version-history":[{"count":1,"href":"https:\/\/blogs2.correiobraziliense.com.br\/vicente\/wp-json\/wp\/v2\/posts\/19992\/revisions"}],"predecessor-version":[{"id":19993,"href":"https:\/\/blogs2.correiobraziliense.com.br\/vicente\/wp-json\/wp\/v2\/posts\/19992\/revisions\/19993"}],"wp:featuredmedia":[{"embeddable":true,"href":"https:\/\/blogs2.correiobraziliense.com.br\/vicente\/wp-json\/wp\/v2\/media\/14408"}],"wp:attachment":[{"href":"https:\/\/blogs2.correiobraziliense.com.br\/vicente\/wp-json\/wp\/v2\/media?parent=19992"}],"wp:term":[{"taxonomy":"category","embeddable":true,"href":"https:\/\/blogs2.correiobraziliense.com.br\/vicente\/wp-json\/wp\/v2\/categories?post=19992"},{"taxonomy":"post_tag","embeddable":true,"href":"https:\/\/blogs2.correiobraziliense.com.br\/vicente\/wp-json\/wp\/v2\/tags?post=19992"}],"curies":[{"name":"wp","href":"https:\/\/api.w.org\/{rel}","templated":true}]}}