{"id":200,"date":"2015-09-18T11:36:00","date_gmt":"2015-09-18T14:36:00","guid":{"rendered":"https:\/\/blogs2.correiobraziliense.com.br\/vicente\/so_decepcao\/"},"modified":"2015-09-18T11:36:00","modified_gmt":"2015-09-18T14:36:00","slug":"so_decepcao","status":"publish","type":"post","link":"https:\/\/blogs2.correiobraziliense.com.br\/vicente\/so_decepcao\/","title":{"rendered":"S\u00d3 DECEP\u00c7\u00c3O"},"content":{"rendered":"\n<p>O governo tem colhido relatos assustadores do setor produtivo em rela\u00e7\u00e3o aos rumos da economia. \u201cA sensa\u00e7\u00e3o que temos \u00e9 de que estamos no meio do deserto e n\u00e3o vemos nenhuma miragem de salva\u00e7\u00e3o. Para onde quer que se olhe, s\u00f3 h\u00e1 ru\u00ednas\u201d, descreve um empres\u00e1rio que, recentemente, passou pelo Minist\u00e9rio da Fazenda. Para ele, por mais que a equipe do ministro Joaquim Levy se empenhe para melhorar o ambiente de neg\u00f3cios, algum sinal positivo, se vier, ser\u00e1 s\u00f3 no segundo semestre de 2017.&nbsp;Na vis\u00e3o do setor produtivo, o governo perdeu a guerra da comunica\u00e7\u00e3o. Nada do que \u00e9 dito, nenhuma proposta apresentada, tem conseguido reverter a desconfian\u00e7a que se espalhou pelo pa\u00eds. A decep\u00e7\u00e3o com o pacote fiscal apresentado por Levy e pelo ministro do Planejamento, Nelson Barbosa, s\u00f3 refor\u00e7ou o sentimento de que a retra\u00e7\u00e3o da economia vai aumentar. O fundo do po\u00e7o, que todos acreditavam ter sido o segundo trimestre do ano, est\u00e1 longe de ser atingido.&nbsp;Para o empresariado, o pacote de quase R$ 65 bilh\u00f5es, lan\u00e7ado na \u00faltima segunda-feira, n\u00e3o ser\u00e1 suficiente para o cumprimento da meta fiscal de 2016, de 0,7% do Produto Interno Bruto (PIB). A queda da atividade vai tirar muita receita do Tesouro Nacional. Se nada for feito para reverter o pessimismo rapidamente, daqui a dois ou tr\u00eas meses, o governo ter\u00e1 que lan\u00e7ar mais um programa de medidas, que tamb\u00e9m n\u00e3o ter\u00e1 sucesso porque, sem consumo e sem produ\u00e7\u00e3o, n\u00e3o h\u00e1 recolhimento de impostos.&nbsp;\u201cNesse contexto, n\u00e3o h\u00e1 como se falar em ajuste\u201d, admite um t\u00e9cnico do Planejamento. \u201cMais do que cortes no Or\u00e7amento e aumento de tributos, \u00e9 preciso recuperar a credibilidade do governo. E n\u00e3o veremos isso t\u00e3o cedo\u201d, acrescenta. Ele reconhece que o deficit de credibilidade que atormenta a todos decorre das op\u00e7\u00f5es erradas nos \u00faltimos quatro anos e das diverg\u00eancias que t\u00eam prevalecido no Pal\u00e1cio do Planalto e na equipe econ\u00f4mica. \u201cSe dentro do governo n\u00e3o h\u00e1 consenso sobre o que deve ser feito, n\u00e3o h\u00e1 como esperar que o setor privado reaja positivamente a qualquer coisa que seja anunciada\u201d, frisa.&nbsp;<b>Pedaladas<\/b> <\/p>\n<p>A tend\u00eancia, segundo o mesmo t\u00e9cnico do Planejamento, \u00e9 de que os agentes econ\u00f4micos se retraiam ainda mais quando forem divulgados os n\u00fameros das contas p\u00fablicas. Com a arrecada\u00e7\u00e3o despencando, n\u00e3o h\u00e1 como o Tesouro fechar este ano com superavit prim\u00e1rio, nem mesmo o 0,15% do Produto Interno Bruto (PIB) com o qual o governo se comprometeu. Sem as pedaladas fiscais, o rombo ser\u00e1 grande, maior do que os R$ 17,7 bilh\u00f5es projetados no caso de se decidir pelo abatimento das despesas com o Programa de Acelera\u00e7\u00e3o do Crescimento (PAC).&nbsp;Quem viu os n\u00fameros de agosto que j\u00e1 est\u00e3o sobre a mesa de Levy reconhece que o quadro \u00e9 de arrepiar. Mas n\u00e3o h\u00e1 mais nada a fazer em rela\u00e7\u00e3o a 2015, que j\u00e1 foi dado como perdido. A determina\u00e7\u00e3o do ministro da Fazenda \u00e9 tentar salvar o pr\u00f3ximo ano. Contudo, a cada dia que passa, 2016 vai ficando mais no vermelho. N\u00e3o por acaso, a Contribui\u00e7\u00e3o Provis\u00f3ria sobre Movimenta\u00e7\u00e3o Financeira (CPMF), que dificilmente ser\u00e1 aprovada nos pr\u00f3ximos tr\u00eas meses, se transformou em quest\u00e3o de vida ou morte para o governo.<i> <\/p>\n<p><\/i><i>Bras\u00edlia, 11h35min<\/i>   <\/p>\n","protected":false},"excerpt":{"rendered":"<p>O governo tem colhido relatos assustadores do setor produtivo em rela\u00e7\u00e3o aos rumos da economia. \u201cA sensa\u00e7\u00e3o que temos \u00e9 de que estamos no meio do deserto e n\u00e3o vemos nenhuma miragem de salva\u00e7\u00e3o. Para onde quer que se olhe, s\u00f3 h\u00e1 ru\u00ednas\u201d, descreve um empres\u00e1rio que, recentemente, passou pelo Minist\u00e9rio da Fazenda. Para ele, [&hellip;]<\/p>\n","protected":false},"author":22,"featured_media":0,"comment_status":"open","ping_status":"open","sticky":false,"template":"","format":"standard","meta":{"wpb_read_more":[],"footnotes":""},"categories":[1],"tags":[],"class_list":["post-200","post","type-post","status-publish","format-standard","hentry","category-sem-categoria"],"_links":{"self":[{"href":"https:\/\/blogs2.correiobraziliense.com.br\/vicente\/wp-json\/wp\/v2\/posts\/200","targetHints":{"allow":["GET"]}}],"collection":[{"href":"https:\/\/blogs2.correiobraziliense.com.br\/vicente\/wp-json\/wp\/v2\/posts"}],"about":[{"href":"https:\/\/blogs2.correiobraziliense.com.br\/vicente\/wp-json\/wp\/v2\/types\/post"}],"author":[{"embeddable":true,"href":"https:\/\/blogs2.correiobraziliense.com.br\/vicente\/wp-json\/wp\/v2\/users\/22"}],"replies":[{"embeddable":true,"href":"https:\/\/blogs2.correiobraziliense.com.br\/vicente\/wp-json\/wp\/v2\/comments?post=200"}],"version-history":[{"count":0,"href":"https:\/\/blogs2.correiobraziliense.com.br\/vicente\/wp-json\/wp\/v2\/posts\/200\/revisions"}],"wp:attachment":[{"href":"https:\/\/blogs2.correiobraziliense.com.br\/vicente\/wp-json\/wp\/v2\/media?parent=200"}],"wp:term":[{"taxonomy":"category","embeddable":true,"href":"https:\/\/blogs2.correiobraziliense.com.br\/vicente\/wp-json\/wp\/v2\/categories?post=200"},{"taxonomy":"post_tag","embeddable":true,"href":"https:\/\/blogs2.correiobraziliense.com.br\/vicente\/wp-json\/wp\/v2\/tags?post=200"}],"curies":[{"name":"wp","href":"https:\/\/api.w.org\/{rel}","templated":true}]}}