{"id":20004,"date":"2021-07-27T10:08:29","date_gmt":"2021-07-27T13:08:29","guid":{"rendered":"https:\/\/blogs2.correiobraziliense.com.br\/vicente\/?p=20004"},"modified":"2021-07-27T10:19:24","modified_gmt":"2021-07-27T13:19:24","slug":"fmi-melhora-pib-do-brasil-em-2021-mas-piora-o-de-2022","status":"publish","type":"post","link":"https:\/\/blogs2.correiobraziliense.com.br\/vicente\/fmi-melhora-pib-do-brasil-em-2021-mas-piora-o-de-2022\/","title":{"rendered":"FMI melhora PIB do Brasil em 2021, mas piora o de 2022"},"content":{"rendered":"<h2><span style=\"font-weight: 400\">ROSANA HESSEL<\/span><\/h2>\n<h2><span style=\"font-weight: 400\">O Fundo Monet\u00e1rio Internacional (FMI) elevou em 1,6 ponto percentual a previs\u00e3o de crescimento do Produto Interno Bruto (PIB) brasileiro de 2021, de 3,7% para 5,3%, em linha com as proje\u00e7\u00f5es do mercado mas abaixo da m\u00e9dia global, de 6%. Para 2022, reduziu de 2,6% para 1,9% as estimativas de expans\u00e3o do pa\u00eds.\u00a0<\/span><\/h2>\n<p>&nbsp;<\/p>\n<p><span style=\"font-weight: 400\">A nova estimativa faz parte da atualiza\u00e7\u00e3o das previs\u00f5es do Panorama Econ\u00f4mico Global (WEO, na sigla em ingl\u00eas) divulgado em abril pelo FMI, que costuma ocorrer tr\u00eas meses depois do relat\u00f3rio. O documento divulgado nesta ter\u00e7a-feira (27\/7) pelo organismo multilateral manteve em 6% a previs\u00e3o de crescimento mundial neste ano e elevou de 4,4% para 4,9% a expectativa de expans\u00e3o global do ano que vem.<\/span><\/p>\n<p>&nbsp;<\/p>\n<p><span style=\"font-weight: 400\">O FMI melhorou as previs\u00f5es de crescimento dos Estados Unidos tanto de 2021 quanto de 2022, passando de 5,1% para 5,6% e de 3,6% para 4,4%, respectivamente.\u00a0<\/span><span style=\"font-weight: 400\">Em rela\u00e7\u00e3o \u00e0s economias emergentes, o Fundo reduziu em 0,4 ponto percentual a previs\u00e3o de crescimento deste ano, para 6,3%. Essa redu\u00e7\u00e3o ocorreu devido, principalmente, \u00e0 redu\u00e7\u00e3o em 0,3 ponto percentual da proje\u00e7\u00e3o para a expans\u00e3o do PIB chin\u00eas, principal motor da economia global, para 8,1%. J\u00e1 a perspectiva\u00a0 para o PIB indiano encolheu 3 pontos percentuais, para 9,5% ponto percentuais. para 2022, o Fundo elevou de 5% para 5,2% a previs\u00e3o de alta do PIB dos emergentes.\u00a0<\/span><\/p>\n<p>&nbsp;<\/p>\n<p><span style=\"font-weight: 400\">Em rela\u00e7\u00e3o \u00e0 Am\u00e9rica Latina, o FMI melhorou a previs\u00e3o de expans\u00e3o do PIB regional de 2021 em 1,2 ponto percentual, para 5,8%, acima da previs\u00e3o de alta do PIB brasileiro, que continuar\u00e1 com desempenho inferior \u00e0 m\u00e9dia global, \u00e0 m\u00e9dia dos emergentes e \u00e0 m\u00e9dia regional. O<\/span><span style=\"font-weight: 400\">\u00a0Brasil tamb\u00e9m dever\u00e1 crescer menos do que o M\u00e9xico neste ano e no pr\u00f3ximo, pois o Fundo elevou de 5% para 6,3% a perspectiva de expans\u00e3o do pa\u00eds latino-americano em 2021 e revisou de 3% para 4,2% a previs\u00e3o de alta do PIB mexicano em 2022 .<\/span><\/p>\n<p>&nbsp;<\/p>\n<p><span style=\"font-weight: 400\">De acordo com o Fundo, as novas perspectivas apontam linhas divergentes de recupera\u00e7\u00e3o entre os pa\u00edses devido aos avan\u00e7os desiguais da vacina\u00e7\u00e3o desde abril de 2021, quando o Fundo divulgou a previs\u00e3o anterior.\u00a0 \u201cO acesso \u00e0 vacina surgiu como a principal falha na qual a recupera\u00e7\u00e3o global se divide em dois blocos: aqueles que podem esperar uma maior normaliza\u00e7\u00e3o da atividade ainda este ano (quase todos avan\u00e7ados\u00a0<\/span><span style=\"font-weight: 400\">economias) e aqueles que ainda enfrentar\u00e3o o ressurgimento de infec\u00e7\u00f5es e o aumento do n\u00famero de mortes de covid-19. A recupera\u00e7\u00e3o, no entanto, n\u00e3o \u00e9 garantida, mesmo em pa\u00edses onde as infec\u00e7\u00f5es s\u00e3o atualmente muito baixas, desde que o v\u00edrus circule em outros lugares\u201d, alertou o documento.<\/span><\/p>\n","protected":false},"excerpt":{"rendered":"<p>ROSANA HESSEL O Fundo Monet\u00e1rio Internacional (FMI) elevou em 1,6 ponto percentual a previs\u00e3o de crescimento do Produto Interno Bruto (PIB) brasileiro de 2021, de 3,7% para 5,3%, em linha com as proje\u00e7\u00f5es do mercado mas abaixo da m\u00e9dia global, de 6%. Para 2022, reduziu de 2,6% para 1,9% as estimativas de expans\u00e3o do pa\u00eds.\u00a0 [&hellip;]<\/p>\n","protected":false},"author":22,"featured_media":16216,"comment_status":"open","ping_status":"closed","sticky":false,"template":"","format":"standard","meta":{"wpb_read_more":[],"footnotes":""},"categories":[600],"tags":[5349,2250,5631,58,5630],"class_list":["post-20004","post","type-post","status-publish","format-standard","has-post-thumbnail","hentry","category-economia","tag-economia-global","tag-fmi","tag-novas-projecoes","tag-pib","tag-previsao"],"_links":{"self":[{"href":"https:\/\/blogs2.correiobraziliense.com.br\/vicente\/wp-json\/wp\/v2\/posts\/20004","targetHints":{"allow":["GET"]}}],"collection":[{"href":"https:\/\/blogs2.correiobraziliense.com.br\/vicente\/wp-json\/wp\/v2\/posts"}],"about":[{"href":"https:\/\/blogs2.correiobraziliense.com.br\/vicente\/wp-json\/wp\/v2\/types\/post"}],"author":[{"embeddable":true,"href":"https:\/\/blogs2.correiobraziliense.com.br\/vicente\/wp-json\/wp\/v2\/users\/22"}],"replies":[{"embeddable":true,"href":"https:\/\/blogs2.correiobraziliense.com.br\/vicente\/wp-json\/wp\/v2\/comments?post=20004"}],"version-history":[{"count":2,"href":"https:\/\/blogs2.correiobraziliense.com.br\/vicente\/wp-json\/wp\/v2\/posts\/20004\/revisions"}],"predecessor-version":[{"id":20006,"href":"https:\/\/blogs2.correiobraziliense.com.br\/vicente\/wp-json\/wp\/v2\/posts\/20004\/revisions\/20006"}],"wp:featuredmedia":[{"embeddable":true,"href":"https:\/\/blogs2.correiobraziliense.com.br\/vicente\/wp-json\/wp\/v2\/media\/16216"}],"wp:attachment":[{"href":"https:\/\/blogs2.correiobraziliense.com.br\/vicente\/wp-json\/wp\/v2\/media?parent=20004"}],"wp:term":[{"taxonomy":"category","embeddable":true,"href":"https:\/\/blogs2.correiobraziliense.com.br\/vicente\/wp-json\/wp\/v2\/categories?post=20004"},{"taxonomy":"post_tag","embeddable":true,"href":"https:\/\/blogs2.correiobraziliense.com.br\/vicente\/wp-json\/wp\/v2\/tags?post=20004"}],"curies":[{"name":"wp","href":"https:\/\/api.w.org\/{rel}","templated":true}]}}