{"id":20007,"date":"2021-07-27T17:25:04","date_gmt":"2021-07-27T20:25:04","guid":{"rendered":"https:\/\/blogs2.correiobraziliense.com.br\/vicente\/?p=20007"},"modified":"2021-07-28T10:56:57","modified_gmt":"2021-07-28T13:56:57","slug":"integrantes-da-pf-se-revoltam-com-desconfianca-de-joice-sobre-a-corporacao","status":"publish","type":"post","link":"https:\/\/blogs2.correiobraziliense.com.br\/vicente\/integrantes-da-pf-se-revoltam-com-desconfianca-de-joice-sobre-a-corporacao\/","title":{"rendered":"Integrantes da PF se revoltam com desconfian\u00e7a de Joice sobre a corpora\u00e7\u00e3o"},"content":{"rendered":"<h2>RENATO SOUZA<\/h2>\n<h2><\/h2>\n<h2>As cr\u00edticas da deputada federal Joice Hasselmann (PSL-SP) \u00e0 Pol\u00edcia Federal geraram inc\u00f4modo dentro da corpora\u00e7\u00e3o. Em uma entrevista coletiva, realizada no domingo (25\/07), a parlamentar afirmou que n\u00e3o procurou a institui\u00e7\u00e3o, ap\u00f3s identificar les\u00f5es pelo corpo, por temer interfer\u00eancias do Pal\u00e1cio do Planalto nas investiga\u00e7\u00f5es.<\/h2>\n<p>&nbsp;<\/p>\n<p>Joice declarou que confia na atua\u00e7\u00e3o da PF, mas, ao mesmo tempo, teme interfer\u00eancia pol\u00edtica do governo. \u201cEu confio na institui\u00e7\u00e3o PF. Eu n\u00e3o confio \u00e9 em alguma pessoas espec\u00edficas e na poss\u00edvel interfer\u00eancia do governo na PF. Eu tenho receio de que o Planalto fa\u00e7a uma interfer\u00eancia. O GSI j\u00e1 est\u00e1 envolvido em uma tramoia\u201d, disse.<\/p>\n<p>&nbsp;<\/p>\n<p>Ela destacou ainda que tem defendido a autonomia da institui\u00e7\u00e3o policial. &#8220;O pedido de impeachment que eu apresentei contra o presidente Jair Bolsonaro \u00e9 justamente por interfer\u00eancia na PF. Todos sabem que ele interferiu&#8221;, completou a deputada.<\/p>\n<p>&nbsp;<\/p>\n<p>Em nota p\u00fablica, o presidente da Federa\u00e7\u00e3o Nacional dos Policiais Federais (Fenapef), Lu\u00eds Ant\u00f4nio Boudens, rebateu as declara\u00e7\u00f5es. &#8220;\u00c9 lament\u00e1vel e incompreens\u00edvel a fala da deputada Joice Hasselmann sobre a Pol\u00edcia Federal, entidade respeitada pela sociedade brasileira e que trabalha todos os dias pela Seguran\u00e7a P\u00fablica&#8221;, ressalta.<\/p>\n","protected":false},"excerpt":{"rendered":"<p>RENATO SOUZA As cr\u00edticas da deputada federal Joice Hasselmann (PSL-SP) \u00e0 Pol\u00edcia Federal geraram inc\u00f4modo dentro da corpora\u00e7\u00e3o. Em uma entrevista coletiva, realizada no domingo (25\/07), a parlamentar afirmou que n\u00e3o procurou a institui\u00e7\u00e3o, ap\u00f3s identificar les\u00f5es pelo corpo, por temer interfer\u00eancias do Pal\u00e1cio do Planalto nas investiga\u00e7\u00f5es. &nbsp; Joice declarou que confia na atua\u00e7\u00e3o [&hellip;]<\/p>\n","protected":false},"author":22,"featured_media":20008,"comment_status":"open","ping_status":"closed","sticky":false,"template":"","format":"standard","meta":{"wpb_read_more":[],"footnotes":""},"categories":[600],"tags":[926,5632,2526,2498],"class_list":["post-20007","post","type-post","status-publish","format-standard","has-post-thumbnail","hentry","category-economia","tag-brasilia","tag-integrantes-da-pf-se-revoltam-com-desconfianca-de-joice-sobre-a-corporacao","tag-poder","tag-policia"],"_links":{"self":[{"href":"https:\/\/blogs2.correiobraziliense.com.br\/vicente\/wp-json\/wp\/v2\/posts\/20007","targetHints":{"allow":["GET"]}}],"collection":[{"href":"https:\/\/blogs2.correiobraziliense.com.br\/vicente\/wp-json\/wp\/v2\/posts"}],"about":[{"href":"https:\/\/blogs2.correiobraziliense.com.br\/vicente\/wp-json\/wp\/v2\/types\/post"}],"author":[{"embeddable":true,"href":"https:\/\/blogs2.correiobraziliense.com.br\/vicente\/wp-json\/wp\/v2\/users\/22"}],"replies":[{"embeddable":true,"href":"https:\/\/blogs2.correiobraziliense.com.br\/vicente\/wp-json\/wp\/v2\/comments?post=20007"}],"version-history":[{"count":5,"href":"https:\/\/blogs2.correiobraziliense.com.br\/vicente\/wp-json\/wp\/v2\/posts\/20007\/revisions"}],"predecessor-version":[{"id":20016,"href":"https:\/\/blogs2.correiobraziliense.com.br\/vicente\/wp-json\/wp\/v2\/posts\/20007\/revisions\/20016"}],"wp:featuredmedia":[{"embeddable":true,"href":"https:\/\/blogs2.correiobraziliense.com.br\/vicente\/wp-json\/wp\/v2\/media\/20008"}],"wp:attachment":[{"href":"https:\/\/blogs2.correiobraziliense.com.br\/vicente\/wp-json\/wp\/v2\/media?parent=20007"}],"wp:term":[{"taxonomy":"category","embeddable":true,"href":"https:\/\/blogs2.correiobraziliense.com.br\/vicente\/wp-json\/wp\/v2\/categories?post=20007"},{"taxonomy":"post_tag","embeddable":true,"href":"https:\/\/blogs2.correiobraziliense.com.br\/vicente\/wp-json\/wp\/v2\/tags?post=20007"}],"curies":[{"name":"wp","href":"https:\/\/api.w.org\/{rel}","templated":true}]}}