{"id":20067,"date":"2021-07-30T09:59:50","date_gmt":"2021-07-30T12:59:50","guid":{"rendered":"https:\/\/blogs2.correiobraziliense.com.br\/vicente\/?p=20067"},"modified":"2021-07-30T16:54:55","modified_gmt":"2021-07-30T19:54:55","slug":"desemprego-atinge-148-milhoes-de-brasileiros-e-taxa-fica-em-146","status":"publish","type":"post","link":"https:\/\/blogs2.correiobraziliense.com.br\/vicente\/desemprego-atinge-148-milhoes-de-brasileiros-e-taxa-fica-em-146\/","title":{"rendered":"Desemprego atinge 14,8 milh\u00f5es de brasileiros e taxa fica em 14,6%"},"content":{"rendered":"<h2>ROSANA HESSEL<\/h2>\n<h2>A taxa de desemprego no trimestre m\u00f3vel de mar\u00e7o a maio de 2021 ficou em 14,6%, o que representa 14,8 milh\u00f5es de brasileiros desocupados, conforme dados da Pesquisa Nacional por Amostra de Domic\u00edlio (Pnad) Cont\u00ednua, divulgados nesta sexta-feira (30\/07) pelo\u00a0Instituto Brasileiro de Geografia e Estat\u00edstica (IBGE).\u00a0\u00a0O \u00f3rg\u00e3o apontou subutiliza\u00e7\u00e3o recorde para o per\u00edodo e aumento da informalidade.<\/h2>\n<p>&nbsp;<\/p>\n<p>O contingente de desempregados apresentou crescimento de 16,4% na compara\u00e7\u00e3o com o mesmo trimestre m\u00f3vel de 2020, ou seja, mais de 2,1 milh\u00f5es de pessoas perderam emprego em um ano. A taxa de 14,6% \u00e9 a maior para o per\u00edodo desde o in\u00edcio da s\u00e9rie hist\u00f3rica da Pnad, em 2012. O total de desocupados tamb\u00e9m \u00e9 recorde para o trimestre m\u00f3vel encerrado em maio, conforme os dados do IBGE.<\/p>\n<p>&nbsp;<\/p>\n<p>Naquele per\u00edodo, foram registrados 12,7 milh\u00f5es de desocupados e a taxa de desemprego estava em 12,9%. Em rela\u00e7\u00e3o ao trimestre encerrado em fevereiro, quando a taxa estava em 14,4%, houve um leve aumento no contingente de pessoas procurando emprego, de 14,4 milh\u00f5es para 14,8 milh\u00f5es.<\/p>\n<p>&nbsp;<\/p>\n<p>A taxa de subutiliza\u00e7\u00e3o ficou em 29,3% da for\u00e7a de trabalho, o maior patamar para o per\u00edodo desde o in\u00edcio da s\u00e9rie hist\u00f3rica do IBGE, iniciada em 2012. Segundo o \u00f3rg\u00e3o, o dado ficou est\u00e1vel na compara\u00e7\u00e3o com o trimestre encerrado em fevereiro mas acima do registrado no mesmo trimestre de 2020, de 27,5%, somando 32,9 milh\u00f5es de pessoas. Houve aumento de 8,5% &#8212; mais de 2,6 milh\u00f5es de subutilizados &#8212; na compara\u00e7\u00e3o anual.<\/p>\n<p>&nbsp;<\/p>\n<p>A popula\u00e7\u00e3o subocupada por insufici\u00eancia de horas trabalhadas tamb\u00e9m foi recorde da s\u00e9rie, somando 7,36 milh\u00f5es de pessoas, com alta de 27,2% na compara\u00e7\u00e3o anual e de 6,8% em rela\u00e7\u00e3o ao trimestre anterior.<\/p>\n<p>&nbsp;<\/p>\n<p>O rendimento m\u00e9dio encolheu no trimestre m\u00f3vel, pois ficou em R$ 2.547, entre mar\u00e7o e maio, dado abaixo dos R$ 2.632 contabilizados no mesmo intervalo de 2020 e dos R$ 2.573 registrados de dezembro a fevereiro. O IBGE n\u00e3o registrou aumento nos rendimentos em nenhuma das atividades pesquisadas e uma das maiores quedas foi na ind\u00fastria, que costuma ter as melhores remunera\u00e7\u00f5es, de 5,7%, na compara\u00e7\u00e3o com o trimestre anterior, e de 11,9%, na compara\u00e7\u00e3o anual.<\/p>\n<p>&nbsp;<\/p>\n<p><strong>Desalento<\/strong><\/p>\n<p>&nbsp;<\/p>\n<p>Os dados do IBGE mostram que a popula\u00e7\u00e3o desalentada ficou est\u00e1vel em rela\u00e7\u00e3o ao trimestre m\u00f3vel anterior, segundo o IBGE, somando 5,7 milh\u00f5es de brasileiros, e cresceu 5,5% na compara\u00e7\u00e3o com o mesmo per\u00edodo de 2020, quando registrou 5,4 milh\u00f5es de pessoas que desistiram de procurar emprego.<\/p>\n<p>&nbsp;<\/p>\n<p>Especialistas destacam que a metodologia correta para medir o desemprego seria somar os 5,3% desalentados ao total de desocupados, para assim, ter uma verdadeira taxa de desemprego. Nesse caso, seriam, na verdade, 20,5 milh\u00f5es de brasileiros sem emprego e uma taxa de 20,1% desocupados.<\/p>\n<p>&nbsp;<\/p>\n<p>O contingente de pessoas ocupadas, de 86,7 milh\u00f5es de pessoas entre mar\u00e7o e maio, cresceu 0,9% em rela\u00e7\u00e3o ao trimestre m\u00f3vel anterior, mas ficou est\u00e1vel na compara\u00e7\u00e3o com o mesmo trimestre de 2020. O n\u00edvel de ocupa\u00e7\u00e3o atingiu o menor patamar da s\u00e9rie hist\u00f3rica, ficando em 48,9%, dado est\u00e1vel na compara\u00e7\u00e3o da taxa de dezembro a fevereiro (48,6%), mas abaixo dos 49,5% no mesmo intervalo do ano passado.<\/p>\n<p>&nbsp;<\/p>\n<p>A popula\u00e7\u00e3o fora da for\u00e7a de trabalho somou\u00a075,8 milh\u00f5es de pessoas, e ficou est\u00e1vel nas duas compara\u00e7\u00f5es, de acordo com o IBGE.<\/p>\n<p>&nbsp;<\/p>\n<p>&nbsp;<\/p>\n<p><strong>Queda na formalidade<\/strong><\/p>\n<p>&nbsp;<\/p>\n<p>Na contram\u00e3o dos dados do Cadastro Geral de Empregados e Desempregados (Caged) &#8212; que est\u00e1 deixando o Minist\u00e9rio da Economia e ficar\u00e1 subordinado ao novo Minist\u00e9rio do Trabalho e Previd\u00eancia e apontaram cria\u00e7\u00e3o de 1,5 milh\u00e3o de vagas no primeiro semestre, um dado considerado controverso e sem hist\u00f3rico claro para ser analisado &#8211;, os dados da Pnad apontam queda de 4,2% no n\u00famero de empregados com carteira de trabalho assinada no setor privado (exclusive trabalhadores dom\u00e9sticos), na compara\u00e7\u00e3o com o mesmo per\u00edodo de 2020, para 29,8 milh\u00f5es de pessoas. Segundo o IBGE foram 1,3 milh\u00e3o de pessoas com emprego formal a menos no per\u00edodo.<\/p>\n<p>&nbsp;<\/p>\n<p>A taxa de informalidade cresceu e ficou em 40% da popula\u00e7\u00e3o ocupada, chegando a 34,7 milh\u00f5es de trabalhadores informais. No trimestre anterior, esse percentual ficou em 39,6% e, no mesmo trimestre de 2020, em 37,6%.<\/p>\n<p>&nbsp;<\/p>\n<p>O n\u00famero de empregados sem carteira assinada no setor privado somou 9,8 milh\u00f5es, dado que ficou est\u00e1vel na compara\u00e7\u00e3o com o trimestre encerrado em fevereiro, mas que cresceu 6,4% (mais 586 mil pessoas) em rela\u00e7\u00e3o ao mesmo trimestre de 2020.<\/p>\n<p>&nbsp;<\/p>\n<p>O contingente de trabalhadores aut\u00f4nomos cresceu 3% frente ao trimestre anterior e 8,7% na compara\u00e7\u00e3o anual, somando 24,4 milh\u00f5es de pessoas. J\u00e1 o n\u00famero de trabalhadores dom\u00e9sticos ficou est\u00e1vel nas duas compara\u00e7\u00f5es, somando 5 milh\u00f5es.<\/p>\n<p>&nbsp;<\/p>\n<p>O n\u00famero de empregadores caiu 7,7% na compara\u00e7\u00e3o anual, somando 3,7 milh\u00f5es de pessoas. Segundo dados do instituto, o total de empregadores com CNPJ, de 3,1 milh\u00f5es, encolheu 7,8% em rela\u00e7\u00e3o ao mesmo trimestre de 2020, e \u00e9 o mais baixo da s\u00e9rie iniciada em 2016.<\/p>\n<p>&nbsp;<\/p>\n<p>&nbsp;<\/p>\n","protected":false},"excerpt":{"rendered":"<p>ROSANA HESSEL A taxa de desemprego no trimestre m\u00f3vel de mar\u00e7o a maio de 2021 ficou em 14,6%, o que representa 14,8 milh\u00f5es de brasileiros desocupados, conforme dados da Pesquisa Nacional por Amostra de Domic\u00edlio (Pnad) Cont\u00ednua, divulgados nesta sexta-feira (30\/07) pelo\u00a0Instituto Brasileiro de Geografia e Estat\u00edstica (IBGE).\u00a0\u00a0O \u00f3rg\u00e3o apontou subutiliza\u00e7\u00e3o recorde para o per\u00edodo [&hellip;]<\/p>\n","protected":false},"author":22,"featured_media":12891,"comment_status":"open","ping_status":"closed","sticky":false,"template":"","format":"standard","meta":{"wpb_read_more":[],"footnotes":""},"categories":[600],"tags":[71,391,2310,4510,5637,825],"class_list":["post-20067","post","type-post","status-publish","format-standard","has-post-thumbnail","hentry","category-economia","tag-desemprego","tag-ibge","tag-mercado-de-trabalho","tag-pandemia","tag-pnad","tag-pnad-continua"],"_links":{"self":[{"href":"https:\/\/blogs2.correiobraziliense.com.br\/vicente\/wp-json\/wp\/v2\/posts\/20067","targetHints":{"allow":["GET"]}}],"collection":[{"href":"https:\/\/blogs2.correiobraziliense.com.br\/vicente\/wp-json\/wp\/v2\/posts"}],"about":[{"href":"https:\/\/blogs2.correiobraziliense.com.br\/vicente\/wp-json\/wp\/v2\/types\/post"}],"author":[{"embeddable":true,"href":"https:\/\/blogs2.correiobraziliense.com.br\/vicente\/wp-json\/wp\/v2\/users\/22"}],"replies":[{"embeddable":true,"href":"https:\/\/blogs2.correiobraziliense.com.br\/vicente\/wp-json\/wp\/v2\/comments?post=20067"}],"version-history":[{"count":16,"href":"https:\/\/blogs2.correiobraziliense.com.br\/vicente\/wp-json\/wp\/v2\/posts\/20067\/revisions"}],"predecessor-version":[{"id":20085,"href":"https:\/\/blogs2.correiobraziliense.com.br\/vicente\/wp-json\/wp\/v2\/posts\/20067\/revisions\/20085"}],"wp:featuredmedia":[{"embeddable":true,"href":"https:\/\/blogs2.correiobraziliense.com.br\/vicente\/wp-json\/wp\/v2\/media\/12891"}],"wp:attachment":[{"href":"https:\/\/blogs2.correiobraziliense.com.br\/vicente\/wp-json\/wp\/v2\/media?parent=20067"}],"wp:term":[{"taxonomy":"category","embeddable":true,"href":"https:\/\/blogs2.correiobraziliense.com.br\/vicente\/wp-json\/wp\/v2\/categories?post=20067"},{"taxonomy":"post_tag","embeddable":true,"href":"https:\/\/blogs2.correiobraziliense.com.br\/vicente\/wp-json\/wp\/v2\/tags?post=20067"}],"curies":[{"name":"wp","href":"https:\/\/api.w.org\/{rel}","templated":true}]}}