{"id":20100,"date":"2021-08-03T11:21:03","date_gmt":"2021-08-03T14:21:03","guid":{"rendered":"https:\/\/blogs2.correiobraziliense.com.br\/vicente\/?p=20100"},"modified":"2021-08-03T11:41:39","modified_gmt":"2021-08-03T14:41:39","slug":"comsefaz-reforca-rejeicao-a-nova-versao-do-substitutivo-da-reforma-do-ir","status":"publish","type":"post","link":"https:\/\/blogs2.correiobraziliense.com.br\/vicente\/comsefaz-reforca-rejeicao-a-nova-versao-do-substitutivo-da-reforma-do-ir\/","title":{"rendered":"Comsefaz refor\u00e7a rejei\u00e7\u00e3o \u00e0 nova vers\u00e3o do substitutivo da reforma do IR"},"content":{"rendered":"<h2>ROSANA HESSEL<\/h2>\n<h2><\/h2>\n<h2>O Comit\u00ea Nacional dos Secret\u00e1rios de Fazenda dos Estados e do Distrito Federal (Comsefaz) divulgou, nesta ter\u00e7a-feira (3\/8) uma nova carta aberta pedindo a rejei\u00e7\u00e3o da nova vers\u00e3o do substitutivo do deputado Celso Sabino (PSDB-PA) ao Projeto de Lei 2337\/2021, que altera a tributa\u00e7\u00e3o do Imposto de Renda.<\/h2>\n<p>&nbsp;<\/p>\n<p>O documento, assinado pelo diretor-institucional do Comsefaz, Andr\u00e9 Horta, destacou que a nova vers\u00e3o do substitutivo, apresentada ontem a parlamentares \u201ccontinua prevendo a subtra\u00e7\u00e3o de receitas de estados e munic\u00edpios e criando um horizonte de manifesta insolv\u00eancia fiscal aos entes subnacionais\u201d e, al\u00e9m disso, mant\u00e9m as perdas para estados e munic\u00edpios em torno de R$ 26,1 bilh\u00f5es, a partir do ano de 2023.<\/p>\n<p>&nbsp;<\/p>\n<p>\u201cPostulamos a rejei\u00e7\u00e3o dos termos atuais do substitutivo para poder garantir \u00e0 popula\u00e7\u00e3o brasileira dignidade e servi\u00e7os p\u00fablicos que condigam com a express\u00e3o das vontades democr\u00e1ticas que nos conduziram \u00e0s atuais gest\u00f5es das administra\u00e7\u00f5es p\u00fablicas subnacionais\u201d, informou o Comsefaz.<\/p>\n<p>&nbsp;<\/p>\n<p>O PL 2.337\/2021 est\u00e1 na pauta da sess\u00e3o plen\u00e1ria da C\u00e2mara dos Deputados marcada de hoje e Sabino pretende apresentar uma terceira vers\u00e3o do seu relat\u00f3rio \u00e0s 12h30 para os l\u00edderes durante reuni\u00e3o na resid\u00eancia oficial da presid\u00eancia da Casa. Para o Comit\u00ea, provavelmente, o relator n\u00e3o dever\u00e1 mudar essa quest\u00e3o das perdas dos entes federativos no terceiro relat\u00f3rio.<\/p>\n<p>&nbsp;<\/p>\n<p>Os secret\u00e1rios de Fazenda dos estados e do Distrito Federal tinham publicado uma carta <a href=\"https:\/\/blogs2.correiobraziliense.com.br\/vicente\/comsefaz-pede-em-carta-rejeicao-integral-do-substitutivo-da-reforma-do-ir\/\">sugerindo a rejei\u00e7\u00e3o integral da primeira vers\u00e3o do substitutivo de Sabino,<\/a> apresentada em 13 de julho, alegando que a proposta agravava os problemas do federalismo brasileiro, concentrando ainda mais recursos p\u00fablicos na Uni\u00e3o &#8220;e sujeitando os entes nacionais a um desequil\u00edbrio fiscal insustent\u00e1vel\u201d.<\/p>\n<p>&nbsp;<\/p>\n<p>Na semana passada, o relator esteve reunido com os secret\u00e1rios estaduais de Fazenda, que apontaram a tributa\u00e7\u00e3o sobre lucros e dividendos como forma de compensar a redu\u00e7\u00e3o da al\u00edquota do IRPJ de 25% para 20%, que afeta diretamente as receitas de Estados e Munic\u00edpios porque o IR forma a base do Fundo de Participa\u00e7\u00e3o dos Estados (FPE) e o Fundo de Participa\u00e7\u00e3o dos Munic\u00edpios (FPM).<\/p>\n<p>&nbsp;<\/p>\n<p>De acordo com os secret\u00e1rios, a\u00a0Contribui\u00e7\u00e3o Social sobre o Lucro L\u00edquido (CSLL) \u00e9 a vari\u00e1vel federativa correta para adicionais ajustes que a relatoria por ventura considere necess\u00e1rios e sua receita pertence somente \u00e0 Uni\u00e3o, o ente que arrecada mais de dois ter\u00e7os das receitas tribut\u00e1rias do pa\u00eds. Na reuni\u00e3o, Sabino rejeitou a ideia de aumentar a tributa\u00e7\u00e3o sobre a CSLL, mas garantiu que faria ajustes no texto para que Estados e Munic\u00edpios n\u00e3o tivessem perdas com a reforma do IR.<\/p>\n<p>&nbsp;<\/p>\n<p>De acordo com a carta, o texto apresentado pelo relator ontem apontava o contr\u00e1rio. \u201cA \u00faltima vers\u00e3o do substitutivo, ao ceder aos\u00a0des\u00edgnios de grupos de press\u00e3o de maior poder de representa\u00e7\u00e3o, alargou isen\u00e7\u00f5es tecnicamente n\u00e3o justific\u00e1veis e resultar\u00e1 em redu\u00e7\u00e3o de arrecada\u00e7\u00e3o para todos os entes, pondo em xeque o financiamento dos servi\u00e7os p\u00fablicos futuros\u201d, informou a carta.<\/p>\n<p>&nbsp;<\/p>\n","protected":false},"excerpt":{"rendered":"<p>ROSANA HESSEL O Comit\u00ea Nacional dos Secret\u00e1rios de Fazenda dos Estados e do Distrito Federal (Comsefaz) divulgou, nesta ter\u00e7a-feira (3\/8) uma nova carta aberta pedindo a rejei\u00e7\u00e3o da nova vers\u00e3o do substitutivo do deputado Celso Sabino (PSDB-PA) ao Projeto de Lei 2337\/2021, que altera a tributa\u00e7\u00e3o do Imposto de Renda. &nbsp; O documento, assinado pelo [&hellip;]<\/p>\n","protected":false},"author":22,"featured_media":19579,"comment_status":"open","ping_status":"closed","sticky":false,"template":"","format":"standard","meta":{"wpb_read_more":[],"footnotes":""},"categories":[600],"tags":[5602,5611,5644,5600,1350],"class_list":["post-20100","post","type-post","status-publish","format-standard","has-post-thumbnail","hentry","category-economia","tag-celso-sabino","tag-comsefaz","tag-pl-2337-20","tag-reforma-do-ir","tag-reforma-tributaria"],"_links":{"self":[{"href":"https:\/\/blogs2.correiobraziliense.com.br\/vicente\/wp-json\/wp\/v2\/posts\/20100","targetHints":{"allow":["GET"]}}],"collection":[{"href":"https:\/\/blogs2.correiobraziliense.com.br\/vicente\/wp-json\/wp\/v2\/posts"}],"about":[{"href":"https:\/\/blogs2.correiobraziliense.com.br\/vicente\/wp-json\/wp\/v2\/types\/post"}],"author":[{"embeddable":true,"href":"https:\/\/blogs2.correiobraziliense.com.br\/vicente\/wp-json\/wp\/v2\/users\/22"}],"replies":[{"embeddable":true,"href":"https:\/\/blogs2.correiobraziliense.com.br\/vicente\/wp-json\/wp\/v2\/comments?post=20100"}],"version-history":[{"count":3,"href":"https:\/\/blogs2.correiobraziliense.com.br\/vicente\/wp-json\/wp\/v2\/posts\/20100\/revisions"}],"predecessor-version":[{"id":20104,"href":"https:\/\/blogs2.correiobraziliense.com.br\/vicente\/wp-json\/wp\/v2\/posts\/20100\/revisions\/20104"}],"wp:featuredmedia":[{"embeddable":true,"href":"https:\/\/blogs2.correiobraziliense.com.br\/vicente\/wp-json\/wp\/v2\/media\/19579"}],"wp:attachment":[{"href":"https:\/\/blogs2.correiobraziliense.com.br\/vicente\/wp-json\/wp\/v2\/media?parent=20100"}],"wp:term":[{"taxonomy":"category","embeddable":true,"href":"https:\/\/blogs2.correiobraziliense.com.br\/vicente\/wp-json\/wp\/v2\/categories?post=20100"},{"taxonomy":"post_tag","embeddable":true,"href":"https:\/\/blogs2.correiobraziliense.com.br\/vicente\/wp-json\/wp\/v2\/tags?post=20100"}],"curies":[{"name":"wp","href":"https:\/\/api.w.org\/{rel}","templated":true}]}}