{"id":20109,"date":"2021-08-03T13:10:13","date_gmt":"2021-08-03T16:10:13","guid":{"rendered":"https:\/\/blogs2.correiobraziliense.com.br\/vicente\/?p=20109"},"modified":"2021-08-03T18:48:30","modified_gmt":"2021-08-03T21:48:30","slug":"fala-de-guedes-gera-ruidos-no-mercado-e-duvidas-sobre-a-agenda-liberal","status":"publish","type":"post","link":"https:\/\/blogs2.correiobraziliense.com.br\/vicente\/fala-de-guedes-gera-ruidos-no-mercado-e-duvidas-sobre-a-agenda-liberal\/","title":{"rendered":"Fala de Guedes gera ru\u00eddos no mercado e d\u00favidas sobre a agenda liberal"},"content":{"rendered":"<h2>ROSANA HESSEL<\/h2>\n<h2><\/h2>\n<h2>O ministro da Economia, Paulo Guedes, segue rasgando os manuais do liberalismo econ\u00f4mico enquanto segue integrando o governo Jair Bolsonaro (sem partido), pelo visto, a todo custo. Ao defender novamente um parcelamento no pagamento de precat\u00f3rios &#8212; d\u00edvidas judiciais da Uni\u00e3o &#8212; como moeda de troca para criar o Bolsa Fam\u00edlia turbinado &#8212; novo programa social do governo Jair Bolsonaro &#8211;, o chefe da equipe econ\u00f4mica gerou ru\u00eddos no mercado e fez a Bolsa de Valores de S\u00e3o Paulo (B3) cair e os juros futuros dos t\u00edtulos p\u00fablicos voltarem a subir nesta ter\u00e7a-feira (3\/8), diante do risco de uma pedalada fiscal repaginada e de uma guinada na agenda econ\u00f4mica.<\/h2>\n<h2><\/h2>\n<p><a href=\"https:\/\/www.correiobraziliense.com.br\/economia\/2021\/08\/4941472-devo-nao-nego-pagarei-assim-que-puder-diz-guedes-sobre-precatorios.html\">&#8220;Devo, n\u00e3o nego; pagarei assim que puder&#8221;, afirmou Guedes, durante debate virtual promovido pelo site Poder360<\/a> sobre a Proposta de Emenda Constitucional (PEC) defendida pelo ministro e que est\u00e1 sendo preparada pela equipe econ\u00f4mica propondo o parcelamento de parte dessas d\u00edvidas da Uni\u00e3o em at\u00e9 dez anos. Ontem, <a href=\"https:\/\/www.correiobraziliense.com.br\/economia\/2021\/08\/4941365-paulo-guedes-e-ministros-discutem-pec-para-parcelar-precatorios.html\">o chefe da equipe econ\u00f4mica apresentou um esbo\u00e7o da proposta aos presidentes da C\u00e2mara, Arthur Lira (PP-AL) e do Senado, Rodrigo Pacheco (DEM-MG)<\/a> como uma esp\u00e9cie de moeda de troca para financiar o Bolsa Fam\u00edlia, sem dar muitos detalhes de valores do programa de assist\u00eancia social.<\/p>\n<p>&nbsp;<\/p>\n<p>O especialista em contas p\u00fablicas Felipe Salto, diretor executivo da Institui\u00e7\u00e3o Fiscal Independente (IFI), demonstrou preocupa\u00e7\u00e3o com a proposta do ministro sobre precat\u00f3rios. \u201cDespesa determinada pela Justi\u00e7a se paga. Mexer em regra fiscal ao sabor da conjuntura seria temer\u00e1rio\u201d, afirmou. Para ele, faltou cautela e mapeamento de risco do governo em rela\u00e7\u00e3o a essa despesa da Uni\u00e3o. &#8220;Os precat\u00f3rios n\u00e3o come\u00e7aram a aumentar ontem. N\u00e3o \u00e9 propriamente uma surpresa\u201d, destacou.<\/p>\n<p>&nbsp;<\/p>\n<p>Em uma postagem nas redes sociais, Salto escreveu que h\u00e1 uma preocupa\u00e7\u00e3o seletiva no governo, porque R$ 36 bilh\u00f5es amais de precat\u00f3rios sobre os quais o governo j\u00e1 havia sido informado desde junho, pelo menos, n\u00e3o pode, mas &#8220;reforma tribut\u00e1ria para abrir rombo de mais de R$ 47 bilh\u00f5es, tudo bem&#8221;. &#8220;No fundo do po\u00e7o, h\u00e1 um al\u00e7ap\u00e3o&#8221;, disse.<\/p>\n<p>&nbsp;<\/p>\n<p>A fala do ministro levanta d\u00favidas se o ministro ele continua sendo um verdadeiro liberal, j\u00e1 que, por conta da pandemia e dos gastos gigantescos do governo em 2020 que geraram um rombo fiscal de 10% do produto de pode-se dizer que o atual ministro da Economia \u00e9 o mais gastador de todos os ministros brasileiros.\u00a0 Agora, ao voltar a insistir em usar precat\u00f3rios para financiar um novo programa social, que n\u00e3o seria um recurso recorrente para uma despesa que precisar\u00e1 ser financiada por um longo prazo, ele esbarra no risco de agravar o quadro das contas p\u00fablicas em vez de melhorar.<\/p>\n<p>&nbsp;<\/p>\n<p>No ano passado, durante a discuss\u00e3o do Or\u00e7amento deste ano, o ent\u00e3o relator, senador M\u00e1rcio Bittar (PSDB-AC) fez uma proposta parecida para tamb\u00e9m financiar um programa social, que era chamado pelo parlamentar de Renda Cidad\u00e3o. Contudo, o assunto foi abandonado porque gerou o mesmo ru\u00eddo em rela\u00e7\u00e3o \u00e0s pedaladas fiscais, que abriram espa\u00e7o para o impeachment da ex-presidente Dilma Rousseff.<\/p>\n<p>&nbsp;<\/p>\n<p>&nbsp;<\/p>\n<p>&#8220;Ao que tudo indica, houve uma melhora na proposta, que, na nossa avalia\u00e7\u00e3o, n\u00e3o parece uma pedalada a ponto de gerar uma abertura para um processo de impeachment de Bolsonaro. Mas \u00e9 ineg\u00e1vel que isso cai como uma bomba sobre o mercado, porque aumenta os riscos fiscais. Esse novo programa vai aumentar o peso no Or\u00e7amento e \u00e9 de longo prazo e n\u00e3o h\u00e1 uma receita equivalente para compensa-lo&#8221;, destacou Lucas Fernandes,\u00a0<span style=\"font-weight: 400\">coordenador de an\u00e1lise pol\u00edtica da BMJ Consultores Associados.<\/span><\/p>\n<p>&nbsp;<\/p>\n<p>O \u00cdndice Bovespa, principal indicador da B3, chegou a cair 1% logo ap\u00f3s a declara\u00e7\u00e3o de Paulo Guedes, chegando a encostar em 120 mil pontos, mas depois reduziu as perdas e voltou para o patamar acima de 122 mil.\u00a0J\u00e1 os juros futuros voltaram a subir, refletindo os temores do aumento desse risco. De acordo com Eduardo Velho, economista-chefe da JF Trust, os juros dos contratos DI para janeiro de 2022 passaram de 6,30% para 6,36% ao ano e os para 2022, passaram de 7,85% para 7,96%. As taxas anuais dos t\u00edtulos para janeiro de 2025 subiram de 8,79% para 8,91%.<\/p>\n<p>&nbsp;<\/p>\n<p>&#8220;O fato de Guedes defender essa ideia de parcelamento de precat\u00f3rios \u00e9 muito ruim. Por isso, a curva de juros continua esticada&#8221;, explicou Velho. Segundo ele, o panorama nesse terceiro trimestre \u00e9 desafiador para a trajet\u00f3ria da pol\u00edtica econ\u00f4mica, em<br \/>\nparticular, das pol\u00edticas fiscal e monet\u00e1ria e os seus reflexos sobre as curvas m\u00e9dia e longa dos juros futuros\u00a0do DI.<\/p>\n<p>&nbsp;<\/p>\n<p><span style=\"font-weight: 400\">\u00a0<\/span><\/p>\n<p><strong>Agenda em mudan\u00e7a<\/strong><\/p>\n<p>&nbsp;<\/p>\n<p><span style=\"font-weight: 400\">Na avalia\u00e7\u00e3o de Lucas Fernandes, est\u00e1 batendo um desespero no governo para encontrar recursos para financiar a nova agenda econ\u00f4mica do governo, que dever\u00e1 ser tocada pelo novo ministro-chefe da Casa Civil, Ciro Nogueira, l\u00edder do Centr\u00e3o.\u00a0<\/span>&#8220;A reforma do Imposto de Renda encontra dificuldades e dificilmente o governo poder\u00e1 contar com a receita sobre os dividendos para o novo programa social, como o inicialmente previsto. Essa proposta est\u00e1 se tornando uma furada e parece pouco prov\u00e1vel que essa frente avance&#8221;, afirmou Ele lembrou que as privatiza\u00e7\u00f5es est\u00e3o lentas e n\u00e3o ser\u00e3o suficientes para cobrir um programa como o Bolsa Fam\u00edlia de R$ 300, ou mais, para uma base ampliada de benefici\u00e1rios.<\/p>\n<p>&nbsp;<\/p>\n<p>&#8220;O rombo das contas p\u00fablicas s\u00f3 aumentaria e ele seria financiado por mais d\u00edvidas e isso viraria uma bola de neve&#8221;, alertou Fernandes.\u00a0Segundo ele, Ciro Nogueira assumiu as r\u00e9deas da articula\u00e7\u00e3o da pauta econ\u00f4mica e Paulo Guedes est\u00e1 cada vez mais enfraquecido e com menos espa\u00e7o para defender a agenda liberal e de responsabilidade fiscal.<\/p>\n<p>&nbsp;<\/p>\n<p>&#8220;Com a queda na\u00a0popularidade, o governo vai ter que fazer o calculo se mant\u00e9m a agenda liberal ou parte na agenda gastadora e mais populista&#8221;, frisou Fernandes. No entender do analista, por conta da proximidade das elei\u00e7\u00f5es, est\u00e1 cada vez mais claro qual agenda Bolsonaro dever\u00e1 seguir: a do populismo, acompanhada de aumento de gasto p\u00fablico. &#8220;Essa PEC est\u00e1 servindo de vitrine para o governo dar pedrada e se o governo achar que pode perder o apoio do mercado, pode ser que acabe optando por um Bolsa Fam\u00edlia mais modesto. Mas \u00e9 uma quest\u00e3o importante e Bolsonaro precisa desse programa para poder se filiar ao Progressistas e recuperar apoio no Nordeste e n\u00e3o contaminar o palanque na legenda. O PP \u00e9 o grande desejo do Planalto, mas \u00e9 um desafio por conta dessa quest\u00e3o da rejei\u00e7\u00e3o regional&#8221;, complementou.<\/p>\n<p>&nbsp;<\/p>\n<p>Vale lembrar Guedes, que j\u00e1 n\u00e3o mostra a mesma indigna\u00e7\u00e3o de antes com as puxadas de tapete internas do governo, j\u00e1 n\u00e3o tem o mesmo poder de antes. Ele perdeu o status de superministro com o desmembramento da pasta para criar o Minist\u00e9rio do Trabalho e Previd\u00eancia, agora sob a batuta de <a href=\"https:\/\/blogs2.correiobraziliense.com.br\/vicente\/onyx-lorenzoni-tera-um-orcamento-de-r-8072-bilhoes-com-nova-pasta\/\">Onyx Lorenzoni, que ficar\u00e1 respons\u00e1vel por mais de R$ 800 bilh\u00f5es de recursos, o equivalente a quase 70% do or\u00e7amento da Economia, pelas estimativas da Associa\u00e7\u00e3o Contas Abertas.<\/a>\u00a0N\u00e3o \u00e0 toa que pela Esplanada a brincadeira entre t\u00e9cnicos e parlamentares em Bras\u00edlia \u00e9 que o Posto Ipiranga trocou a bandeia para Ale.<\/p>\n<p>&nbsp;<\/p>\n","protected":false},"excerpt":{"rendered":"<p>ROSANA HESSEL O ministro da Economia, Paulo Guedes, segue rasgando os manuais do liberalismo econ\u00f4mico enquanto segue integrando o governo Jair Bolsonaro (sem partido), pelo visto, a todo custo. Ao defender novamente um parcelamento no pagamento de precat\u00f3rios &#8212; d\u00edvidas judiciais da Uni\u00e3o &#8212; como moeda de troca para criar o Bolsa Fam\u00edlia turbinado &#8212; [&hellip;]<\/p>\n","protected":false},"author":22,"featured_media":10371,"comment_status":"open","ping_status":"closed","sticky":false,"template":"","format":"standard","meta":{"wpb_read_more":[],"footnotes":""},"categories":[600],"tags":[5646,4624,3613,2108,5645],"class_list":["post-20109","post","type-post","status-publish","format-standard","has-post-thumbnail","hentry","category-economia","tag-agenda-liberal","tag-ministro-da-economia","tag-paulo-guedes","tag-precatorios","tag-risco-fiscal"],"_links":{"self":[{"href":"https:\/\/blogs2.correiobraziliense.com.br\/vicente\/wp-json\/wp\/v2\/posts\/20109","targetHints":{"allow":["GET"]}}],"collection":[{"href":"https:\/\/blogs2.correiobraziliense.com.br\/vicente\/wp-json\/wp\/v2\/posts"}],"about":[{"href":"https:\/\/blogs2.correiobraziliense.com.br\/vicente\/wp-json\/wp\/v2\/types\/post"}],"author":[{"embeddable":true,"href":"https:\/\/blogs2.correiobraziliense.com.br\/vicente\/wp-json\/wp\/v2\/users\/22"}],"replies":[{"embeddable":true,"href":"https:\/\/blogs2.correiobraziliense.com.br\/vicente\/wp-json\/wp\/v2\/comments?post=20109"}],"version-history":[{"count":9,"href":"https:\/\/blogs2.correiobraziliense.com.br\/vicente\/wp-json\/wp\/v2\/posts\/20109\/revisions"}],"predecessor-version":[{"id":20136,"href":"https:\/\/blogs2.correiobraziliense.com.br\/vicente\/wp-json\/wp\/v2\/posts\/20109\/revisions\/20136"}],"wp:featuredmedia":[{"embeddable":true,"href":"https:\/\/blogs2.correiobraziliense.com.br\/vicente\/wp-json\/wp\/v2\/media\/10371"}],"wp:attachment":[{"href":"https:\/\/blogs2.correiobraziliense.com.br\/vicente\/wp-json\/wp\/v2\/media?parent=20109"}],"wp:term":[{"taxonomy":"category","embeddable":true,"href":"https:\/\/blogs2.correiobraziliense.com.br\/vicente\/wp-json\/wp\/v2\/categories?post=20109"},{"taxonomy":"post_tag","embeddable":true,"href":"https:\/\/blogs2.correiobraziliense.com.br\/vicente\/wp-json\/wp\/v2\/tags?post=20109"}],"curies":[{"name":"wp","href":"https:\/\/api.w.org\/{rel}","templated":true}]}}