{"id":20168,"date":"2021-08-04T11:31:24","date_gmt":"2021-08-04T14:31:24","guid":{"rendered":"https:\/\/blogs2.correiobraziliense.com.br\/vicente\/?p=20168"},"modified":"2021-08-04T12:07:46","modified_gmt":"2021-08-04T15:07:46","slug":"bc-forcara-mao-nos-juros-para-conter-o-risco-bolsonaro","status":"publish","type":"post","link":"https:\/\/blogs2.correiobraziliense.com.br\/vicente\/bc-forcara-mao-nos-juros-para-conter-o-risco-bolsonaro\/","title":{"rendered":"BC for\u00e7ar\u00e1 m\u00e3o nos juros para conter o risco Bolsonaro"},"content":{"rendered":"<h2>Se n\u00e3o faltar coragem \u00e0 diretoria do Banco Central, o Comit\u00ea de Pol\u00edtica Monet\u00e1ria (Copom) elevar\u00e1 a taxa b\u00e1sica de juros (Selic) em um ponto percentual nesta quarta-feira (04\/08), de 4,25% para 5,25% ao ano. Esse peso na m\u00e3o tem a ver com o risco Bolsonaro.<\/h2>\n<p>&nbsp;<\/p>\n<p>Diante das loucuras cometidas pelo presidente, que tumultua o quadro pol\u00edtico ao atacar o poder Judici\u00e1rio, e da obsess\u00e3o pela reelei\u00e7\u00e3o, ao exigir aventuras fiscais para garantir um Bolsa Fam\u00edlia maior, o Banco Central precisa controlar as expectativas dos agentes econ\u00f4micos.<\/p>\n<p>&nbsp;<\/p>\n<p>Nesse cen\u00e1rio turbulento, as estimativas de infla\u00e7\u00e3o est\u00e3o disparando, encostando nos 7% para este ano, ou seja, quase o dobro do centro da meta perseguida pelo BC, de 3,75%, e avan\u00e7ando para 4% em 2022, tamb\u00e9m acima da meta (3,5%).<\/p>\n<p>&nbsp;<\/p>\n<p>O comportamento belicoso de Bolsonaro empurra o d\u00f3lar para cima, uma press\u00e3o a mais sobre os \u00edndices de pre\u00e7os, que j\u00e1 v\u00eam sofrendo com a carestia dos alimentos, dos combust\u00edveis e da energia el\u00e9trica. Portanto, como o presidente n\u00e3o est\u00e1 disposto a dar tr\u00e9gua no seus ataques, o Copom ter\u00e1 de agir para n\u00e3o perder o controle da situa\u00e7\u00e3o.<\/p>\n<p>&nbsp;<\/p>\n<p>\u00c9 o pre\u00e7o a se pagar: cr\u00e9dito mais caro para as empresas e os consumidores, investimentos menores no aumento da produ\u00e7\u00e3o e consumo travado. Mas, para Bolsonaro, isso n\u00e3o importa. O que interessa mesmo para ele \u00e9 a volta do voto impresso, isto \u00e9, do coronelismo e das fraudes nas elei\u00e7\u00f5es.<\/p>\n<p>&nbsp;<\/p>\n<p><em>Bras\u00edlia, 11h31min<\/em><\/p>\n","protected":false},"excerpt":{"rendered":"<p>Se n\u00e3o faltar coragem \u00e0 diretoria do Banco Central, o Comit\u00ea de Pol\u00edtica Monet\u00e1ria (Copom) elevar\u00e1 a taxa b\u00e1sica de juros (Selic) em um ponto percentual nesta quarta-feira (04\/08), de 4,25% para 5,25% ao ano. Esse peso na m\u00e3o tem a ver com o risco Bolsonaro. &nbsp; Diante das loucuras cometidas pelo presidente, que tumultua [&hellip;]<\/p>\n","protected":false},"author":22,"featured_media":10126,"comment_status":"open","ping_status":"closed","sticky":false,"template":"","format":"standard","meta":{"wpb_read_more":[],"footnotes":""},"categories":[600],"tags":[5655,589,4943,2787],"class_list":["post-20168","post","type-post","status-publish","format-standard","has-post-thumbnail","hentry","category-economia","tag-bc-forcara-mao-nos-juros-para-conter-o-risco-bolsonaro","tag-economia","tag-financas","tag-politica"],"_links":{"self":[{"href":"https:\/\/blogs2.correiobraziliense.com.br\/vicente\/wp-json\/wp\/v2\/posts\/20168","targetHints":{"allow":["GET"]}}],"collection":[{"href":"https:\/\/blogs2.correiobraziliense.com.br\/vicente\/wp-json\/wp\/v2\/posts"}],"about":[{"href":"https:\/\/blogs2.correiobraziliense.com.br\/vicente\/wp-json\/wp\/v2\/types\/post"}],"author":[{"embeddable":true,"href":"https:\/\/blogs2.correiobraziliense.com.br\/vicente\/wp-json\/wp\/v2\/users\/22"}],"replies":[{"embeddable":true,"href":"https:\/\/blogs2.correiobraziliense.com.br\/vicente\/wp-json\/wp\/v2\/comments?post=20168"}],"version-history":[{"count":1,"href":"https:\/\/blogs2.correiobraziliense.com.br\/vicente\/wp-json\/wp\/v2\/posts\/20168\/revisions"}],"predecessor-version":[{"id":20169,"href":"https:\/\/blogs2.correiobraziliense.com.br\/vicente\/wp-json\/wp\/v2\/posts\/20168\/revisions\/20169"}],"wp:featuredmedia":[{"embeddable":true,"href":"https:\/\/blogs2.correiobraziliense.com.br\/vicente\/wp-json\/wp\/v2\/media\/10126"}],"wp:attachment":[{"href":"https:\/\/blogs2.correiobraziliense.com.br\/vicente\/wp-json\/wp\/v2\/media?parent=20168"}],"wp:term":[{"taxonomy":"category","embeddable":true,"href":"https:\/\/blogs2.correiobraziliense.com.br\/vicente\/wp-json\/wp\/v2\/categories?post=20168"},{"taxonomy":"post_tag","embeddable":true,"href":"https:\/\/blogs2.correiobraziliense.com.br\/vicente\/wp-json\/wp\/v2\/tags?post=20168"}],"curies":[{"name":"wp","href":"https:\/\/api.w.org\/{rel}","templated":true}]}}