{"id":20170,"date":"2021-08-04T11:35:03","date_gmt":"2021-08-04T14:35:03","guid":{"rendered":"https:\/\/blogs2.correiobraziliense.com.br\/vicente\/?p=20170"},"modified":"2021-08-04T12:48:34","modified_gmt":"2021-08-04T15:48:34","slug":"comandante-da-aeronautica-diz-a-gilmar-mendes-que-nunca-se-cogitou-golpe-militar","status":"publish","type":"post","link":"https:\/\/blogs2.correiobraziliense.com.br\/vicente\/comandante-da-aeronautica-diz-a-gilmar-mendes-que-nunca-se-cogitou-golpe-militar\/","title":{"rendered":"Comandante da Aeron\u00e1utica diz a Gilmar Mendes que &#8220;nunca se cogitou golpe militar&#8221;"},"content":{"rendered":"<h2>Decano do Supremo Tribunal Federal (STF), o ministro Gilmar Mendes almo\u00e7ou, na ter\u00e7a-feira (03\/08), com o comandante da Aeron\u00e1utica,\u00a0brigadeiro Carlos Almeida Baptista Jr., o mais bolsonarista dos tr\u00eas chefes das For\u00e7as Armadas. O militar garantiu que, apesar de todo o tumulto criado pelo presidente Jair Bolsonaro, &#8220;nunca se cogitou um golpe militar&#8221;.<\/h2>\n<p>&nbsp;<\/p>\n<p>Segundo interlocutores de Gilmar, o almo\u00e7o foi muito tranquilo. Tanto ele quanto o brigadeiro procuraram esclarecer ru\u00eddos pol\u00edticos que est\u00e3o tensionando as rela\u00e7\u00f5es entre os Poderes. Bolsonaro tem feito ataques consistentes ao Judici\u00e1rio e, no momento, elegeu o presidente do Tribunal Superior Eleitoral (TSE), Lu\u00eds Roberto Barroso, como alvo. Bolsonaro defende a volta do voto impresso, visto como um atraso por Barroso.<\/p>\n<p>&nbsp;<\/p>\n<p>A tens\u00e3o chegou a um n\u00edvel t\u00e3o elevado, ante as perturba\u00e7\u00f5es provocadas por Bolsonaro, que o TSE, com o apoio da maior parte do ministro do Supremo, abriu um inqu\u00e9rito para investigar o presidente da Rep\u00fablica por ataque \u00e0s elei\u00e7\u00f5es. Dependendo dos resultados do processo, a chapa de Bolsonaro para 2022 pode ser rejeitada.<\/p>\n<p>&nbsp;<\/p>\n<p>O almo\u00e7o entre Gilmar e o brigadeiro\u00a0Carlos Almeida Baptista Jr. foi marcado por interm\u00e9dio de um amigo em comum. O ministro do Supremo frequenta o Clube da Aeron\u00e1utica, onde joga t\u00eanis. A perspectiva \u00e9 de que os dois voltem a se encontrar brevemente. A meta \u00e9 distensionar o ambiente e criar um canal de di\u00e1logo.<\/p>\n<p>&nbsp;<\/p>\n<p>O clima conturbado, que engolfou os militares, tem a ver, tamb\u00e9m, com as descobertas da CPI da Covid, de que um grupo de fardados se envolveu em falcatruas para a compra de vacinas contra a covid-19 pelo Minist\u00e9rio da Sa\u00fade a pre\u00e7os superfaturados.<\/p>\n<p>&nbsp;<\/p>\n<p>O presidente da Comiss\u00e3o Parlamentar de Inqu\u00e9rito, senador Omar Aziz, classificou esse grupo como &#8220;banda podre das For\u00e7as Armadas&#8221;. A declara\u00e7\u00e3o bateu fundo no alto-comando da For\u00e7as. Tanto que o ministro da Defesa soltou uma nota atacando o parlamentar.<\/p>\n<p>&nbsp;<\/p>\n<p>Apesar das garantias do\u00a0 brigadeiro de que n\u00e3o h\u00e1 clima para golpe militar, todos os alertas est\u00e3o ligados em Bras\u00edlia, pois Bolsonaro continua firme com o discurso de que, sem voto impresso, &#8220;n\u00e3o haver\u00e1 elei\u00e7\u00f5es em 2022&#8221;.<\/p>\n<p>&nbsp;<\/p>\n<p><em>Bras\u00edlia, 11h35min<\/em><\/p>\n","protected":false},"excerpt":{"rendered":"<p>Decano do Supremo Tribunal Federal (STF), o ministro Gilmar Mendes almo\u00e7ou, na ter\u00e7a-feira (03\/08), com o comandante da Aeron\u00e1utica,\u00a0brigadeiro Carlos Almeida Baptista Jr., o mais bolsonarista dos tr\u00eas chefes das For\u00e7as Armadas. O militar garantiu que, apesar de todo o tumulto criado pelo presidente Jair Bolsonaro, &#8220;nunca se cogitou um golpe militar&#8221;. &nbsp; Segundo interlocutores [&hellip;]<\/p>\n","protected":false},"author":22,"featured_media":20178,"comment_status":"open","ping_status":"closed","sticky":false,"template":"","format":"standard","meta":{"wpb_read_more":[],"footnotes":""},"categories":[600],"tags":[926,5656,2526,2787],"class_list":["post-20170","post","type-post","status-publish","format-standard","has-post-thumbnail","hentry","category-economia","tag-brasilia","tag-comandante-da-aeronautica-diz-a-gilmar-mendes-que-nunca-se-cogitou-golpe-militar","tag-poder","tag-politica"],"_links":{"self":[{"href":"https:\/\/blogs2.correiobraziliense.com.br\/vicente\/wp-json\/wp\/v2\/posts\/20170","targetHints":{"allow":["GET"]}}],"collection":[{"href":"https:\/\/blogs2.correiobraziliense.com.br\/vicente\/wp-json\/wp\/v2\/posts"}],"about":[{"href":"https:\/\/blogs2.correiobraziliense.com.br\/vicente\/wp-json\/wp\/v2\/types\/post"}],"author":[{"embeddable":true,"href":"https:\/\/blogs2.correiobraziliense.com.br\/vicente\/wp-json\/wp\/v2\/users\/22"}],"replies":[{"embeddable":true,"href":"https:\/\/blogs2.correiobraziliense.com.br\/vicente\/wp-json\/wp\/v2\/comments?post=20170"}],"version-history":[{"count":7,"href":"https:\/\/blogs2.correiobraziliense.com.br\/vicente\/wp-json\/wp\/v2\/posts\/20170\/revisions"}],"predecessor-version":[{"id":20177,"href":"https:\/\/blogs2.correiobraziliense.com.br\/vicente\/wp-json\/wp\/v2\/posts\/20170\/revisions\/20177"}],"wp:featuredmedia":[{"embeddable":true,"href":"https:\/\/blogs2.correiobraziliense.com.br\/vicente\/wp-json\/wp\/v2\/media\/20178"}],"wp:attachment":[{"href":"https:\/\/blogs2.correiobraziliense.com.br\/vicente\/wp-json\/wp\/v2\/media?parent=20170"}],"wp:term":[{"taxonomy":"category","embeddable":true,"href":"https:\/\/blogs2.correiobraziliense.com.br\/vicente\/wp-json\/wp\/v2\/categories?post=20170"},{"taxonomy":"post_tag","embeddable":true,"href":"https:\/\/blogs2.correiobraziliense.com.br\/vicente\/wp-json\/wp\/v2\/tags?post=20170"}],"curies":[{"name":"wp","href":"https:\/\/api.w.org\/{rel}","templated":true}]}}