{"id":20216,"date":"2021-08-05T10:06:36","date_gmt":"2021-08-05T13:06:36","guid":{"rendered":"https:\/\/blogs2.correiobraziliense.com.br\/vicente\/?p=20216"},"modified":"2021-08-05T12:27:59","modified_gmt":"2021-08-05T15:27:59","slug":"banqueiros-e-empresarios-que-agora-pedem-que-bolsonaro-respeite-a-constituicao-votaram-nele","status":"publish","type":"post","link":"https:\/\/blogs2.correiobraziliense.com.br\/vicente\/banqueiros-e-empresarios-que-agora-pedem-que-bolsonaro-respeite-a-constituicao-votaram-nele\/","title":{"rendered":"Banqueiros e empres\u00e1rios que, agora, pedem que Bolsonaro respeite a Constitui\u00e7\u00e3o votaram nele"},"content":{"rendered":"<h2>Ainda que seja muito bem-vindo, o manifesto assinado por banqueiros, empres\u00e1rios, economistas e intelectuais defendendo a democracia e atacando os movimentos golpistas do presidente Jair Bolsonaro, \u00e9 importante ressaltar que muitos do que colocaram os nomes nos documentos apertaram o n\u00famero 17 nas urnas em 2018.<\/h2>\n<p>&nbsp;<\/p>\n<p>A justificativa foi a de que valia tudo para derrotar o PT. Portanto, todos sabiam o risco de retrocesso que o pa\u00eds estava correndo com a elei\u00e7\u00e3o de Bolsonaro, dado o hist\u00f3rico do presidente, que sempre flertou com regimes autorit\u00e1rios e nunca demonstrou a menor capacidade de comandar um pa\u00eds com as complexidades do Brasil.<\/p>\n<p>&nbsp;<\/p>\n<p>Havia boas op\u00e7\u00f5es nas quais os donos do dinheiro poderiam ter votado. Basta dar uma olhada na lista dos candidatos \u00e0 Presid\u00eancia. Mas pesou o anti-petismo. O PT era o grande mal a ser vencido. A op\u00e7\u00e3o foi por um incompetente, que se acha acima do bem e do mal. Deu no que deu.<\/p>\n<p>&nbsp;<\/p>\n<p>A pergunta que fica \u00e9: caso a polariza\u00e7\u00e3o entre Bolsonaro e o PT se repita em 2022, essas mesmas pessoas que assinam o manifesto defendendo a democracia v\u00e3o votar pela reelei\u00e7\u00e3o do presidente? N\u00e3o d\u00e1 para se posicionar, agora, contra a amea\u00e7a de golpe e, depois, endossar nas urnas quem defende um regime autorit\u00e1rio. Seria muita hipocrisia.<\/p>\n<p>&nbsp;<\/p>\n<p><em>Bras\u00edlia, 10h06min<\/em><\/p>\n","protected":false},"excerpt":{"rendered":"<p>Ainda que seja muito bem-vindo, o manifesto assinado por banqueiros, empres\u00e1rios, economistas e intelectuais defendendo a democracia e atacando os movimentos golpistas do presidente Jair Bolsonaro, \u00e9 importante ressaltar que muitos do que colocaram os nomes nos documentos apertaram o n\u00famero 17 nas urnas em 2018. &nbsp; A justificativa foi a de que valia tudo [&hellip;]<\/p>\n","protected":false},"author":22,"featured_media":13776,"comment_status":"open","ping_status":"closed","sticky":false,"template":"","format":"standard","meta":{"wpb_read_more":[],"footnotes":""},"categories":[600],"tags":[5308,5658,589,439,5659,2526,2787],"class_list":["post-20216","post","type-post","status-publish","format-standard","has-post-thumbnail","hentry","category-economia","tag-agora","tag-banqueiros-e-empresarios-que","tag-economia","tag-judiciario","tag-pedem-que-bolsonaro-respeite-a-constituicao-votaram-nele","tag-poder","tag-politica"],"_links":{"self":[{"href":"https:\/\/blogs2.correiobraziliense.com.br\/vicente\/wp-json\/wp\/v2\/posts\/20216","targetHints":{"allow":["GET"]}}],"collection":[{"href":"https:\/\/blogs2.correiobraziliense.com.br\/vicente\/wp-json\/wp\/v2\/posts"}],"about":[{"href":"https:\/\/blogs2.correiobraziliense.com.br\/vicente\/wp-json\/wp\/v2\/types\/post"}],"author":[{"embeddable":true,"href":"https:\/\/blogs2.correiobraziliense.com.br\/vicente\/wp-json\/wp\/v2\/users\/22"}],"replies":[{"embeddable":true,"href":"https:\/\/blogs2.correiobraziliense.com.br\/vicente\/wp-json\/wp\/v2\/comments?post=20216"}],"version-history":[{"count":1,"href":"https:\/\/blogs2.correiobraziliense.com.br\/vicente\/wp-json\/wp\/v2\/posts\/20216\/revisions"}],"predecessor-version":[{"id":20217,"href":"https:\/\/blogs2.correiobraziliense.com.br\/vicente\/wp-json\/wp\/v2\/posts\/20216\/revisions\/20217"}],"wp:featuredmedia":[{"embeddable":true,"href":"https:\/\/blogs2.correiobraziliense.com.br\/vicente\/wp-json\/wp\/v2\/media\/13776"}],"wp:attachment":[{"href":"https:\/\/blogs2.correiobraziliense.com.br\/vicente\/wp-json\/wp\/v2\/media?parent=20216"}],"wp:term":[{"taxonomy":"category","embeddable":true,"href":"https:\/\/blogs2.correiobraziliense.com.br\/vicente\/wp-json\/wp\/v2\/categories?post=20216"},{"taxonomy":"post_tag","embeddable":true,"href":"https:\/\/blogs2.correiobraziliense.com.br\/vicente\/wp-json\/wp\/v2\/tags?post=20216"}],"curies":[{"name":"wp","href":"https:\/\/api.w.org\/{rel}","templated":true}]}}