{"id":20238,"date":"2021-08-05T18:39:22","date_gmt":"2021-08-05T21:39:22","guid":{"rendered":"https:\/\/blogs2.correiobraziliense.com.br\/vicente\/?p=20238"},"modified":"2021-08-05T19:33:49","modified_gmt":"2021-08-05T22:33:49","slug":"paulo-guedes-tornou-se-um-soldado-das-aventuras-golpistas-de-bolsonaro","status":"publish","type":"post","link":"https:\/\/blogs2.correiobraziliense.com.br\/vicente\/paulo-guedes-tornou-se-um-soldado-das-aventuras-golpistas-de-bolsonaro\/","title":{"rendered":"Paulo Guedes tornou-se um soldado das aventuras golpistas de Bolsonaro"},"content":{"rendered":"<h2>N\u00e3o bastasse ter rasgado toda a cartilha liberal com a qual tomou posse como ministro da Economia, Paulo Guedes tornou-se um dos soldados mais aguerridos do presidente Jair Bolsonaro na aventura golpista que est\u00e1 em andamento. A quem quer que seja, Guedes deixa claro que o objetivo dele \u00e9 garantir que Bolsonaro se mantenha no poder.<\/h2>\n<p>&nbsp;<\/p>\n<p>Nos \u00faltimos meses, o ministro da Economia assumiu a miss\u00e3o de tornar vi\u00e1veis programas que t\u00eam o claro objetivo de aumentar a popularidade de Bolsonaro. Populismo puro. Rasga-se a lei, como no caso dos precat\u00f3rios, e cria-se um Bolsa Fam\u00edlia turbinado. Interv\u00e9m-se na Petrobras para a cria\u00e7\u00e3o de um vale-g\u00e1s.<\/p>\n<p>&nbsp;<\/p>\n<p>Sim, um Bolsa Fam\u00edlia mais robusto \u00e9 muito bem-vindo. Apoio \u00e0 popula\u00e7\u00e3o mais carente para bancar o g\u00e1s de cozinha, tamb\u00e9m. Mas o caminho \u00e9 fazer tudo com responsabilidade fiscal. Guedes, para agradar o chefe, est\u00e1 atropelando tudo. Deixou os princ\u00edpios de lado. Inclusive, em rela\u00e7\u00e3o \u00e0 manuten\u00e7\u00e3o da democracia.<\/p>\n<p>&nbsp;<\/p>\n<p>Hoje, dos que integram a equipe de Guedes, a maior parte aceita todas as barbaridades porque est\u00e3o inebriados pelo poder que acham que t\u00eam. Tamb\u00e9m porque compartilham de todo o atraso defendido por Bolsonaro, que \u00e9 mis\u00f3gino, machista, homof\u00f3bico e detesta pretos e pobres.<\/p>\n<p>&nbsp;<\/p>\n<p>Enfim, Guedes e sua equipe endossam o que h\u00e1 de pior em Bolsonaro. Enquanto isso, a infla\u00e7\u00e3o d\u00e1 sinais de descontrole e o Banco Central pesa a m\u00e3o sobre os juros.<\/p>\n<p>&nbsp;<\/p>\n<p><em>Bras\u00edlia, 18h39min<\/em><\/p>\n","protected":false},"excerpt":{"rendered":"<p>N\u00e3o bastasse ter rasgado toda a cartilha liberal com a qual tomou posse como ministro da Economia, Paulo Guedes tornou-se um dos soldados mais aguerridos do presidente Jair Bolsonaro na aventura golpista que est\u00e1 em andamento. A quem quer que seja, Guedes deixa claro que o objetivo dele \u00e9 garantir que Bolsonaro se mantenha no [&hellip;]<\/p>\n","protected":false},"author":22,"featured_media":15234,"comment_status":"open","ping_status":"closed","sticky":false,"template":"","format":"standard","meta":{"wpb_read_more":[],"footnotes":""},"categories":[600],"tags":[926,589,5667,2526,2787],"class_list":["post-20238","post","type-post","status-publish","format-standard","has-post-thumbnail","hentry","category-economia","tag-brasilia","tag-economia","tag-paulo-guedes-tornou-se-um-soldado-das-aventuras-golpistas-de-bolsonaro","tag-poder","tag-politica"],"_links":{"self":[{"href":"https:\/\/blogs2.correiobraziliense.com.br\/vicente\/wp-json\/wp\/v2\/posts\/20238","targetHints":{"allow":["GET"]}}],"collection":[{"href":"https:\/\/blogs2.correiobraziliense.com.br\/vicente\/wp-json\/wp\/v2\/posts"}],"about":[{"href":"https:\/\/blogs2.correiobraziliense.com.br\/vicente\/wp-json\/wp\/v2\/types\/post"}],"author":[{"embeddable":true,"href":"https:\/\/blogs2.correiobraziliense.com.br\/vicente\/wp-json\/wp\/v2\/users\/22"}],"replies":[{"embeddable":true,"href":"https:\/\/blogs2.correiobraziliense.com.br\/vicente\/wp-json\/wp\/v2\/comments?post=20238"}],"version-history":[{"count":1,"href":"https:\/\/blogs2.correiobraziliense.com.br\/vicente\/wp-json\/wp\/v2\/posts\/20238\/revisions"}],"predecessor-version":[{"id":20240,"href":"https:\/\/blogs2.correiobraziliense.com.br\/vicente\/wp-json\/wp\/v2\/posts\/20238\/revisions\/20240"}],"wp:featuredmedia":[{"embeddable":true,"href":"https:\/\/blogs2.correiobraziliense.com.br\/vicente\/wp-json\/wp\/v2\/media\/15234"}],"wp:attachment":[{"href":"https:\/\/blogs2.correiobraziliense.com.br\/vicente\/wp-json\/wp\/v2\/media?parent=20238"}],"wp:term":[{"taxonomy":"category","embeddable":true,"href":"https:\/\/blogs2.correiobraziliense.com.br\/vicente\/wp-json\/wp\/v2\/categories?post=20238"},{"taxonomy":"post_tag","embeddable":true,"href":"https:\/\/blogs2.correiobraziliense.com.br\/vicente\/wp-json\/wp\/v2\/tags?post=20238"}],"curies":[{"name":"wp","href":"https:\/\/api.w.org\/{rel}","templated":true}]}}