{"id":20388,"date":"2021-08-11T21:01:41","date_gmt":"2021-08-12T00:01:41","guid":{"rendered":"https:\/\/blogs2.correiobraziliense.com.br\/vicente\/?p=20388"},"modified":"2021-08-11T21:20:36","modified_gmt":"2021-08-12T00:20:36","slug":"galois-suspende-aulas-presenciais-de-unidade-de-601-sul-por-causa-da-covid","status":"publish","type":"post","link":"https:\/\/blogs2.correiobraziliense.com.br\/vicente\/galois-suspende-aulas-presenciais-de-unidade-de-601-sul-por-causa-da-covid\/","title":{"rendered":"Galois suspende aulas presenciais de unidade de 601 Sul por causa da covid"},"content":{"rendered":"<h2>Uma das mais tradicionais escolas privadas de Bras\u00edlia, o Galois suspendeu as aulas presenciais em uma de suas unidades, na 601 Sul, por causa de casos de covid-19 entre alunos. A decis\u00e3o foi tomada por precau\u00e7\u00e3o a partir desta quarta-feira (11\/08).<\/h2>\n<p>&nbsp;<\/p>\n<p>Segundo comunicado enviado a alunos, pais e respons\u00e1veis, a suspens\u00e3o se dar\u00e1 por 14 dias, tempo de quarentena recomendado pelas autoridades. Foram tr\u00eas os casos de covid identificados na 601 Sul.<\/p>\n<p>&nbsp;<\/p>\n<p>Nesse per\u00edodo, as aulas do ensino m\u00e9dio e fundamental ser\u00e3o pelo modelo on-line. O retorno \u00e0s aulas presenciais se dar\u00e1 em 25 de agosto.<\/p>\n<p>&nbsp;<\/p>\n<p>Veja o comunicado emitido pelo Galois.<\/p>\n<p>&nbsp;<\/p>\n<p><em>&#8220;Carta Circular n\u00ba 51\/2021 \u2013 Ensino Fundamental 2 e M\u00e9dio | Suspens\u00e3o das aulas presenciais<\/em><\/p>\n<p><em>Prezados Alunos, Pais e\/ou Respons\u00e1veis,<\/em><\/p>\n<p><em>Tendo em vista as boas pr\u00e1ticas e os protocolos institu\u00eddos pelas Notas T\u00e9cnicas n\u00ba 1 e 22\/2021 \u2013 SES\/SVS\/DIVEP para diminuir ao m\u00e1ximo o risco de transmiss\u00e3o do coronav\u00edrus no ambiente escolar e manter alunos e colaboradores em seguran\u00e7a, informamos que as atividades presenciais do Ensino Fundamental e do Ensino M\u00e9dio, da unidade 601 Sul, estar\u00e3o suspensas a partir desta quarta-feira, dia 11\/8.<\/em><\/p>\n<p><em>Na semana passada, fomos notificados de dois casos de alunos com resultado positivo em exame para a covid-19; hoje, houve mais um caso. De acordo com as orienta\u00e7\u00f5es t\u00e9cnicas, em situa\u00e7\u00e3o como essa, deve-se manter em quarentena a comunidade escolar pelo per\u00edodo de quatorze dias. Desse modo, retornaremos \u00e0s atividades presenciais no dia 25\/8, quarta-feira.<\/em><\/p>\n<p><em>As aulas seguir\u00e3o no modelo on-line transmitidas pela plataforma Zoom.<\/em><\/p>\n<p><em>Contamos com a colabora\u00e7\u00e3o de todos.&#8221;<\/em><\/p>\n<p>&nbsp;<\/p>\n<p><em>Bras\u00edlia, 21h01min<\/em><\/p>\n","protected":false},"excerpt":{"rendered":"<p>Uma das mais tradicionais escolas privadas de Bras\u00edlia, o Galois suspendeu as aulas presenciais em uma de suas unidades, na 601 Sul, por causa de casos de covid-19 entre alunos. A decis\u00e3o foi tomada por precau\u00e7\u00e3o a partir desta quarta-feira (11\/08). &nbsp; Segundo comunicado enviado a alunos, pais e respons\u00e1veis, a suspens\u00e3o se dar\u00e1 por [&hellip;]<\/p>\n","protected":false},"author":22,"featured_media":13413,"comment_status":"open","ping_status":"closed","sticky":false,"template":"","format":"standard","meta":{"wpb_read_more":[],"footnotes":""},"categories":[600],"tags":[926,5680,5681,579],"class_list":["post-20388","post","type-post","status-publish","format-standard","has-post-thumbnail","hentry","category-economia","tag-brasilia","tag-escolas","tag-galois-suspende-aulas-presenciais-de-unidade-de-601-sul-por-causa-da-covid","tag-saude"],"_links":{"self":[{"href":"https:\/\/blogs2.correiobraziliense.com.br\/vicente\/wp-json\/wp\/v2\/posts\/20388","targetHints":{"allow":["GET"]}}],"collection":[{"href":"https:\/\/blogs2.correiobraziliense.com.br\/vicente\/wp-json\/wp\/v2\/posts"}],"about":[{"href":"https:\/\/blogs2.correiobraziliense.com.br\/vicente\/wp-json\/wp\/v2\/types\/post"}],"author":[{"embeddable":true,"href":"https:\/\/blogs2.correiobraziliense.com.br\/vicente\/wp-json\/wp\/v2\/users\/22"}],"replies":[{"embeddable":true,"href":"https:\/\/blogs2.correiobraziliense.com.br\/vicente\/wp-json\/wp\/v2\/comments?post=20388"}],"version-history":[{"count":1,"href":"https:\/\/blogs2.correiobraziliense.com.br\/vicente\/wp-json\/wp\/v2\/posts\/20388\/revisions"}],"predecessor-version":[{"id":20389,"href":"https:\/\/blogs2.correiobraziliense.com.br\/vicente\/wp-json\/wp\/v2\/posts\/20388\/revisions\/20389"}],"wp:featuredmedia":[{"embeddable":true,"href":"https:\/\/blogs2.correiobraziliense.com.br\/vicente\/wp-json\/wp\/v2\/media\/13413"}],"wp:attachment":[{"href":"https:\/\/blogs2.correiobraziliense.com.br\/vicente\/wp-json\/wp\/v2\/media?parent=20388"}],"wp:term":[{"taxonomy":"category","embeddable":true,"href":"https:\/\/blogs2.correiobraziliense.com.br\/vicente\/wp-json\/wp\/v2\/categories?post=20388"},{"taxonomy":"post_tag","embeddable":true,"href":"https:\/\/blogs2.correiobraziliense.com.br\/vicente\/wp-json\/wp\/v2\/tags?post=20388"}],"curies":[{"name":"wp","href":"https:\/\/api.w.org\/{rel}","templated":true}]}}