{"id":20392,"date":"2021-08-12T17:28:33","date_gmt":"2021-08-12T20:28:33","guid":{"rendered":"https:\/\/blogs2.correiobraziliense.com.br\/vicente\/?p=20392"},"modified":"2021-08-12T17:29:33","modified_gmt":"2021-08-12T20:29:33","slug":"itau-unibanco-piora-projecoes-para-o-pib-de-2021-e-de-2022","status":"publish","type":"post","link":"https:\/\/blogs2.correiobraziliense.com.br\/vicente\/itau-unibanco-piora-projecoes-para-o-pib-de-2021-e-de-2022\/","title":{"rendered":"Ita\u00fa Unibanco piora proje\u00e7\u00f5es para o PIB de 2021 e de 2022"},"content":{"rendered":"<h2>ROSANA HESSEL<\/h2>\n<h2>Diante da piora no cen\u00e1rio fiscal, da infla\u00e7\u00e3o mais resistente e do aumento de incertezas em torno da capacidade de retomada no pa\u00eds, o Ita\u00fa Unibanco, piorou as proje\u00e7\u00f5es de crescimento da economia brasileira. A institui\u00e7\u00e3o financeira, que vinha elevando para cima as proje\u00e7\u00f5es de crescimento do Produto Interno Bruto (PIB) desde\u00a0a surpresa com o crescimento de 1,2% no primeiro trimestre, revisou as previs\u00f5es de expans\u00e3o do PIB para baixo.<\/h2>\n<h2><\/h2>\n<p>A equipe de t\u00e9cnicos liderada pelo economista-chefe do Ita\u00fa, Mario Mesquita, reduziu de 5,8% para 5,7% a previs\u00e3o de de crescimento do PIB deste ano de 5,8%, &#8220;em fun\u00e7\u00e3o de restri\u00e7\u00f5es de oferta&#8221; e piora no cen\u00e1rio fiscal. Para 2022, o banco espera desacelera\u00e7\u00e3o maior do que antes, porque os fatores que devem impulsionar o PIB deste ano em rela\u00e7\u00e3o ao tombo de 4,1% de 2020. Com isso, revisou de 2% para 1,5% a previs\u00e3o de crescimento do PIB do ano que vem.<\/p>\n<p>&nbsp;<\/p>\n<p>&#8220;A vacina\u00e7\u00e3o tem avan\u00e7ado e deve permitir uma volta \u00e0 normalidade econ\u00f4mica ainda neste ano. O principal risco a considerar \u00e9 o surgimento de variantes do v\u00edrus que afetem a efic\u00e1cia das vacinas aqui aplicadas&#8221;, alertou o banco em relat\u00f3rio divulgado nesta quinta-feira (12\/08).<\/p>\n<p>&nbsp;<\/p>\n<p>Os economistas do Ita\u00fa mantiveram as proje\u00e7\u00f5es para a infla\u00e7\u00e3o de 2021 e de 2022, em 6,9% e 3,9%, respectivamente. &#8220;A infla\u00e7\u00e3o corrente alta indica repasse para pre\u00e7os mais inerciais na economia, notadamente do setor de servi\u00e7os&#8221;, destacou a institui\u00e7\u00e3o que prev\u00ea a taxa b\u00e1sica de juros (Selic) encerrando o ano em 7,5%.<\/p>\n<p>&nbsp;<\/p>\n<p>Em rela\u00e7\u00e3o ao mercado de trabalho, apesar de manterem em 13% a previs\u00e3o da taxa de desemprego no fim de 2021, os economistas do Ita\u00fa elevaram de 11,9% para 12% a estimativa da taxa de desocupa\u00e7\u00e3o em 2022.<\/p>\n<p>&nbsp;<\/p>\n<p>O banco reduziu a previs\u00e3o para a d\u00edvida p\u00fablica bruta deste ano, de 88,8% do PIB para 80,9% do PIB. Contudo, em 2022, prev\u00ea crescimento desse endividamento para 81,1% do PIB fez um alerta para a piora nas contas p\u00fablicas em meio \u00e0s bombas fiscais que est\u00e3o sendo sinalizados pelo governo e pelo Congresso. &#8220;Apesar da melhora quantitativa na estimativa para o resultado prim\u00e1rio, acreditamos que os riscos em torno da manuten\u00e7\u00e3o da disciplina fiscal estejam aumentando, seja pela ren\u00fancia de receitas prevista na proposta de mudan\u00e7a na tributa\u00e7\u00e3o de renda e lucro, seja pelas maiores dificuldades de conciliar o cumprimento do teto de gastos com a acelera\u00e7\u00e3o da infla\u00e7\u00e3o, aumento inesperado do gasto com precat\u00f3rios e press\u00f5es para aumento do Bolsa Fam\u00edlia&#8221;, afirmou.<\/p>\n<p>&nbsp;<\/p>\n<p>O banco ainda manteve a proje\u00e7\u00e3o de R$ 4,75 para o d\u00f3lar no fim de 2021 e de R$ 5,10,\u00a0 no fim de 2022. &#8220;Reconhecemos, no entanto, que os riscos para esse cen\u00e1rio de aprecia\u00e7\u00e3o cambial aumentaram em linha com o aumento das preocupa\u00e7\u00f5es fiscais&#8221;, adicionou.<\/p>\n<p>Essa piora nas principais proje\u00e7\u00f5es do Ita\u00fa para a economia brasileira, confirma uma tend\u00eancia que foi <a href=\"https:\/\/blogs2.correiobraziliense.com.br\/vicente\/crise-politica-pode-fazer-pib-desacelerar-para-perto-de-1-em-2022\/\">sinalizada pelo Blog ontem, pois analistas j\u00e1 admitem que o PIB de 2022 dever\u00e1 apresentar um crescimento p\u00edfio com a piora do cen\u00e1rio fiscal e pol\u00edtico.\u00a0<\/a><\/p>\n<p>&nbsp;<\/p>\n","protected":false},"excerpt":{"rendered":"<p>ROSANA HESSEL Diante da piora no cen\u00e1rio fiscal, da infla\u00e7\u00e3o mais resistente e do aumento de incertezas em torno da capacidade de retomada no pa\u00eds, o Ita\u00fa Unibanco, piorou as proje\u00e7\u00f5es de crescimento da economia brasileira. A institui\u00e7\u00e3o financeira, que vinha elevando para cima as proje\u00e7\u00f5es de crescimento do Produto Interno Bruto (PIB) desde\u00a0a surpresa [&hellip;]<\/p>\n","protected":false},"author":22,"featured_media":19646,"comment_status":"open","ping_status":"closed","sticky":false,"template":"","format":"standard","meta":{"wpb_read_more":[],"footnotes":""},"categories":[600],"tags":[1212,5565,58,4848,718,4975],"class_list":["post-20392","post","type-post","status-publish","format-standard","has-post-thumbnail","hentry","category-economia","tag-itau-unibanco","tag-macroeconomia","tag-pib","tag-projecoes","tag-revisao","tag-riscos-fiscais"],"_links":{"self":[{"href":"https:\/\/blogs2.correiobraziliense.com.br\/vicente\/wp-json\/wp\/v2\/posts\/20392","targetHints":{"allow":["GET"]}}],"collection":[{"href":"https:\/\/blogs2.correiobraziliense.com.br\/vicente\/wp-json\/wp\/v2\/posts"}],"about":[{"href":"https:\/\/blogs2.correiobraziliense.com.br\/vicente\/wp-json\/wp\/v2\/types\/post"}],"author":[{"embeddable":true,"href":"https:\/\/blogs2.correiobraziliense.com.br\/vicente\/wp-json\/wp\/v2\/users\/22"}],"replies":[{"embeddable":true,"href":"https:\/\/blogs2.correiobraziliense.com.br\/vicente\/wp-json\/wp\/v2\/comments?post=20392"}],"version-history":[{"count":2,"href":"https:\/\/blogs2.correiobraziliense.com.br\/vicente\/wp-json\/wp\/v2\/posts\/20392\/revisions"}],"predecessor-version":[{"id":20396,"href":"https:\/\/blogs2.correiobraziliense.com.br\/vicente\/wp-json\/wp\/v2\/posts\/20392\/revisions\/20396"}],"wp:featuredmedia":[{"embeddable":true,"href":"https:\/\/blogs2.correiobraziliense.com.br\/vicente\/wp-json\/wp\/v2\/media\/19646"}],"wp:attachment":[{"href":"https:\/\/blogs2.correiobraziliense.com.br\/vicente\/wp-json\/wp\/v2\/media?parent=20392"}],"wp:term":[{"taxonomy":"category","embeddable":true,"href":"https:\/\/blogs2.correiobraziliense.com.br\/vicente\/wp-json\/wp\/v2\/categories?post=20392"},{"taxonomy":"post_tag","embeddable":true,"href":"https:\/\/blogs2.correiobraziliense.com.br\/vicente\/wp-json\/wp\/v2\/tags?post=20392"}],"curies":[{"name":"wp","href":"https:\/\/api.w.org\/{rel}","templated":true}]}}