{"id":20424,"date":"2021-08-13T17:56:47","date_gmt":"2021-08-13T20:56:47","guid":{"rendered":"https:\/\/blogs2.correiobraziliense.com.br\/vicente\/?p=20424"},"modified":"2021-08-13T18:18:28","modified_gmt":"2021-08-13T21:18:28","slug":"open-banking-falha-no-primeiro-dia-bancos-nao-conseguem-fazer-operacoes","status":"publish","type":"post","link":"https:\/\/blogs2.correiobraziliense.com.br\/vicente\/open-banking-falha-no-primeiro-dia-bancos-nao-conseguem-fazer-operacoes\/","title":{"rendered":"Open banking falha no primeiro dia. Bancos n\u00e3o conseguem fazer opera\u00e7\u00f5es"},"content":{"rendered":"<h2>O primeiro dia de funcionamento da segunda etapa do open banking foi marcado por muitas falhas. Os bancos selecionados para participar do sistema, que permite o compartilhamento de informa\u00e7\u00f5es de clientes, n\u00e3o funcionou a contento. As institui\u00e7\u00f5es ficaram sem comunica\u00e7\u00e3o.<\/h2>\n<p>&nbsp;<\/p>\n<p>Segundo os bancos, o Banco Central esqueceu de encaminhar para os participantes do open banking uma chave para que pudessem ter acesso \u00e0s mensagens compartilhadas entre entre eles. Portanto, ficou todo mundo no escuro. As institui\u00e7\u00f5es conseguiam enviar as mensagens sobre a clientela, mas ningu\u00e9m conseguia l\u00ea-las.<\/p>\n<p>&nbsp;<\/p>\n<p>Para integrantes do mercado, a maior falha do Banco Central foi a de n\u00e3o ter feito testes com os bancos. Por temer o fiasco, a Federa\u00e7\u00e3o Brasileira de Bancos (Febraban) montou uma sala de guerra para que nada sa\u00edsse errado por parte do mercado.<\/p>\n<p>&nbsp;<\/p>\n<p>Procurado, o Banco Central ainda n\u00e3o explicou o que aconteceu. Pelo que havia informado a autoridade monet\u00e1ria, a \u00a0segunda etapa do open banking deveria come\u00e7ar com mais de 100 institui\u00e7\u00f5es financeiras, das quais 11 s\u00e3o obrigat\u00f3rias. O restante optou por participar do projeto.<\/p>\n<p>&nbsp;<\/p>\n<p>O cronograma do open banking prev\u00ea que os clientes banc\u00e1rios entrar\u00e3o de forma escalonada no sistema. At\u00e9 12 de setembro, 50 mil pessoas, o correspondente a 0,1% dos consumidores, poder\u00e3o compartilhar seus dados. A meta do BC \u00e9 reduzir as taxas de juros a empresas e \u00e0s pessoas f\u00edsicas.<\/p>\n<p>&nbsp;<\/p>\n<p><em>Bras\u00edlia, 17h56min<\/em><\/p>\n","protected":false},"excerpt":{"rendered":"<p>O primeiro dia de funcionamento da segunda etapa do open banking foi marcado por muitas falhas. Os bancos selecionados para participar do sistema, que permite o compartilhamento de informa\u00e7\u00f5es de clientes, n\u00e3o funcionou a contento. As institui\u00e7\u00f5es ficaram sem comunica\u00e7\u00e3o. &nbsp; Segundo os bancos, o Banco Central esqueceu de encaminhar para os participantes do open [&hellip;]<\/p>\n","protected":false},"author":22,"featured_media":15102,"comment_status":"open","ping_status":"closed","sticky":false,"template":"","format":"standard","meta":{"wpb_read_more":[],"footnotes":""},"categories":[600],"tags":[589,4943,4547,5687],"class_list":["post-20424","post","type-post","status-publish","format-standard","has-post-thumbnail","hentry","category-economia","tag-economia","tag-financas","tag-negocios","tag-open-banking-falha-no-primeiro-dia-bancos-nao-conseguem-fazer-operacoes"],"_links":{"self":[{"href":"https:\/\/blogs2.correiobraziliense.com.br\/vicente\/wp-json\/wp\/v2\/posts\/20424","targetHints":{"allow":["GET"]}}],"collection":[{"href":"https:\/\/blogs2.correiobraziliense.com.br\/vicente\/wp-json\/wp\/v2\/posts"}],"about":[{"href":"https:\/\/blogs2.correiobraziliense.com.br\/vicente\/wp-json\/wp\/v2\/types\/post"}],"author":[{"embeddable":true,"href":"https:\/\/blogs2.correiobraziliense.com.br\/vicente\/wp-json\/wp\/v2\/users\/22"}],"replies":[{"embeddable":true,"href":"https:\/\/blogs2.correiobraziliense.com.br\/vicente\/wp-json\/wp\/v2\/comments?post=20424"}],"version-history":[{"count":1,"href":"https:\/\/blogs2.correiobraziliense.com.br\/vicente\/wp-json\/wp\/v2\/posts\/20424\/revisions"}],"predecessor-version":[{"id":20425,"href":"https:\/\/blogs2.correiobraziliense.com.br\/vicente\/wp-json\/wp\/v2\/posts\/20424\/revisions\/20425"}],"wp:featuredmedia":[{"embeddable":true,"href":"https:\/\/blogs2.correiobraziliense.com.br\/vicente\/wp-json\/wp\/v2\/media\/15102"}],"wp:attachment":[{"href":"https:\/\/blogs2.correiobraziliense.com.br\/vicente\/wp-json\/wp\/v2\/media?parent=20424"}],"wp:term":[{"taxonomy":"category","embeddable":true,"href":"https:\/\/blogs2.correiobraziliense.com.br\/vicente\/wp-json\/wp\/v2\/categories?post=20424"},{"taxonomy":"post_tag","embeddable":true,"href":"https:\/\/blogs2.correiobraziliense.com.br\/vicente\/wp-json\/wp\/v2\/tags?post=20424"}],"curies":[{"name":"wp","href":"https:\/\/api.w.org\/{rel}","templated":true}]}}