{"id":20426,"date":"2021-08-13T18:20:55","date_gmt":"2021-08-13T21:20:55","guid":{"rendered":"https:\/\/blogs2.correiobraziliense.com.br\/vicente\/?p=20426"},"modified":"2021-08-13T18:46:23","modified_gmt":"2021-08-13T21:46:23","slug":"bradesco-fecha-sua-maior-agencia-em-brasilia-por-surto-de-covid","status":"publish","type":"post","link":"https:\/\/blogs2.correiobraziliense.com.br\/vicente\/bradesco-fecha-sua-maior-agencia-em-brasilia-por-surto-de-covid\/","title":{"rendered":"Bradesco fecha sua maior ag\u00eancia em Bras\u00edlia por surto de covid"},"content":{"rendered":"<h2>O Bradesco fechou sua maior ag\u00eancia no Distrito Federal, a da 504 Sul, por causa de um surto de covid-19 entre seus funcion\u00e1rios. Pelo menos tr\u00eas empregados do banco testaram positivo para o novo coronav\u00edrus. H\u00e1 suspeitas de que os infectados tenham pegado a variante Delta.<\/h2>\n<p>&nbsp;<\/p>\n<p>Segundo o Bradesco, o fechamento de ag\u00eancias quando identificados casos de covid-19 \u00e9 regra . Todos os funcion\u00e1rios s\u00e3o mandados para casa, s\u00e3o submetidos a testes e recebem acompanhamento m\u00e9dico, se necess\u00e1rio.<\/p>\n<p>&nbsp;<\/p>\n<p>As ag\u00eancia nas quais os surtos foram identificados s\u00e3o sanitizadas, de forma que o retorno possa ser feito em seguran\u00e7a. O Bradesco informa, ainda, que, como os funcion\u00e1rios est\u00e3o trabalhando em regime de rod\u00edzio, uma equipe que est\u00e1 em casa substituir\u00e1 os que foram afastados.<\/p>\n<p>&nbsp;<\/p>\n<p>A perspectiva \u00e9 de que a ag\u00eancia da 504 Sul seja reaberta na pr\u00f3xima segunda-feira (16\/09).<\/p>\n<p>&nbsp;<\/p>\n<p><em>Bras\u00edlia, 18h20min<\/em><\/p>\n","protected":false},"excerpt":{"rendered":"<p>O Bradesco fechou sua maior ag\u00eancia no Distrito Federal, a da 504 Sul, por causa de um surto de covid-19 entre seus funcion\u00e1rios. Pelo menos tr\u00eas empregados do banco testaram positivo para o novo coronav\u00edrus. H\u00e1 suspeitas de que os infectados tenham pegado a variante Delta. &nbsp; Segundo o Bradesco, o fechamento de ag\u00eancias quando [&hellip;]<\/p>\n","protected":false},"author":22,"featured_media":20430,"comment_status":"open","ping_status":"closed","sticky":false,"template":"","format":"standard","meta":{"wpb_read_more":[],"footnotes":""},"categories":[600],"tags":[5689,589,4943,4547],"class_list":["post-20426","post","type-post","status-publish","format-standard","has-post-thumbnail","hentry","category-economia","tag-bradesco-fecha-sua-maior-agencia-em-brasilia-por-surto-de-covid","tag-economia","tag-financas","tag-negocios"],"_links":{"self":[{"href":"https:\/\/blogs2.correiobraziliense.com.br\/vicente\/wp-json\/wp\/v2\/posts\/20426","targetHints":{"allow":["GET"]}}],"collection":[{"href":"https:\/\/blogs2.correiobraziliense.com.br\/vicente\/wp-json\/wp\/v2\/posts"}],"about":[{"href":"https:\/\/blogs2.correiobraziliense.com.br\/vicente\/wp-json\/wp\/v2\/types\/post"}],"author":[{"embeddable":true,"href":"https:\/\/blogs2.correiobraziliense.com.br\/vicente\/wp-json\/wp\/v2\/users\/22"}],"replies":[{"embeddable":true,"href":"https:\/\/blogs2.correiobraziliense.com.br\/vicente\/wp-json\/wp\/v2\/comments?post=20426"}],"version-history":[{"count":1,"href":"https:\/\/blogs2.correiobraziliense.com.br\/vicente\/wp-json\/wp\/v2\/posts\/20426\/revisions"}],"predecessor-version":[{"id":20431,"href":"https:\/\/blogs2.correiobraziliense.com.br\/vicente\/wp-json\/wp\/v2\/posts\/20426\/revisions\/20431"}],"wp:featuredmedia":[{"embeddable":true,"href":"https:\/\/blogs2.correiobraziliense.com.br\/vicente\/wp-json\/wp\/v2\/media\/20430"}],"wp:attachment":[{"href":"https:\/\/blogs2.correiobraziliense.com.br\/vicente\/wp-json\/wp\/v2\/media?parent=20426"}],"wp:term":[{"taxonomy":"category","embeddable":true,"href":"https:\/\/blogs2.correiobraziliense.com.br\/vicente\/wp-json\/wp\/v2\/categories?post=20426"},{"taxonomy":"post_tag","embeddable":true,"href":"https:\/\/blogs2.correiobraziliense.com.br\/vicente\/wp-json\/wp\/v2\/tags?post=20426"}],"curies":[{"name":"wp","href":"https:\/\/api.w.org\/{rel}","templated":true}]}}