{"id":20451,"date":"2021-08-16T18:37:40","date_gmt":"2021-08-16T21:37:40","guid":{"rendered":"https:\/\/blogs2.correiobraziliense.com.br\/vicente\/?p=20451"},"modified":"2021-08-16T18:37:40","modified_gmt":"2021-08-16T21:37:40","slug":"artigo-uma-reforma-no-diva","status":"publish","type":"post","link":"https:\/\/blogs2.correiobraziliense.com.br\/vicente\/artigo-uma-reforma-no-diva\/","title":{"rendered":"Artigo: Uma reforma no div\u00e3"},"content":{"rendered":"<p><em>ILAN GORIN*<\/em><\/p>\n<p><em>\u00a0No consult\u00f3rio, o psicanalista pede \u00e0 paciente que entre.<\/em><\/p>\n<p><em>&#8211; Bom dia, doutor. Acredito que voc\u00ea j\u00e1 saiba, sou a Reforma Tribut\u00e1ria 2021.<\/em><\/p>\n<p><em>&#8211; Sim, bom dia, Reforma. O que te traz aqui?<\/em><\/p>\n<p><em>&#8211; Nasci h\u00e1 dois meses e desde ent\u00e3o tenho questionado a raz\u00e3o da minha exist\u00eancia. \u00a0Ent\u00e3o, eu queria me abrir contigo para saber o que fazer.<\/em><\/p>\n<p><em>\u201c Nunca vi uma reforma com desejo de se abrir\u201d, pensou o psicanalista.<\/em><\/p>\n<p><em>&#8211; Tudo come\u00e7ou quando meus pais tiveram obriga\u00e7\u00e3o de corrigir a tabela do imposto de renda, que j\u00e1 estava congelada h\u00e1 seis anos, mas o governo alegava que n\u00e3o tinha dinheiro para isso. Nem sei por que n\u00e3o tinham, eles estavam com a arrecada\u00e7\u00e3o maior exatamente pelo congelamento. Mas inventaram que era preciso cobrar mais impostos para bancar isso. A infla\u00e7\u00e3o s\u00f3 foi repassada para a faixa de isen\u00e7\u00e3o. Todas as outras foram reajustadas pela metade da infla\u00e7\u00e3o. E eles ainda limitaram muito o desconto padr\u00e3o.<\/em><\/p>\n<p><em>Ent\u00e3o, quiseram acabar com os juros sobre o capital pr\u00f3prio e criaram o imposto sobre dividendos. Ao mesmo tempo reduziram a al\u00edquota do imposto de renda das empresas. E ainda dizem, pelos \u00faltimos c\u00e1lculos, que isso vai gerar queda da arrecada\u00e7\u00e3o. Essa confus\u00e3o toda me deixa assim, em crise existencial. \u00a0<\/em><\/p>\n<p><em>&#8211; \u00a0Por que voc\u00ea se sente assim?<\/em><\/p>\n<p><em>&#8211; Porque se era para cobrir o reajuste da tabela que nem precisava ser coberto, para que eu nasci? Eles dizem que empresa \u00e9 uma coisa e acionista \u00e9 outra, sendo que o bolso \u00e9 o mesmo ,realmente, essa \u00e9 uma hist\u00f3ria da Carochinha.<\/em><\/p>\n<p><em>&#8211; Voc\u00ea n\u00e3o gosta de hist\u00f3rias da Carochinha?<\/em><\/p>\n<p><em>&#8211; Ah, gosto para l\u00ea-las antes de dormir, n\u00e3o para viver em fun\u00e7\u00e3o delas. Ser\u00e1 que calcularam as consequ\u00eancias da minha exist\u00eancia, quando me planejaram? Quando disseram que queriam acabar com o JCP, alegaram que ao longo de 25 anos esses juros n\u00e3o teriam favorecido a capitaliza\u00e7\u00e3o pr\u00f3pria das empresas. Mas, na realidade, houve o dobro de capta\u00e7\u00e3o de recursos pr\u00f3prios comparado com o crescimento do endividamento. O problema \u00e9 que eu nasci de uma mentira, e n\u00e3o me sinto bem por isso.<\/em><\/p>\n<p><em>&#8211; O que eu sei \u00e9 que estou passando vergonha, porque o JCP esta fazendo o maior sucesso na Europa. Em 2022, todos os pa\u00edses europeus v\u00e3o aderir \u00e0 ele. Estou aqui como a vil\u00e3 que acaba com uma figura que nutre a sa\u00fade financeira das empresas, que incentiva investimentos para gerar neg\u00f3cios e empregos.Por que s\u00f3 valer\u00e1 a pena deixar o dinheiro no mercado financeiro, que pagar\u00e1 muito menos tributos.<\/em><\/p>\n<p><em>&#8211; Como tem sido a conviv\u00eancia com teus pais em casa?<\/em><\/p>\n<p><em>-Eles fazem com que eu me sinta culpada por essas perspectivas sombrias. As empresas de lucro presumido que regularmente distribuem o lucro que auferem ter\u00e3o que pagar 90% a mais. Al\u00e9m disso, as empresas de lucro real podem ter 35% de aumento.<\/em><\/p>\n<p><em>Doutor, o que voc\u00ea me diz?<\/em><\/p>\n<p><em>&#8211; Reforma, \u00e9 importante que os seus pais tamb\u00e9m venham aqui para um atendimento. Quem sabe \u00e9 poss\u00edvel resolver isso de forma mais simples do que voc\u00ea imagina? Nesse sentido, vou sugerir aos seus pais que corram at\u00e9 um cart\u00f3rio e troquem com urg\u00eancia o seu nome de Reforma Tributaria para Reforma Administrativa. Assim, voc\u00ea come\u00e7ar\u00e1 a reconstruir sua exist\u00eancia com mais prop\u00f3sito.<\/em><\/p>\n<p>&nbsp;<\/p>\n<p><strong><em>*Tributarista, s\u00f3cio da Gorin Advocaci<\/em>a<\/strong><\/p>\n","protected":false},"excerpt":{"rendered":"<p>ILAN GORIN* \u00a0No consult\u00f3rio, o psicanalista pede \u00e0 paciente que entre. &#8211; Bom dia, doutor. Acredito que voc\u00ea j\u00e1 saiba, sou a Reforma Tribut\u00e1ria 2021. &#8211; Sim, bom dia, Reforma. O que te traz aqui? &#8211; Nasci h\u00e1 dois meses e desde ent\u00e3o tenho questionado a raz\u00e3o da minha exist\u00eancia. \u00a0Ent\u00e3o, eu queria me abrir [&hellip;]<\/p>\n","protected":false},"author":22,"featured_media":19579,"comment_status":"open","ping_status":"closed","sticky":false,"template":"","format":"standard","meta":{"wpb_read_more":[],"footnotes":""},"categories":[600],"tags":[3452,5581,5647,1350],"class_list":["post-20451","post","type-post","status-publish","format-standard","has-post-thumbnail","hentry","category-economia","tag-artigo","tag-ilan-gorin","tag-jcp","tag-reforma-tributaria"],"_links":{"self":[{"href":"https:\/\/blogs2.correiobraziliense.com.br\/vicente\/wp-json\/wp\/v2\/posts\/20451","targetHints":{"allow":["GET"]}}],"collection":[{"href":"https:\/\/blogs2.correiobraziliense.com.br\/vicente\/wp-json\/wp\/v2\/posts"}],"about":[{"href":"https:\/\/blogs2.correiobraziliense.com.br\/vicente\/wp-json\/wp\/v2\/types\/post"}],"author":[{"embeddable":true,"href":"https:\/\/blogs2.correiobraziliense.com.br\/vicente\/wp-json\/wp\/v2\/users\/22"}],"replies":[{"embeddable":true,"href":"https:\/\/blogs2.correiobraziliense.com.br\/vicente\/wp-json\/wp\/v2\/comments?post=20451"}],"version-history":[{"count":2,"href":"https:\/\/blogs2.correiobraziliense.com.br\/vicente\/wp-json\/wp\/v2\/posts\/20451\/revisions"}],"predecessor-version":[{"id":20453,"href":"https:\/\/blogs2.correiobraziliense.com.br\/vicente\/wp-json\/wp\/v2\/posts\/20451\/revisions\/20453"}],"wp:featuredmedia":[{"embeddable":true,"href":"https:\/\/blogs2.correiobraziliense.com.br\/vicente\/wp-json\/wp\/v2\/media\/19579"}],"wp:attachment":[{"href":"https:\/\/blogs2.correiobraziliense.com.br\/vicente\/wp-json\/wp\/v2\/media?parent=20451"}],"wp:term":[{"taxonomy":"category","embeddable":true,"href":"https:\/\/blogs2.correiobraziliense.com.br\/vicente\/wp-json\/wp\/v2\/categories?post=20451"},{"taxonomy":"post_tag","embeddable":true,"href":"https:\/\/blogs2.correiobraziliense.com.br\/vicente\/wp-json\/wp\/v2\/tags?post=20451"}],"curies":[{"name":"wp","href":"https:\/\/api.w.org\/{rel}","templated":true}]}}