{"id":20454,"date":"2021-08-16T20:21:36","date_gmt":"2021-08-16T23:21:36","guid":{"rendered":"https:\/\/blogs2.correiobraziliense.com.br\/vicente\/?p=20454"},"modified":"2021-08-16T20:30:26","modified_gmt":"2021-08-16T23:30:26","slug":"bolsonaro-foi-avisado-de-que-nao-havera-desfile-de-sete-de-setembro","status":"publish","type":"post","link":"https:\/\/blogs2.correiobraziliense.com.br\/vicente\/bolsonaro-foi-avisado-de-que-nao-havera-desfile-de-sete-de-setembro\/","title":{"rendered":"Bolsonaro foi avisado de que n\u00e3o haver\u00e1 desfile de Sete de Setembro"},"content":{"rendered":"<h2>O presidente Jair Bolsonaro foi comunicado pelas For\u00e7as Armadas de que n\u00e3o haver\u00e1 desfile de Sete de Setembro, Dia da Independ\u00eancia, na Esplanada dos Minist\u00e9rios.<\/h2>\n<p>&nbsp;<\/p>\n<p>Num primeiro momento, ele relutou, mas acabou sendo convencido de que n\u00e3o \u00e9 o momento de extravag\u00e2ncias, com a pandemia do novo coronav\u00edrus ainda matando muito gente.<\/p>\n<p>&nbsp;<\/p>\n<p>Est\u00e1 confirmado, por\u00e9m, o hasteamento da Bandeira no Pal\u00e1cio da Alvorada. O presidente n\u00e3o abre m\u00e3o desse evento. Foi o que ocorreu no ano passado.<\/p>\n<p>&nbsp;<\/p>\n<p>J\u00e1 foram realizadas tr\u00eas reuni\u00f5es em torno do Sete de Setembro. Al\u00e9m do ato no Alvorada, haver\u00e1 algumas a\u00e7\u00f5es espec\u00edficas, como a exibi\u00e7\u00e3o da Esquadrilha da Fuma\u00e7a.<\/p>\n<p>&nbsp;<\/p>\n<p>As For\u00e7as Armadas n\u00e3o querem fazer mais barulho. J\u00e1 bastou o estrago feito pelo desfile de blindados no dia em que a C\u00e2mara enterraria a PEC do voto impresso.<\/p>\n<p>&nbsp;<\/p>\n<p><em>Bras\u00edlia, 20h21min<\/em><\/p>\n","protected":false},"excerpt":{"rendered":"<p>O presidente Jair Bolsonaro foi comunicado pelas For\u00e7as Armadas de que n\u00e3o haver\u00e1 desfile de Sete de Setembro, Dia da Independ\u00eancia, na Esplanada dos Minist\u00e9rios. &nbsp; Num primeiro momento, ele relutou, mas acabou sendo convencido de que n\u00e3o \u00e9 o momento de extravag\u00e2ncias, com a pandemia do novo coronav\u00edrus ainda matando muito gente. &nbsp; Est\u00e1 [&hellip;]<\/p>\n","protected":false},"author":22,"featured_media":20336,"comment_status":"open","ping_status":"closed","sticky":false,"template":"","format":"standard","meta":{"wpb_read_more":[],"footnotes":""},"categories":[600],"tags":[],"class_list":["post-20454","post","type-post","status-publish","format-standard","has-post-thumbnail","hentry","category-economia"],"_links":{"self":[{"href":"https:\/\/blogs2.correiobraziliense.com.br\/vicente\/wp-json\/wp\/v2\/posts\/20454","targetHints":{"allow":["GET"]}}],"collection":[{"href":"https:\/\/blogs2.correiobraziliense.com.br\/vicente\/wp-json\/wp\/v2\/posts"}],"about":[{"href":"https:\/\/blogs2.correiobraziliense.com.br\/vicente\/wp-json\/wp\/v2\/types\/post"}],"author":[{"embeddable":true,"href":"https:\/\/blogs2.correiobraziliense.com.br\/vicente\/wp-json\/wp\/v2\/users\/22"}],"replies":[{"embeddable":true,"href":"https:\/\/blogs2.correiobraziliense.com.br\/vicente\/wp-json\/wp\/v2\/comments?post=20454"}],"version-history":[{"count":1,"href":"https:\/\/blogs2.correiobraziliense.com.br\/vicente\/wp-json\/wp\/v2\/posts\/20454\/revisions"}],"predecessor-version":[{"id":20455,"href":"https:\/\/blogs2.correiobraziliense.com.br\/vicente\/wp-json\/wp\/v2\/posts\/20454\/revisions\/20455"}],"wp:featuredmedia":[{"embeddable":true,"href":"https:\/\/blogs2.correiobraziliense.com.br\/vicente\/wp-json\/wp\/v2\/media\/20336"}],"wp:attachment":[{"href":"https:\/\/blogs2.correiobraziliense.com.br\/vicente\/wp-json\/wp\/v2\/media?parent=20454"}],"wp:term":[{"taxonomy":"category","embeddable":true,"href":"https:\/\/blogs2.correiobraziliense.com.br\/vicente\/wp-json\/wp\/v2\/categories?post=20454"},{"taxonomy":"post_tag","embeddable":true,"href":"https:\/\/blogs2.correiobraziliense.com.br\/vicente\/wp-json\/wp\/v2\/tags?post=20454"}],"curies":[{"name":"wp","href":"https:\/\/api.w.org\/{rel}","templated":true}]}}