{"id":20464,"date":"2021-08-17T17:20:09","date_gmt":"2021-08-17T20:20:09","guid":{"rendered":"https:\/\/blogs2.correiobraziliense.com.br\/vicente\/?p=20464"},"modified":"2021-08-17T17:20:09","modified_gmt":"2021-08-17T20:20:09","slug":"ruidos-em-torno-do-bolsa-familia-sao-crescentes-e-isso-e-um-fato-diz-campos-neto","status":"publish","type":"post","link":"https:\/\/blogs2.correiobraziliense.com.br\/vicente\/ruidos-em-torno-do-bolsa-familia-sao-crescentes-e-isso-e-um-fato-diz-campos-neto\/","title":{"rendered":"&#8220;Ru\u00eddos em torno do Bolsa Fam\u00edlia s\u00e3o crescentes e isso \u00e9 um fato&#8221;, diz Campos Neto"},"content":{"rendered":"<h2>ROSANA HESSEL<\/h2>\n<h2><\/h2>\n<h2>O presidente do Banco Central, Roberto Campos Neto, reconheceu que o aumento das incertezas em torno do novo Bolsa Fam\u00edlia e da Proposta de Emenda \u00e0 Constitui\u00e7\u00e3o (PEC) que prev\u00ea o adiamento do pagamento dos precat\u00f3rios est\u00e3o provocando ru\u00eddos excessivos no mercado em rela\u00e7\u00e3o \u00e0 sustentabilidade das contas p\u00fablicas, uma vez que, at\u00e9 o momento, o governo n\u00e3o deixou claro como vai efetivamente buscar recursos para ampliar o programa que dar\u00e1 lugar ao Aux\u00edlio Brasil, previsto na Medida Provis\u00f3ria 1061\/21.<\/h2>\n<h2><\/h2>\n<p>&#8220;Os ru\u00eddos em torno do Bolsa Fam\u00edlia s\u00e3o crescentes e reconhecemos que isso \u00e9 um fato. E o governo ainda precisa dar uma mensagem mais forte sobre isso, porque tudo depende de como o governo vai fazer o Bolsa Fam\u00edlia e de onde o dinheiro vier&#8221;, afirmou o ministro, nesta ter\u00e7a-feira (17\/8) em uma videoconfer\u00eancias com investidores estrangeiros organizada pelo Bradesco BBI.\u00a0 Ele citou a\u00a0 PEC dos precat\u00f3rios &#8220;e outras medidas recentes do governo&#8221; como ingredientes para a piora na percep\u00e7\u00e3o do mercado em torno dos riscos fiscais.<\/p>\n<p>&nbsp;<\/p>\n<p>De acordo com Campo Neto, quando faz an\u00e1lise do balan\u00e7o de riscos, o BC olha para todas as informa\u00e7\u00f5es dos modelos e considera tamb\u00e9m a quest\u00e3o fiscal do pa\u00eds, que vem sendo tamb\u00e9m um motivo de preocupa\u00e7\u00e3o dos investidores estrangeiros. Logo, segundo o ministro, o governo precisa sinalizar melhor que pretende respeitar as regras fiscais, afim de n\u00e3o prejudicar o trabalho do BC, que precisar\u00e1 elevar os juros cada vez mais para conter as press\u00f5es inflacion\u00e1rias que est\u00e3o vindo de v\u00e1rios lados, principalmente, nos pre\u00e7os administrados, como a energia.\u00a0\u00a0&#8220;Se o pa\u00eds n\u00e3o tiver uma disciplina fiscal, em termos de pol\u00edtica macroecon\u00f4mica, ser\u00e1 muito dif\u00edcil para a pol\u00edtica monet\u00e1ria ser eficiente&#8221;, afirmou.<\/p>\n<p>&nbsp;<\/p>\n<p>O presidente do BC demonstrou preocupa\u00e7\u00e3o crescente com a quest\u00e3o fiscal, que tem pesado no balan\u00e7o de riscos da autoridade monet\u00e1ria que, na \u00faltima reuni\u00e3o do Comit\u00ea de Pol\u00edtica Monet\u00e1ria (Copom), elevou a taxa b\u00e1sica da economia (Selic) em 1,0 ponto percentual, para 5,25% ao ano, devido ao fato de as press\u00f5es inflacion\u00e1rias n\u00e3o serem tempor\u00e1rias, como inicialmente previsto. O Comit\u00ea ainda sinalizou que pretende elevar os juros b\u00e1sicos acima do patamar neutro, atualmente entre 6,5% e 7%, o que vem aumentando as apostas do mercado para uma Selic de 8% at\u00e9 o in\u00edcio de 2022.<\/p>\n<p>&nbsp;<\/p>\n<p>O ministro refor\u00e7ou que a prioridade do Banco Central continua sendo o controle da infla\u00e7\u00e3o e, nesse sentido, a autoridade monet\u00e1ria far\u00e1 o &#8220;o que for necess\u00e1rio&#8221; \u00b4para cumprir a meta. &#8220;Reconhecemos que h\u00e1 muito ru\u00eddo em torno da quest\u00e3o fiscal, com a crise pol\u00edtica e a aproxima\u00e7\u00e3o das elei\u00e7\u00f5es, mas o BC continua olhando para o seu balan\u00e7o de riscos e far\u00e1 o que for necess\u00e1rio para cumprir a sua meta&#8221;, disse.\u00a0 Ele lembrou que a infla\u00e7\u00e3o elevada atrapalha o crescimento, e, por conta disso, as proje\u00e7\u00f5es recentes do mercado para o Produto Interno Bruto (PIB) de 2022 est\u00e3o sendo revisadas para baixo e est\u00e3o ficando abaixo de 2%.<\/p>\n<p>&nbsp;<\/p>\n<p>De acordo com o presidente do BC, apesar do aumento dos ru\u00eddos em torno das incertezas em rela\u00e7\u00e3o \u00e0s contas p\u00fablicas, os n\u00fameros atuais das contas p\u00fablicas s\u00e3o melhores do que os do ano passado. &#8220;O que vemos \u00e9 um cen\u00e1rio melhor, mas tudo depende de como o governo vai conseguir o s recursos para um programa social maior, como vem prometendo&#8221;, disse.<\/p>\n<p>&nbsp;<\/p>\n<p>Campos Neto destacou que o processo de recupera\u00e7\u00e3o da pandemia est\u00e1 sendo diferente nos v\u00e1rios pa\u00edses e tamb\u00e9m nos setores da economia. Al\u00e9m disso, refor\u00e7ou que a alta da infla\u00e7\u00e3o est\u00e1 generalizada. Mas, no caso do Brasil, ele reconheceu que os riscos est\u00e3o maiores do que antes e, para piorar, as novas previs\u00f5es do mercado para o \u00cdndice de Pre\u00e7os ao Consumidor Amplo (IPCA) t\u00eam ficado em torno de 7%, acima da m\u00e9dia dos pa\u00edses emergentes, em torno de 4% e 5%, e abaixo apenas da previs\u00e3o para o custo de vida da Ucr\u00e2nia, de 8,4%.<\/p>\n<p>&nbsp;<\/p>\n<p>O teto da meta de infla\u00e7\u00e3o deste ano definido pelo Conselho Monet\u00e1rio Nacional (CMN), de 5,25%, n\u00e3o ser\u00e1 cumprido porque as proje\u00e7\u00f5es atuais do mercado para o IPCA est\u00e3o em 7,05%, conforme o \u00faltimo boletim Focus, do BC. Logo, a autoridade monet\u00e1ria precisa focar na infla\u00e7\u00e3o do ano que vem, cuja meta de 3,5%, tem um teto de 5%, mas algumas estimativas j\u00e1 apontam o IPCA superando 4% devido \u00e0 in\u00e9rcia dos pre\u00e7os elevados deste ano, que pode ajudar a pressionar a infla\u00e7\u00e3o do ano que vem.<\/p>\n<p>&nbsp;<\/p>\n<p>Ao avaliar a fala de Campos Neto, o diretor do Departamento de Pesquisas do Bradesco, Fernando Honorato, disse que o ministro destacou o esfor\u00e7o do BC em busca da converg\u00eancia da infla\u00e7\u00e3o para a meta no ano que vem. &#8220;Quando a infla\u00e7\u00e3o \u00e9 alta, atrapalha o crescimento&#8221;, afirmou. &#8220;O ru\u00eddo fiscal est\u00e1 elevado, mas, na pr\u00e1tica o impulso pode ser pequeno; mercado de cr\u00e9dito esta robusto e o BC tem ampla agenda de tecnologia e sustentabilidade&#8221;, acrescentou o economista do Bradesco.<\/p>\n<p>&nbsp;<\/p>\n<p>&nbsp;<\/p>\n","protected":false},"excerpt":{"rendered":"<p>ROSANA HESSEL O presidente do Banco Central, Roberto Campos Neto, reconheceu que o aumento das incertezas em torno do novo Bolsa Fam\u00edlia e da Proposta de Emenda \u00e0 Constitui\u00e7\u00e3o (PEC) que prev\u00ea o adiamento do pagamento dos precat\u00f3rios est\u00e3o provocando ru\u00eddos excessivos no mercado em rela\u00e7\u00e3o \u00e0 sustentabilidade das contas p\u00fablicas, uma vez que, at\u00e9 [&hellip;]<\/p>\n","protected":false},"author":22,"featured_media":20465,"comment_status":"open","ping_status":"closed","sticky":false,"template":"","format":"standard","meta":{"wpb_read_more":[],"footnotes":""},"categories":[600],"tags":[3,5693,99,14,5686,4975,3714,2411],"class_list":["post-20464","post","type-post","status-publish","format-standard","has-post-thumbnail","hentry","category-economia","tag-banco-central","tag-bradesco-bbi","tag-copom","tag-inflacao","tag-questao-fiscal","tag-riscos-fiscais","tag-roberto-campos-neto","tag-ruidos"],"_links":{"self":[{"href":"https:\/\/blogs2.correiobraziliense.com.br\/vicente\/wp-json\/wp\/v2\/posts\/20464","targetHints":{"allow":["GET"]}}],"collection":[{"href":"https:\/\/blogs2.correiobraziliense.com.br\/vicente\/wp-json\/wp\/v2\/posts"}],"about":[{"href":"https:\/\/blogs2.correiobraziliense.com.br\/vicente\/wp-json\/wp\/v2\/types\/post"}],"author":[{"embeddable":true,"href":"https:\/\/blogs2.correiobraziliense.com.br\/vicente\/wp-json\/wp\/v2\/users\/22"}],"replies":[{"embeddable":true,"href":"https:\/\/blogs2.correiobraziliense.com.br\/vicente\/wp-json\/wp\/v2\/comments?post=20464"}],"version-history":[{"count":2,"href":"https:\/\/blogs2.correiobraziliense.com.br\/vicente\/wp-json\/wp\/v2\/posts\/20464\/revisions"}],"predecessor-version":[{"id":20467,"href":"https:\/\/blogs2.correiobraziliense.com.br\/vicente\/wp-json\/wp\/v2\/posts\/20464\/revisions\/20467"}],"wp:featuredmedia":[{"embeddable":true,"href":"https:\/\/blogs2.correiobraziliense.com.br\/vicente\/wp-json\/wp\/v2\/media\/20465"}],"wp:attachment":[{"href":"https:\/\/blogs2.correiobraziliense.com.br\/vicente\/wp-json\/wp\/v2\/media?parent=20464"}],"wp:term":[{"taxonomy":"category","embeddable":true,"href":"https:\/\/blogs2.correiobraziliense.com.br\/vicente\/wp-json\/wp\/v2\/categories?post=20464"},{"taxonomy":"post_tag","embeddable":true,"href":"https:\/\/blogs2.correiobraziliense.com.br\/vicente\/wp-json\/wp\/v2\/tags?post=20464"}],"curies":[{"name":"wp","href":"https:\/\/api.w.org\/{rel}","templated":true}]}}