{"id":20472,"date":"2021-08-17T21:36:06","date_gmt":"2021-08-18T00:36:06","guid":{"rendered":"https:\/\/blogs2.correiobraziliense.com.br\/vicente\/?p=20472"},"modified":"2021-08-17T21:51:12","modified_gmt":"2021-08-18T00:51:12","slug":"estados-unidos-jamais-apoiariam-volta-da-ditadura-no-brasil","status":"publish","type":"post","link":"https:\/\/blogs2.correiobraziliense.com.br\/vicente\/estados-unidos-jamais-apoiariam-volta-da-ditadura-no-brasil\/","title":{"rendered":"Estados Unidos jamais apoiariam volta da ditadura no Brasil"},"content":{"rendered":"<h2>Em conversas reservadas, integrantes do governo dos Estados Unidos dizem que n\u00e3o h\u00e1 a menor possibilidade de o pa\u00eds apoiar o retorno da ditadura no Brasil, como pregam defensores do presidente Jair Bolsonaro. &#8220;Nunca ouvimos embaixadores dos EUA e de pa\u00edses relevantes falarem em apoio \u00e0 ditadura no Brasil&#8221;, diz uma autoridade norte-americana.<\/h2>\n<p>&nbsp;<\/p>\n<p>Segundo essa mesma fonte, o futuro do Brasil n\u00e3o vai depender de uma pessoa, mas das institui\u00e7\u00f5es reconhecidas, que s\u00e3o fortes e independentes. &#8220;Essas institui\u00e7\u00f5es v\u00e3o impedir que algo fora da Constitui\u00e7\u00e3o ocorra no Brasil&#8221;, acrescenta. Ela lembra que os EUA e seus aliados est\u00e3o de olhos bem aberto em rela\u00e7\u00e3o ao que se passa no Brasil atualmente.<\/p>\n<p>&nbsp;<\/p>\n<p>Outro integrante do governo de Joe Biden afirma que os Estados Unidos n\u00e3o escolhem vencedores ou perdedores. &#8220;Isso cabe aos eleitores. E n\u00f3s temos total confian\u00e7a no sistema eleitoral brasileiro&#8221;, complementa. &#8220;Trabalhamos com l\u00edderes eleitos, gostemos ou n\u00e3o.&#8221;<\/p>\n<p>&nbsp;<\/p>\n<p>Para as autoridades norte-americanas, n\u00e3o h\u00e1 interesse em ruptura institucional no Brasil, nem por parte dos EUA, nem dos pa\u00edses vizinhos nem dos parceiros comerciais. &#8220;Certamente, se aparecesse qualquer sinal efetivo de que o Brasil voltaria para uma ditadura, trabalhar\u00edamos para reverter isso&#8221;, frisa.<\/p>\n<p>&nbsp;<\/p>\n<p><em>Bras\u00edlia, 21h36min<\/em><\/p>\n","protected":false},"excerpt":{"rendered":"<p>Em conversas reservadas, integrantes do governo dos Estados Unidos dizem que n\u00e3o h\u00e1 a menor possibilidade de o pa\u00eds apoiar o retorno da ditadura no Brasil, como pregam defensores do presidente Jair Bolsonaro. &#8220;Nunca ouvimos embaixadores dos EUA e de pa\u00edses relevantes falarem em apoio \u00e0 ditadura no Brasil&#8221;, diz uma autoridade norte-americana. &nbsp; Segundo [&hellip;]<\/p>\n","protected":false},"author":22,"featured_media":16431,"comment_status":"open","ping_status":"closed","sticky":false,"template":"","format":"standard","meta":{"wpb_read_more":[],"footnotes":""},"categories":[600],"tags":[],"class_list":["post-20472","post","type-post","status-publish","format-standard","has-post-thumbnail","hentry","category-economia"],"_links":{"self":[{"href":"https:\/\/blogs2.correiobraziliense.com.br\/vicente\/wp-json\/wp\/v2\/posts\/20472","targetHints":{"allow":["GET"]}}],"collection":[{"href":"https:\/\/blogs2.correiobraziliense.com.br\/vicente\/wp-json\/wp\/v2\/posts"}],"about":[{"href":"https:\/\/blogs2.correiobraziliense.com.br\/vicente\/wp-json\/wp\/v2\/types\/post"}],"author":[{"embeddable":true,"href":"https:\/\/blogs2.correiobraziliense.com.br\/vicente\/wp-json\/wp\/v2\/users\/22"}],"replies":[{"embeddable":true,"href":"https:\/\/blogs2.correiobraziliense.com.br\/vicente\/wp-json\/wp\/v2\/comments?post=20472"}],"version-history":[{"count":1,"href":"https:\/\/blogs2.correiobraziliense.com.br\/vicente\/wp-json\/wp\/v2\/posts\/20472\/revisions"}],"predecessor-version":[{"id":20473,"href":"https:\/\/blogs2.correiobraziliense.com.br\/vicente\/wp-json\/wp\/v2\/posts\/20472\/revisions\/20473"}],"wp:featuredmedia":[{"embeddable":true,"href":"https:\/\/blogs2.correiobraziliense.com.br\/vicente\/wp-json\/wp\/v2\/media\/16431"}],"wp:attachment":[{"href":"https:\/\/blogs2.correiobraziliense.com.br\/vicente\/wp-json\/wp\/v2\/media?parent=20472"}],"wp:term":[{"taxonomy":"category","embeddable":true,"href":"https:\/\/blogs2.correiobraziliense.com.br\/vicente\/wp-json\/wp\/v2\/categories?post=20472"},{"taxonomy":"post_tag","embeddable":true,"href":"https:\/\/blogs2.correiobraziliense.com.br\/vicente\/wp-json\/wp\/v2\/tags?post=20472"}],"curies":[{"name":"wp","href":"https:\/\/api.w.org\/{rel}","templated":true}]}}