{"id":20475,"date":"2021-08-18T15:02:01","date_gmt":"2021-08-18T18:02:01","guid":{"rendered":"https:\/\/blogs2.correiobraziliense.com.br\/vicente\/?p=20475"},"modified":"2021-08-18T15:02:01","modified_gmt":"2021-08-18T18:02:01","slug":"ifi-faz-novo-alerta-para-o-aumento-dos-riscos-fiscais","status":"publish","type":"post","link":"https:\/\/blogs2.correiobraziliense.com.br\/vicente\/ifi-faz-novo-alerta-para-o-aumento-dos-riscos-fiscais\/","title":{"rendered":"IFI faz novo alerta para o aumento dos riscos fiscais"},"content":{"rendered":"<h2>ROSANA HESSEL<\/h2>\n<h2><\/h2>\n<h2>Os riscos fiscais est\u00e3o aumentando em um cen\u00e1rio cada vez mais incerto de acordo com a Institui\u00e7\u00e3o Fiscal Independente (IFI), apesar da sens\u00edvel melhora na arrecada\u00e7\u00e3o e nas perspectivas da entidade ligada ao Senado Federal de crescimento do Produto Interno Bruto (PIB) neste ano. A entidade, inclusive, antecipa que vai revisar as proje\u00e7\u00f5es para 2022, apontando uma piora no cen\u00e1rio macroecon\u00f4mico, com desacelera\u00e7\u00e3o maior da atividade no ano que vem.<\/h2>\n<h2><\/h2>\n<p>Conforme a nova edi\u00e7\u00e3o do Relat\u00f3rio de Acompanhamento Fiscal (RAF), divulgado nesta quarta-feira (18\/08), a tend\u00eancia \u00e9 de piora nas contas p\u00fablicas no ano que vem,\u00a0 em meio \u00e0s press\u00f5es inflacion\u00e1rias crescentes e aumento dos riscos para as contas p\u00fablicas diante\u00a0de medidas nada ortodoxas adotadas pelo ministro da Economia, Paulo Guedes, que defende com unhas e dentes a Proposta de Emenda \u00e0 Constitui\u00e7\u00e3o (PEC) que trata do adiamento no pagamento de precat\u00f3rios &#8212; d\u00edvidas judiciais da Uni\u00e3o &#8212; com valores acima de R$ 66 milh\u00f5es por 10 anos, como forma de arrumar espa\u00e7o para financiar o novo Bolsa Fam\u00edlia, chamado de Aux\u00edlio Brasil e que ainda n\u00e3o tem recurso para o financiamento.\u00a0 A reforma do Imposto de Renda e o novo Refis tamb\u00e9m s\u00e3o apontados como ingredientes do aumento do risco fiscal.<\/p>\n<p>&nbsp;<\/p>\n<p>&#8220;Apesar do maior crescimento em 2021, refletindo commodities e base baixa de compara\u00e7\u00e3o, os riscos aumentaram com a infla\u00e7\u00e3o persistente, a incerteza externa e, sobretudo, o quadro fiscal deteriorado. A PEC dos precat\u00f3rios e a reforma do IR ter\u00e3o efeitos enormes\u201d, destacou o diretor-executivo da IFI, Felipe Salto, em entrevista ao<strong> Blog<\/strong>. &#8220;Para 2022, j\u00e1 vislumbramos crescimento menor. Revisaremos os cen\u00e1rios em breve, mas o relat\u00f3rio de hoje traz todas as indica\u00e7\u00f5es desde j\u00e1\u201d, acrescentou.<\/p>\n<p>&nbsp;<\/p>\n<p>No relat\u00f3rio, da IFI destaca como term\u00f4metro do aumento do risco fiscal junto ao mercado a eleva\u00e7\u00e3o das taxas de juros dos t\u00edtulos p\u00fablicos que voltaram ao patamar de dois d\u00edgitos. Com base dos dados da estrutura a termo da taxa de juros, calculada pela Associa\u00e7\u00e3o Brasileira das Entidades dos\u00a0Mercados Financeiro e de Capitais (Anbima), com base nas negocia\u00e7\u00f5es secund\u00e1rias de t\u00edtulos p\u00fablicos, que chegou a dois d\u00edgitos para os t\u00edtulos p\u00fablicos de longo prazo.\u00a0 &#8220;Nota-se que a\u00a0remunera\u00e7\u00e3o de um t\u00edtulo com prazo de um ano subiu de 6,7% em junho, para 7,5% em julho e 7,8% no in\u00edcio de agosto, em termos nominais. Entre junho e agosto, a curva de juros deslocou-se para cima em cerca de 1,0 (no horizonte de nove anos, a taxa subiu de 9,3% para 10,3%&#8221;, destacou o comunicado. Vale lembrar que no Tesouro Direto, os t\u00edtulos prefixados com vencimento em 2026 j\u00e1 s\u00e3o negociados hoje com taxa de 10,07% ao ano.<\/p>\n<p>&nbsp;<\/p>\n<p>As proje\u00e7\u00f5es atuais da entidade est\u00e3o para o PIB de 2021 preveem expans\u00e3o de 4,2% para o cen\u00e1rio b\u00e1sico. No otimista, entidade estima avan\u00e7o de 5,4%, contudo, o mercado come\u00e7ou a revisar para baixo. A mediana das estimativas dos analistas ouvidos pelo Banco Central no boletim Focus passou de 5,3% para 5,28% nesta semana e a tend\u00eancia \u00e9 de nova queda na semana que vem. J\u00e1 a estimativa de expans\u00e3o da IFI para o avan\u00e7o do PIB em 2022, de 2,3%, est\u00e1 acima da mediana do Focus, de 2,04% e o mercado j\u00e1 vem reduzindo as proje\u00e7\u00f5es para menos de 2%.<\/p>\n<p>&nbsp;<\/p>\n<p>&nbsp;<\/p>\n<p>&nbsp;<\/p>\n<p><strong>Risco eleitoral<\/strong><\/p>\n<p>&nbsp;<\/p>\n<p>O estudo aponta para o risco das elei\u00e7\u00f5es em 2022 , que podem abrir espa\u00e7o para pol\u00edticas mais expansionistas do governo Jair Bolsonaro em busca da reelei\u00e7\u00e3o e, para isso, vem tentando abrir espa\u00e7o fiscal para gastos por meio de medidas pol\u00eamicas como a PEC dos precat\u00f3rios, que, conforme <a href=\"https:\/\/blogs2.correiobraziliense.com.br\/vicente\/para-ifi-risco-fiscal-aumenta-e-transparencia-diminui-com-a-pec-dos-precatorios\/\">um estudo da IFI dever\u00e1 abrir brechas para o teto de gastos e piorar a transpar\u00eanci<\/a>a.<\/p>\n<p>&nbsp;<\/p>\n<p>&#8220;A busca de espa\u00e7o\u00a0para acomodar pol\u00edticas com retorno eleitoral e a consequente piora da percep\u00e7\u00e3o sobre o risco fiscal\u00a0dificultam a tarefa do Banco Central de ancorar as expectativas de infla\u00e7\u00e3o \u00e0 meta. Criam incerteza\u00a0adicional \u00e0 trajet\u00f3ria prospectiva de infla\u00e7\u00e3o por meio da eleva\u00e7\u00e3o dos pr\u00eamios de risco-pa\u00eds e dos\u00a0juros&#8221;, alertou o relat\u00f3rio.<\/p>\n<p>&nbsp;<\/p>\n<p>De acordo com dados do RAF, os riscos com a infla\u00e7\u00e3o alta persistem. O \u00cdndice de Pre\u00e7os ao Consumidor Amplo (IPCA), que acumulou alta de 9% em 12 meses at\u00e9 julho, para 2022 o quadro de infla\u00e7\u00e3o alta continuar\u00e1 persistente, assim como a necessidade de aumento dos juros. As incertezas quanto \u00e0 demanda externa, al\u00e9m do risco fiscal, indicam evolu\u00e7\u00e3o mais branda do PIB, pelas estimativas da entidade. &#8220;Os juros\u00a0b\u00e1sicos tendem a ficar mais altos do que o previsto, em 2021, impondo restri\u00e7\u00f5es adicionais \u00e0 din\u00e2mica de\u00a0crescimento de m\u00e9dio prazo. O movimento mais contracionista da pol\u00edtica monet\u00e1ria justifica-se pelo\u00a0crescimento cont\u00ednuo das expectativas de mercado para o IPCA&#8221;, destacou o documento.<\/p>\n<p>&nbsp;<\/p>\n<p>&#8220;A aten\u00e7\u00e3o da IFI ser\u00e1 redobrada, neste contexto de maior risco fiscal, na presen\u00e7a de medidas que podem\u00a0abalar o arcabou\u00e7o de regras fiscais vigentes, com efeitos relevantes sobre a infla\u00e7\u00e3o, os juros, a taxa de\u00a0c\u00e2mbio, o crescimento econ\u00f4mico e a d\u00edvida p\u00fablica&#8221;, informou a entidade.<\/p>\n<p>&nbsp;<\/p>\n<p>O RAF aponta alertas para o mercado de trabalho, que continua com taxa de desemprego elevada, de 14,6%, que foi pressionada pelo\u00a0retorno \u00e0 for\u00e7a de trabalho de uma parte de indiv\u00edduos que\u00a0haviam migrado para a inatividade, desencorajada pela falta de oportunidades decorrente da pandemia. Esse movimento\u00a0pode ser motivado, em certa medida, pela maior sensa\u00e7\u00e3o de seguran\u00e7a promovida pela amplia\u00e7\u00e3o da vacina\u00e7\u00e3o nos\u00a0\u00faltimos meses e pela melhora dos indicadores de atividade econ\u00f4mica. &#8220;Taxa de desemprego estaria em 20,7% caso a taxa de participa\u00e7\u00e3o fosse mantida no n\u00edvel pr\u00e9-pandemia&#8221;, destacou. Em fevereiro de 2020, a participa\u00e7\u00e3o era de 61,7%.<\/p>\n<p>&nbsp;<\/p>\n","protected":false},"excerpt":{"rendered":"<p>ROSANA HESSEL Os riscos fiscais est\u00e3o aumentando em um cen\u00e1rio cada vez mais incerto de acordo com a Institui\u00e7\u00e3o Fiscal Independente (IFI), apesar da sens\u00edvel melhora na arrecada\u00e7\u00e3o e nas perspectivas da entidade ligada ao Senado Federal de crescimento do Produto Interno Bruto (PIB) neste ano. A entidade, inclusive, antecipa que vai revisar as proje\u00e7\u00f5es [&hellip;]<\/p>\n","protected":false},"author":22,"featured_media":19422,"comment_status":"open","ping_status":"closed","sticky":false,"template":"","format":"standard","meta":{"wpb_read_more":[],"footnotes":""},"categories":[600],"tags":[542,2433,3566,5665,58,5468],"class_list":["post-20475","post","type-post","status-publish","format-standard","has-post-thumbnail","hentry","category-economia","tag-contas-publicas","tag-fiscal","tag-ifi","tag-pec-dos-precatorios","tag-pib","tag-raf"],"_links":{"self":[{"href":"https:\/\/blogs2.correiobraziliense.com.br\/vicente\/wp-json\/wp\/v2\/posts\/20475","targetHints":{"allow":["GET"]}}],"collection":[{"href":"https:\/\/blogs2.correiobraziliense.com.br\/vicente\/wp-json\/wp\/v2\/posts"}],"about":[{"href":"https:\/\/blogs2.correiobraziliense.com.br\/vicente\/wp-json\/wp\/v2\/types\/post"}],"author":[{"embeddable":true,"href":"https:\/\/blogs2.correiobraziliense.com.br\/vicente\/wp-json\/wp\/v2\/users\/22"}],"replies":[{"embeddable":true,"href":"https:\/\/blogs2.correiobraziliense.com.br\/vicente\/wp-json\/wp\/v2\/comments?post=20475"}],"version-history":[{"count":3,"href":"https:\/\/blogs2.correiobraziliense.com.br\/vicente\/wp-json\/wp\/v2\/posts\/20475\/revisions"}],"predecessor-version":[{"id":20479,"href":"https:\/\/blogs2.correiobraziliense.com.br\/vicente\/wp-json\/wp\/v2\/posts\/20475\/revisions\/20479"}],"wp:featuredmedia":[{"embeddable":true,"href":"https:\/\/blogs2.correiobraziliense.com.br\/vicente\/wp-json\/wp\/v2\/media\/19422"}],"wp:attachment":[{"href":"https:\/\/blogs2.correiobraziliense.com.br\/vicente\/wp-json\/wp\/v2\/media?parent=20475"}],"wp:term":[{"taxonomy":"category","embeddable":true,"href":"https:\/\/blogs2.correiobraziliense.com.br\/vicente\/wp-json\/wp\/v2\/categories?post=20475"},{"taxonomy":"post_tag","embeddable":true,"href":"https:\/\/blogs2.correiobraziliense.com.br\/vicente\/wp-json\/wp\/v2\/tags?post=20475"}],"curies":[{"name":"wp","href":"https:\/\/api.w.org\/{rel}","templated":true}]}}