{"id":20491,"date":"2021-08-19T11:14:25","date_gmt":"2021-08-19T14:14:25","guid":{"rendered":"https:\/\/blogs2.correiobraziliense.com.br\/vicente\/?p=20491"},"modified":"2021-08-19T11:17:38","modified_gmt":"2021-08-19T14:17:38","slug":"enquanto-bolsa-cai-guedes-fala-sobre-primeira-infancia","status":"publish","type":"post","link":"https:\/\/blogs2.correiobraziliense.com.br\/vicente\/enquanto-bolsa-cai-guedes-fala-sobre-primeira-infancia\/","title":{"rendered":"Enquanto Bolsa cai, Guedes fala sobre primeira inf\u00e2ncia"},"content":{"rendered":"<p>ROSANA HESSEL<\/p>\n<p>Em mais um dia de turbul\u00eancia no mercado financeiro, o ministro da Economia, Paulo Guedes, escolhe uma agenda light para come\u00e7ar o dia. Mal a Bolsa de Valores de S\u00e3o Paulo (B3) iniciava as negocia\u00e7\u00f5es e estreava um novo patamar, de 115 mil pontos, escorregando 1,2% em rela\u00e7\u00e3o \u00e0 v\u00e9spera com apenas 20 minutos de preg\u00e3o, o chefe da equipe econ\u00f4mica participava de evento sobre primeira inf\u00e2ncia organizado pelo Conselho Nacional de Justi\u00e7a (CNJ), onde chegou a falar, de relance, em harmonia e democracia ao afirmar que esse tema est\u00e1 &#8220;acima das disputas pol\u00edticas&#8221; .<\/p>\n<p>&nbsp;<\/p>\n<p>&#8220;Estamos conversando com governadores sobre produtividade, sal\u00e1rios, mas temos de ter em mente um compromisso muito maior, com as futuras gera\u00e7\u00f5es, e de dar sequ\u00eancia as evolu\u00e7\u00f5es de antes. \u00c9 um pacto entre gera\u00e7\u00f5es. O marco legal da primeira inf\u00e2ncia foi feito antes, chegarmos e, agora, aderindo a esse pacto, criando esse monitoramento e implementa\u00e7\u00e3o das politicas publicas de prote\u00e7\u00e3o \u00e0 primeira inf\u00e2ncia, estamos dando tamb\u00e9m nosso passo&#8221;, afirmou Guedes na videoconfer\u00eancia, ap\u00f3s apresenta\u00e7\u00e3o de bal\u00e9 e fala de v\u00e1rios participantes durante o semin\u00e1rio &#8220;Pacto Nacional pela Primeira Inf\u00e2ncia&#8221;, incluindo o ministro do Supremo Tribunal Federal (STF), Luis Fux.<\/p>\n<p>&nbsp;<\/p>\n<p>A fala do ministro da Economia n\u00e3o citou as tens\u00f5es institucionais e financeiras do momento que est\u00e3o fazendo a Bolsa cair e o d\u00f3lar subir. Guedes destacou uma &#8220;agenda de coordena\u00e7\u00e3o e acompanhamento de pol\u00edticas dedicadas \u00e0 primeira inf\u00e2ncia&#8221;, em um discurso, de certa forma, dissociado da realidade na qual a credibilidade do &#8220;superministro&#8221; est\u00e1 virando p\u00f3 com o aumento da desconfian\u00e7a no pa\u00eds e, como consequ\u00eancia, da disparada dos juros dos t\u00edtulos p\u00fablicos para dois d\u00edgitos.<\/p>\n<p>&nbsp;<\/p>\n<p>&#8220;Herdamos o marco legal de politicas que passaram antes, dando sequ\u00eancia a essa agenda, or\u00e7amenta\u00e7\u00e3o, execu\u00e7\u00e3o, e, no fundo, estamos aderindo atrav\u00e9s desse nosso pacto a esse compromisso que todos temos de ter, acima dos partidos, esquerda, direta, o que n\u00e3o pode haver \u00e9 n\u00e3o aderirmos a esse pacto com o futuro do pa\u00eds, com a primeira inf\u00e2ncia. Jovens formam desenvolvimento afetivo, neural, e desenvolvimento vai depender essa prote\u00e7\u00e3o que os jovens recebem hoje. S\u00e3o os investimentos mais rent\u00e1veis que uma sociedade pode fazer s\u00e3o de zero a seis anos, levando esse melhor ambiente social, cognitivo, afeto, prote\u00e7\u00e3o, que \u00e9 a forma\u00e7\u00e3o do individuo&#8221;, disse o ministro falando que essa da preocupa\u00e7\u00e3o &#8220;vinha dos gregos antigos&#8221;.<\/p>\n<p>&nbsp;<\/p>\n<p>&#8220;Os atenienses pensavam em como formar os cidad\u00e3os para a boa vida, para a comunidade. Todos sabemos da necessidade desse compromisso com as gera\u00e7\u00f5es futuras. temos mantido isso no minist\u00e9rio da economia, e sou compromisso da luta dos governadores. temos compromisso com os jovens, com as crian\u00e7as, e com o futuro deles&#8221;, afirmou o chefe da equipe econ\u00f4mica.<\/p>\n<p>&nbsp;<\/p>\n<p>De acordo com o ministro, o governo teve quatro a\u00e7\u00f5es praticas nessa agenda. Primeiro, a inclus\u00e3o da prote\u00e7\u00e3o \u00e0 primeira inf\u00e2ncia no Plano Plurianual (PPA); segundo, um decreto assinado ontem pelo presidente, elaborado no Minist\u00e9rio da Economia, que criou essa agenda da primeira inf\u00e2ncia. &#8220;E n\u00f3s confiamos nos estados e nos munic\u00edpios para essa agenda descentralizada de pol\u00edticas p\u00fablicas. No fundo, a execu\u00e7\u00e3o \u00e9 descentralizada, \u00e9 mais Brasil, menos Bras\u00edlia. O Brasil implementa e acompanha junto com a as organiza\u00e7\u00f5es da sociedade civil para garantirmos um futuro melhor para as crian\u00e7as brasileiras&#8221;, afirmou.<\/p>\n<p>&nbsp;<\/p>\n<p>A terceira medida, segundo o ministro, \u00e9 que a primeira inf\u00e2ncia ser\u00e1 tamb\u00e9m prioridade na Lei de Diretrizes Or\u00e7ament\u00e1rias (LDO) de 2022, que j\u00e1 foi aprovada pelo Congresso antes do recesso. E a quarta a\u00e7\u00e3o, acrescentou, \u00e9 a ades\u00e3o da Economia ao Pacto Nacional. &#8220;Temos de combater esse enorme deficit social, que tem suas ra\u00edzes na primeira inf\u00e2ncia&#8221;, afirmou. &#8220;Uma crian\u00e7a com boa alimenta\u00e7\u00e3o, familiar, com prote\u00e7\u00e3o, seguramente tem mais chances de ter uma vida com potencial de exercer esse potencial humano que todos temos. Estamos absolutamente comprometidos e quero reafirmar minha convic\u00e7\u00e3o com a a democracia que temos de colocar acima, seja das disputas politicas, seja das guerras transit\u00f3rias pelo poder, nosso compromisso com as crian\u00e7as brasileiras, que s\u00e3o o futuro do pa\u00eds&#8221;, concluiu.<\/p>\n<p>&nbsp;<\/p>\n","protected":false},"excerpt":{"rendered":"<p>ROSANA HESSEL Em mais um dia de turbul\u00eancia no mercado financeiro, o ministro da Economia, Paulo Guedes, escolhe uma agenda light para come\u00e7ar o dia. Mal a Bolsa de Valores de S\u00e3o Paulo (B3) iniciava as negocia\u00e7\u00f5es e estreava um novo patamar, de 115 mil pontos, escorregando 1,2% em rela\u00e7\u00e3o \u00e0 v\u00e9spera com apenas 20 [&hellip;]<\/p>\n","protected":false},"author":22,"featured_media":20494,"comment_status":"open","ping_status":"closed","sticky":false,"template":"","format":"standard","meta":{"wpb_read_more":[],"footnotes":""},"categories":[600],"tags":[1638,4624,3613,5697],"class_list":["post-20491","post","type-post","status-publish","format-standard","has-post-thumbnail","hentry","category-economia","tag-cnj","tag-ministro-da-economia","tag-paulo-guedes","tag-primeira-infancia"],"_links":{"self":[{"href":"https:\/\/blogs2.correiobraziliense.com.br\/vicente\/wp-json\/wp\/v2\/posts\/20491","targetHints":{"allow":["GET"]}}],"collection":[{"href":"https:\/\/blogs2.correiobraziliense.com.br\/vicente\/wp-json\/wp\/v2\/posts"}],"about":[{"href":"https:\/\/blogs2.correiobraziliense.com.br\/vicente\/wp-json\/wp\/v2\/types\/post"}],"author":[{"embeddable":true,"href":"https:\/\/blogs2.correiobraziliense.com.br\/vicente\/wp-json\/wp\/v2\/users\/22"}],"replies":[{"embeddable":true,"href":"https:\/\/blogs2.correiobraziliense.com.br\/vicente\/wp-json\/wp\/v2\/comments?post=20491"}],"version-history":[{"count":1,"href":"https:\/\/blogs2.correiobraziliense.com.br\/vicente\/wp-json\/wp\/v2\/posts\/20491\/revisions"}],"predecessor-version":[{"id":20493,"href":"https:\/\/blogs2.correiobraziliense.com.br\/vicente\/wp-json\/wp\/v2\/posts\/20491\/revisions\/20493"}],"wp:featuredmedia":[{"embeddable":true,"href":"https:\/\/blogs2.correiobraziliense.com.br\/vicente\/wp-json\/wp\/v2\/media\/20494"}],"wp:attachment":[{"href":"https:\/\/blogs2.correiobraziliense.com.br\/vicente\/wp-json\/wp\/v2\/media?parent=20491"}],"wp:term":[{"taxonomy":"category","embeddable":true,"href":"https:\/\/blogs2.correiobraziliense.com.br\/vicente\/wp-json\/wp\/v2\/categories?post=20491"},{"taxonomy":"post_tag","embeddable":true,"href":"https:\/\/blogs2.correiobraziliense.com.br\/vicente\/wp-json\/wp\/v2\/tags?post=20491"}],"curies":[{"name":"wp","href":"https:\/\/api.w.org\/{rel}","templated":true}]}}