{"id":20499,"date":"2021-08-19T12:25:04","date_gmt":"2021-08-19T15:25:04","guid":{"rendered":"https:\/\/blogs2.correiobraziliense.com.br\/vicente\/?p=20499"},"modified":"2021-08-19T12:36:28","modified_gmt":"2021-08-19T15:36:28","slug":"custo-bolsonaro-deixa-a-economia-pior-do-que-antes-da-queda-de-dilma-diz-mb","status":"publish","type":"post","link":"https:\/\/blogs2.correiobraziliense.com.br\/vicente\/custo-bolsonaro-deixa-a-economia-pior-do-que-antes-da-queda-de-dilma-diz-mb\/","title":{"rendered":"Custo Bolsonaro deixa a economia pior do que antes da queda de Dilma, diz MB"},"content":{"rendered":"<h2>ROSANA HESSEL<\/h2>\n<h2><\/h2>\n<h2>O governo do presidente Jair Bolsonaro (sem partido) caminha para o final de seu terceiro\u00a0ano com riscos crescentes, enfrentando o &#8220;turning point&#8221; que tamb\u00e9m ocorreu em outros governos desde a redemocratiza\u00e7\u00e3o. Contudo ele tem um contexto bastante at\u00edpico e que carrega um custo pol\u00edtico elevado para a economia, pior do que antes do impeachment da ex-presidente Dilma Rousseff, na avalia\u00e7\u00e3o do economista-chefe da MB Associados, Sergio Vale.<\/h2>\n<p>&nbsp;<\/p>\n<p>O economista divulgou um relat\u00f3rio, nesta quinta-feira (19\/08) apontando alguns os n\u00fameros do Custo Bolsonaro, que mostram um quadro econ\u00f4mico cada vez pior e que poder\u00e1 se agravar no ano que vem, em meio \u00e0s elei\u00e7\u00f5es presidenciais.\u00a0 Ele <a href=\"https:\/\/www.correiobraziliense.com.br\/economia\/2021\/08\/4942517-o-custo-bolsonaro-como-crise-institucional-detonada-pelo-presidente-complica-o-cenario-economico.html\">se inspirou em uma mat\u00e9ria do Correio que falava sobre o Custo Bolsonaro<\/a> para fazer o relat\u00f3rio.<\/p>\n<p>&nbsp;<\/p>\n<p>&#8220;Bolsonaro na\u0303o tem nenhum vento favora\u0301vel na pol\u0131\u0301tica e na economia que poderia abrir seus caminhos. Pelo\u00a0contra\u0301rio, a percep\u00e7a\u0303o de piora na\u0303o tem mostrado ou\u00a0aceita\u00e7a\u0303o ou capacidade pol\u00edtica de rea\u00e7a\u0303o. Apelar para\u00a0um golpe apenas jogara\u0301 a economia mais no fundo em\u00a02022&#8221;, afirmou. Vale alertou que 2022 ser\u00e1 um ano dif\u0131\u0301cil, &#8220;para dizer o m\u0131\u00ednimo&#8221;. &#8220;A piora na qualidade fiscal, que vai ale\u0301m dos nu\u0301meros em si, coloca um\u00a0cena\u0301rio de instabilidade que se fragiliza por dois lados.\u00a0Do lado da despesa, os recorrentes ataques ao teto , agora\u00a0com a possibilidade dos precato\u0301rios ficarem fora da regra<br \/>\ne um Aux\u0131\u0301lio Brasil em elevado valor sem contrapartida\u00a0na estrutura de gastos. Do lado da receita, a reforma tributa\u0301ria que deveria ter avan\u00e7ado era a de bens e servi\u00e7os,\u00a0ja\u0301 bastante trabalhada e discutida e na\u0303o sobre a renda,\u00a0feito a toque de caixa e com riscos crescentes de na\u0303o atacar o que se precisa, a questa\u0303o redistributiva&#8221;, resumiu.<\/p>\n<p>&nbsp;<\/p>\n<p>Pelas estimativas do especialista, a d\u00edvida p\u00fablica bruta dever\u00e1 chegar a 85% do Produto Interno Bruto (PIB), o &#8220;que provavelmente sera\u0301 a segunda ou a terceira pior entre os pa\u00edses\u00a0emergentes&#8221;.\u00a0 A infla\u00e7a\u0303o na\u0303o dara\u0301 sinais de tre\u0301gua, segundo o economista. Ele prev\u00ea que o \u00cdndice de Pre\u00e7os ao Consumidor Amplo (IPCA) dever\u00e1 chegar a\u00a09,3%, em agosto, no acumulado em 12 meses, e o \u00cdndice Nacional de Pre\u00e7os ao Consumidor (INPC), em 10%.\u00a0 &#8220;Vale dizer que essas taxas na\u0303o esta\u0303o muito melhores\u00a0do que o pico atingido em janeiro de 2016 de 10,7% no\u00a0IPCA. Corremos o risco de novas reviso\u0303es para cima a depender da piora adicional de tarifas na energia que ainda\u00a0podem acontecer e sem esquecer que a variante Delta\u00a0tende a manter o estrago nos canais mundiais de distribui\u00e7a\u0303o, agora afetando com mais intensidade a \u00c1sia. Para\u00a0piorar, os servi\u00e7os esta\u0303 o acelerando e poderemos ver a\u00a0taxa chegar a rapidamente a 4% nos pro\u0301ximos meses com\u00a0a sa\u0131\u0301da da pandemia. Com isso, fizemos revisa\u0303o do IPCA\u00a0de 2021 de 7% para 7,3% e marginalmente 2022 de 4%\u00a0para 4,1%&#8221;, explicou.<\/p>\n<p>&nbsp;<\/p>\n<p>De acordo com Vale, Bolsonaro enfrenta seu turning point, assim como\u00a0os outros presidentes, &#8220;mas sem mostrar a capacidade pol\u00edtica para sair dela&#8221;. No documento, ele destacou que todos os ex-presidentes da Rep\u00fablica acabaram enfrentando esse momento no terceiro ano de mantado, desde Jos\u00e9 Sarney at\u00e9 Dilma Rousseff.<\/p>\n<p>&nbsp;<\/p>\n<p>&#8220;Fernando Henrique Cardoso e Luiz In\u00e1cio Lula da Silva tinham uma economia favora\u0301vel, com o primeiro ainda recebendo os louros do fim da hiperinfla\u00e7a\u0303o\u00a0e o segundo com a economia em acelera\u00e7a\u0303o de crescimento, sendo que a economia era menos favora\u0301vel para FHC\u00a0no terceiro ano do segundo mandato do que foi para Lula\u00a0no mesmo per\u0131\u0301odo. Collor na\u0303o viu seu quarto ano, mas\u00a0Dilma viu o in\u00edcio de um processo recessivo que perdurou\u00a0ate\u0301 sua queda em 2016&#8221;, escreveu.<\/p>\n<p>&nbsp;<\/p>\n<p>Para Vale, o caso de Dilma, que acabou sendo tirada do poder como avan\u00e7o da Lava Jato que acabou sendo extinta por Bolsonaro, talvez seja exemplar de como a histo\u0301ria podera\u0301 se virar contra o atual presidente. &#8220;O caso de Bolsonaro, ha\u0301 um\u00a0conjunto de elementos negativos que sa\u0303o piores do que o<br \/>\nimpacto da Lava Jato e dos movimentos de 2013. Primeiro, a pandemia extremamente mal conduzida que caminha para matar 600 mil brasileiros. Em segundo, uma rea\u00e7a\u0303o mal conduzida da pandemia que esta\u0301 gerando uma\u00a0crise econo\u0302mica em potencial para 2022. E terceiro, assim\u00a0como FHC no terceiro ano de seu segundo mandato, a crise h\u0131\u0301drica podera\u0301 ser um forte agravante, especialmente,\u00a0com a confirma\u00e7a\u0303o de um novo La Nin\u0303a que deve trazer<br \/>\nsecas para a regia\u0303o Sul e Sudeste e manter a pressa\u0303o nos\u00a0n\u0131\u0301veis dos reservato\u0301rios dessas regio\u0303es&#8221;, explicou.<\/p>\n<p>&nbsp;<\/p>\n<p>O economista reduziu, na semana passada, de 1,8% para 1,4% a previs\u00e3o de alta do Produto Interno Bruto (PIB) de 2022 e n\u00e3o descarta novos cortes, devido \u00e0 polariza\u00e7\u00e3o das elei\u00e7\u00f5es entre Bolsonaro e o ex-presidente Luiz In\u00e1cio Lula da Silva (PT), al\u00e9m do aumento dos riscos fiscais. \u201cO cen\u00e1rio de 2022 ser\u00e1 dram\u00e1tico, com baixo crescimento e infla\u00e7\u00e3o alta. Para uma mudan\u00e7a, ser\u00e1 preciso um novo regime pol\u00edtico, porque haver\u00e1 uma tens\u00e3o entre os candidatos. Temos um presidente que parou de governar e um ministro da Economia em dificuldade enquanto o Centr\u00e3o amplia a domin\u00e2ncia no governo\u201d, lamentou, em entrevista ao <strong>Blog<\/strong>. Pelas estimativas de Vale, o d\u00f3lar continuar\u00e1 valorizado, voltando para R$ 5,50, e os principais indicadores de infla\u00e7\u00e3o dever\u00e3o ficar entre 9,5% e 10%, algo que n\u00e3o era muito diferente do registrado no fim de 2015, quando foi iniciado o processo de impeachment da ex-presidente Dilma<\/p>\n<p>&nbsp;<\/p>\n<p>Em janeiro de 2016, a taxa b\u00e1sica da economia (Selic) estava em 14,25% e agora esta\u0301 em 5,25%. &#8220;Na\u0303o queremos dizer, obviamente, que a Selic<br \/>\nvoltara\u0301 para esse patamar. Mas a economia melhorou nos\u00a0meses seguintes com a queda de Dilma e daqui para a\u00a0frente a tende\u0302ncia na\u0303o e\u0301 de melhorar, mas sim o contra\u0301rio&#8221;, alertou. Entre janeiro de 2016 e outubro daquele ano o ca\u0302mbio\u00a0caiu 21%. Seria como dizer que o ca\u0302mbio chegaria a R$ 4,3 em 10 meses, segundo Vale. &#8220;Dada uma elei\u00e7a\u0303o mais do que\u00a0conturbada, certamente o ca\u0302mbio na\u0303o vai ser elemento de\u00a0ajuda. Ale\u0301m disso, a recomposi\u00e7a\u0303o das tarifas de energia\u00a0ja\u0301 tinham acontecido em 2015&#8221;, acrescentou.<\/p>\n<p>&nbsp;<\/p>\n<p><strong>Riscos de golpe<\/strong><\/p>\n<p>&nbsp;<\/p>\n<p>No relat\u00f3rio, Sergio Vale n\u00e3o deixou de alertar para as p\u00e9ssimas consequ\u00eancias da crise institucional criada por Bolsonaro e n\u00e3o descartou o risco de golpe.\u00a0\u00a0&#8220;Sem capacidade pol\u00edtica de articula\u00e7a\u0303o, Bolsonaro caminha rapidamente para ter um fim pol\u0131\u0301tico em 2022 ou, se\u00a0por uma conjun\u00e7a\u0303o at\u0131\u0301pica inesperada vencer as elei\u00e7o\u0303es,\u00a0tera\u0301 dificuldades semelhantes a\u0300s de Dilma&#8221;, alertou. Vale n\u00e3o acredita que o caminho do impeachment de Bolsonaro ser\u00e1 o mais prov\u00e1vel no momento. &#8220;Resta uma queda pol\u00edtica via elei\u00e7a\u0303o. Os gatilhos para\u00a0isso tem de sobra: pandemia, crise econo\u0302mica (infla\u00e7a\u0303o e\u00a0desemprego) e crise h\u0131\u0301drica, para ficar apenas naquelas\u00a0de maior percep\u00e7a\u0303o por parte da popula\u00e7a\u0303o. Gradativamente a elite econo\u0302mica tambe\u0301m come\u00e7a a abandonar\u00a0Bolsonaro&#8221;, avaliou.<\/p>\n<p>&nbsp;<\/p>\n<p>De acordo com o especialista, Bolsonaro n\u00e3o dever\u00e1 cair de forma pac\u00edfica com essa conjuntura que est\u00e1 se formando e parece inevit\u00e1vel. &#8220;Os riscos de uma tentativa de golpe\u00a0pairam no ar. Esse degrau de piora institucional agrava\u00a0ainda mais a situa\u00e7a\u0303o econo\u0302mica para 2022&#8221;, alertou.<\/p>\n<p>&nbsp;<\/p>\n<p>Ali\u00e1s, o <a href=\"https:\/\/www.correiobraziliense.com.br\/economia\/2021\/08\/4944680-pessimismo-toma-conta-do-mercado-financeiro.html\">mercado financeiro est\u00e1 cada vez mais pessimista em rela\u00e7\u00e3o ao governo, como mostram os economistas que participaram ontem de reuni\u00e3o com diretores do Banco Central<\/a>.<\/p>\n<p>&nbsp;<\/p>\n<p>&nbsp;<\/p>\n<p>&nbsp;<\/p>\n<p>&nbsp;<\/p>\n<p>&nbsp;<\/p>\n","protected":false},"excerpt":{"rendered":"<p>ROSANA HESSEL O governo do presidente Jair Bolsonaro (sem partido) caminha para o final de seu terceiro\u00a0ano com riscos crescentes, enfrentando o &#8220;turning point&#8221; que tamb\u00e9m ocorreu em outros governos desde a redemocratiza\u00e7\u00e3o. Contudo ele tem um contexto bastante at\u00edpico e que carrega um custo pol\u00edtico elevado para a economia, pior do que antes do [&hellip;]<\/p>\n","protected":false},"author":22,"featured_media":18813,"comment_status":"open","ping_status":"closed","sticky":false,"template":"","format":"standard","meta":{"wpb_read_more":[],"footnotes":""},"categories":[600],"tags":[589,5565,4841],"class_list":["post-20499","post","type-post","status-publish","format-standard","has-post-thumbnail","hentry","category-economia","tag-economia","tag-macroeconomia","tag-mb-associados"],"_links":{"self":[{"href":"https:\/\/blogs2.correiobraziliense.com.br\/vicente\/wp-json\/wp\/v2\/posts\/20499","targetHints":{"allow":["GET"]}}],"collection":[{"href":"https:\/\/blogs2.correiobraziliense.com.br\/vicente\/wp-json\/wp\/v2\/posts"}],"about":[{"href":"https:\/\/blogs2.correiobraziliense.com.br\/vicente\/wp-json\/wp\/v2\/types\/post"}],"author":[{"embeddable":true,"href":"https:\/\/blogs2.correiobraziliense.com.br\/vicente\/wp-json\/wp\/v2\/users\/22"}],"replies":[{"embeddable":true,"href":"https:\/\/blogs2.correiobraziliense.com.br\/vicente\/wp-json\/wp\/v2\/comments?post=20499"}],"version-history":[{"count":3,"href":"https:\/\/blogs2.correiobraziliense.com.br\/vicente\/wp-json\/wp\/v2\/posts\/20499\/revisions"}],"predecessor-version":[{"id":20503,"href":"https:\/\/blogs2.correiobraziliense.com.br\/vicente\/wp-json\/wp\/v2\/posts\/20499\/revisions\/20503"}],"wp:featuredmedia":[{"embeddable":true,"href":"https:\/\/blogs2.correiobraziliense.com.br\/vicente\/wp-json\/wp\/v2\/media\/18813"}],"wp:attachment":[{"href":"https:\/\/blogs2.correiobraziliense.com.br\/vicente\/wp-json\/wp\/v2\/media?parent=20499"}],"wp:term":[{"taxonomy":"category","embeddable":true,"href":"https:\/\/blogs2.correiobraziliense.com.br\/vicente\/wp-json\/wp\/v2\/categories?post=20499"},{"taxonomy":"post_tag","embeddable":true,"href":"https:\/\/blogs2.correiobraziliense.com.br\/vicente\/wp-json\/wp\/v2\/tags?post=20499"}],"curies":[{"name":"wp","href":"https:\/\/api.w.org\/{rel}","templated":true}]}}