{"id":20515,"date":"2021-08-19T21:06:48","date_gmt":"2021-08-20T00:06:48","guid":{"rendered":"https:\/\/blogs2.correiobraziliense.com.br\/vicente\/?p=20515"},"modified":"2021-08-19T21:07:03","modified_gmt":"2021-08-20T00:07:03","slug":"galois-suspende-aulas-de-mais-duas-turmas-por-causa-da-covid","status":"publish","type":"post","link":"https:\/\/blogs2.correiobraziliense.com.br\/vicente\/galois-suspende-aulas-de-mais-duas-turmas-por-causa-da-covid\/","title":{"rendered":"Galois suspende aulas de mais duas turmas por causa da covid"},"content":{"rendered":"<h2>O Galois voltou a suspender as aulas presenciais por causa da contamina\u00e7\u00e3o de alunos pelo novo coronav\u00edrus. Segundo comunicado enviado a pais e respons\u00e1veis, agora, foram interrompidas as aulas da 3\u00aa s\u00e9rie A. Um estudante diagnosticado com covid-19 teve contato com colegas dos grupos 1 e 2.<\/h2>\n<p>&nbsp;<\/p>\n<p>Como eles tiveram aulas nos itiner\u00e1rios formativos, em que as s\u00e9ries se misturam, o Galois achou mais prudente suspender as atividades presenciais das duas turmas, n\u00e3o apenas a do estudante com covid-19. As aulas ficar\u00e3o suspensas entre os dias 19 e 31 de agosto. As atividades educativas, por\u00e9m, continuam no formato on-line.<\/p>\n<p>&nbsp;<\/p>\n<p>Veja a \u00edntegra do comunicado emitido pelo Galois:<\/p>\n<p>&nbsp;<\/p>\n<p><em>&#8220;Senhores Pais, M\u00e3es e\/ou Respons\u00e1veis,<\/em><\/p>\n<p><em>No fim da tarde, dia 19\/8, recebemos a informa\u00e7\u00e3o de que um aluno da 3\u00aa s\u00e9rie A (grupo 1) testou positivo para a covid-19. O referido estudante teve contato com alunos dos grupos 1 e 2. Como todos tiveram aula nos itiner\u00e1rios formativos (aulas em que os alunos da s\u00e9rie se misturam), n\u00e3o \u00e9 prudente suspender as aulas presenciais apenas da turma de origem do aluno. Por esse motivo, os alunos da 3\u00aa s\u00e9rie ter\u00e3o as aulas presenciais suspensas at\u00e9 o dia 31\/8,\u00a0voltando \u00e0 normalidade a partir do dia 1\u00ba\/9. As aulas e as atividades continuar\u00e3o no modelo on-line. O aluno esteve presente na escola no dia 17\/8. Solicitamos que seus filhos fiquem em observa\u00e7\u00e3o durante estes dias. \u00c9 importante que cada um mantenha os devidos cuidados com a sa\u00fade e fique atento a poss\u00edveis sintomas.<\/em><br \/>\n<em>Se algum estudante desejar retornar antes da data estipulada, dever\u00e1 realizar o teste PCR cinco dias ap\u00f3s o in\u00edcio do isolamento e apresentar o resultado negativo.<\/em><br \/>\n<em>Certos da compreens\u00e3o de todos, colocamo-nos \u00e0 disposi\u00e7\u00e3o.<\/em><\/p>\n<p><em>Atenciosamente,<\/em><br \/>\n<em>Dire\u00e7\u00e3o Pedag\u00f3gica&#8221;<\/em><\/p>\n","protected":false},"excerpt":{"rendered":"<p>O Galois voltou a suspender as aulas presenciais por causa da contamina\u00e7\u00e3o de alunos pelo novo coronav\u00edrus. Segundo comunicado enviado a pais e respons\u00e1veis, agora, foram interrompidas as aulas da 3\u00aa s\u00e9rie A. Um estudante diagnosticado com covid-19 teve contato com colegas dos grupos 1 e 2. &nbsp; Como eles tiveram aulas nos itiner\u00e1rios formativos, [&hellip;]<\/p>\n","protected":false},"author":22,"featured_media":17604,"comment_status":"open","ping_status":"closed","sticky":false,"template":"","format":"standard","meta":{"wpb_read_more":[],"footnotes":""},"categories":[600],"tags":[926,2238,5700,579],"class_list":["post-20515","post","type-post","status-publish","format-standard","has-post-thumbnail","hentry","category-economia","tag-brasilia","tag-educacao","tag-galois-suspende-aulas-de-mais-duas-turmas-por-causa-da-covid","tag-saude"],"_links":{"self":[{"href":"https:\/\/blogs2.correiobraziliense.com.br\/vicente\/wp-json\/wp\/v2\/posts\/20515","targetHints":{"allow":["GET"]}}],"collection":[{"href":"https:\/\/blogs2.correiobraziliense.com.br\/vicente\/wp-json\/wp\/v2\/posts"}],"about":[{"href":"https:\/\/blogs2.correiobraziliense.com.br\/vicente\/wp-json\/wp\/v2\/types\/post"}],"author":[{"embeddable":true,"href":"https:\/\/blogs2.correiobraziliense.com.br\/vicente\/wp-json\/wp\/v2\/users\/22"}],"replies":[{"embeddable":true,"href":"https:\/\/blogs2.correiobraziliense.com.br\/vicente\/wp-json\/wp\/v2\/comments?post=20515"}],"version-history":[{"count":1,"href":"https:\/\/blogs2.correiobraziliense.com.br\/vicente\/wp-json\/wp\/v2\/posts\/20515\/revisions"}],"predecessor-version":[{"id":20517,"href":"https:\/\/blogs2.correiobraziliense.com.br\/vicente\/wp-json\/wp\/v2\/posts\/20515\/revisions\/20517"}],"wp:featuredmedia":[{"embeddable":true,"href":"https:\/\/blogs2.correiobraziliense.com.br\/vicente\/wp-json\/wp\/v2\/media\/17604"}],"wp:attachment":[{"href":"https:\/\/blogs2.correiobraziliense.com.br\/vicente\/wp-json\/wp\/v2\/media?parent=20515"}],"wp:term":[{"taxonomy":"category","embeddable":true,"href":"https:\/\/blogs2.correiobraziliense.com.br\/vicente\/wp-json\/wp\/v2\/categories?post=20515"},{"taxonomy":"post_tag","embeddable":true,"href":"https:\/\/blogs2.correiobraziliense.com.br\/vicente\/wp-json\/wp\/v2\/tags?post=20515"}],"curies":[{"name":"wp","href":"https:\/\/api.w.org\/{rel}","templated":true}]}}