{"id":20644,"date":"2021-08-26T18:27:50","date_gmt":"2021-08-26T21:27:50","guid":{"rendered":"https:\/\/blogs2.correiobraziliense.com.br\/vicente\/?p=20644"},"modified":"2021-08-26T18:30:22","modified_gmt":"2021-08-26T21:30:22","slug":"guedes-diz-que-frase-sobre-crise-hidrica-foi-tirada-do-contexto","status":"publish","type":"post","link":"https:\/\/blogs2.correiobraziliense.com.br\/vicente\/guedes-diz-que-frase-sobre-crise-hidrica-foi-tirada-do-contexto\/","title":{"rendered":"Guedes diz que frase sobre crise h\u00eddrica &#8220;foi tirada do contexto&#8221;"},"content":{"rendered":"<h2><span style=\"font-weight: 400\">ROSANA HESSEL<\/span><\/h2>\n<p><span style=\"font-weight: 400\">O ministro da Economia, Paulo Guedes, disse que foi mal interpretado ao minimizar a crise h\u00eddrica, diante de um novo aumento na bandeira tarif\u00e1ria da conta de luz, e alegou que a frase \u201cfoi tirada do contexto\u201d e ainda criticou a m\u00eddia, dizendo que h\u00e1 &#8220;militantes&#8221; que &#8220;distorcem tudo&#8221;.<\/span><\/p>\n<p>&nbsp;<\/p>\n<p><span style=\"font-weight: 400\">\u201cTemos riscos, sim da crise h\u00eddrica\u201d, admitiu Guedes, nesta quinta-feira (28\/08), durante evento virtual da XP Investimentos. Para minimizar a m\u00e1 repercuss\u00e3o da declara\u00e7\u00e3o, ele disse que h\u00e1 muitos \u201cru\u00eddos pol\u00edticos&#8221;\u00a0<\/span><span style=\"font-weight: 400\">&#8221; e que &#8220;militantes da imprensa&#8221; tiraram a frase dele do contexto.\u00a0 \u201c\u00c9 uma falsa narrativa. \u00c9 um assassinato de reputa\u00e7\u00e3o, falsificando narrativas e contando mentiras. Militantes da m\u00eddia convencional distorcem tudo. \u00c9 uma pena\u201d, disse. \u201cApesar dos excessos, eu confio na m\u00eddia\u201d, acrescentou.\u00a0<\/span><\/p>\n<p>&nbsp;<\/p>\n<p>&nbsp;<\/p>\n<p><span style=\"font-weight: 400\">De acordo com Guedes, a frase foi dita em um evento para animar o lan\u00e7amento da primeira Frente Parlamentar do Empreendedorismo e ele queria \u201ccelebrar o momento\u201d com parlamentares e empres\u00e1rios.\u00a0<\/span><span style=\"font-weight: 400\">\u201cNessa celebra\u00e7\u00e3o, eu dizia: Tem uma crise h\u00eddrica, mas, e da\u00ed? Vamos enfrentar. Era uma convoca\u00e7\u00e3o para enfrentar a crise. Era um chamamento. Vamos enfrentar\u201d, disse, enumerando que, primeiro, veio a pandemia, depois, veio a crise, e \u201co governo tem que lutar\u201d.\u201d N\u00e3o podemos nos deixar abater\u201d, emendou.<\/span><\/p>\n<p>&nbsp;<\/p>\n<p><strong>Frase infeliz<\/strong><\/p>\n<p>&nbsp;<\/p>\n<p><span style=\"font-weight: 400\">Ontem, <a href=\"https:\/\/blogs2.correiobraziliense.com.br\/vicente\/guedes-qual-e-o-problema-agora-se-a-energia-vai-ficar-um-pouco-mais-cara\/\">durante o evento de lan\u00e7amento da Frente Parlamentar na C\u00e2mara dos Deputados, ele\u00a0 disse que era preciso <\/a><\/span><span style=\"font-weight: 400\">\u201ctapar os ouvidos\u201d para a gritaria por conta da antecipa\u00e7\u00e3o das elei\u00e7\u00f5es e fez um questionamento sobre crise h\u00eddrica: \u201cQual \u00e9 o problema agora se a energia vai ficar um pouco mais cara?\u201d. Essa frase, no entanto, provocou rea\u00e7\u00f5es negativas nas redes sociais e tamb\u00e9m entre os parlamentares da base governista.<\/span><\/p>\n<p>&nbsp;<\/p>\n<p><span style=\"font-weight: 400\">Na ocasi\u00e3o, o ministro tentou minimizar o problema da crise h\u00eddrica, que vem sendo um dos principais motivos para a alta da infla\u00e7\u00e3o que vem tirando o sono dos brasileiros. Mas ele disse a frase infeliz no mesmo dia em que foi divulgado dados da pr\u00e9via da infla\u00e7\u00e3o oficial, o IPCA 15, que, em julho, ficou acima das previs\u00f5es do mercado e acumulou alta de 9,3% em 12 meses. Essa nova surpresa deve provocar nova onda de revis\u00f5es para cima tanto para a infla\u00e7\u00e3o quanto para a taxa b\u00e1sica de juros (Selic).\u00a0<\/span><\/p>\n<p>&nbsp;<\/p>\n<p><span style=\"font-weight: 400\">De acordo com Paulo Guedes, ele conversou com os demais integrantes do governo para que o novo aumento na bandeira tarif\u00e1ria da conta de luz fosse gradual. \u201cEu sugeri modera\u00e7\u00e3o para ficar mais tempo em vez de subir muito de uma vez. Subindo a bandeira um pouco agora, \u00e9 melhor para ajudar a repor (os n\u00edveis dos) reservat\u00f3rios\u201d, afirmou. A decis\u00e3o sobre os novos valores da bandeira dever\u00e1 ocorrer at\u00e9 o fim deste m\u00eas. Especialistas n\u00e3o descartam o risco de apag\u00e3o ou de racionamento se n\u00e3o houver chuvas suficientes at\u00e9 outubro.<\/span><\/p>\n<p>&nbsp;<\/p>\n<p><span style=\"font-weight: 400\">Durante a fala no evento da XP. o ministro aproveitou para alfinetar os governos anteriores na constru\u00e7\u00e3o da usina de Belo Monte, que \u00e9 a fio d&#8217;\u00e1gua no meio da floresta, a um custo bilion\u00e1rio\u201d para agradar empreiteiras\u201d. \u201cTinha lugar melhor para fazer isso e custaria menos\u201d, alfinetou.\u00a0<\/span><\/p>\n<p>&nbsp;<\/p>\n","protected":false},"excerpt":{"rendered":"<p>ROSANA HESSEL O ministro da Economia, Paulo Guedes, disse que foi mal interpretado ao minimizar a crise h\u00eddrica, diante de um novo aumento na bandeira tarif\u00e1ria da conta de luz, e alegou que a frase \u201cfoi tirada do contexto\u201d e ainda criticou a m\u00eddia, dizendo que h\u00e1 &#8220;militantes&#8221; que &#8220;distorcem tudo&#8221;. &nbsp; \u201cTemos riscos, sim [&hellip;]<\/p>\n","protected":false},"author":22,"featured_media":15842,"comment_status":"open","ping_status":"closed","sticky":false,"template":"","format":"standard","meta":{"wpb_read_more":[],"footnotes":""},"categories":[600],"tags":[5593,36,14,3613,4044,3433],"class_list":["post-20644","post","type-post","status-publish","format-standard","has-post-thumbnail","hentry","category-economia","tag-crise-hidrica","tag-energia","tag-inflacao","tag-paulo-guedes","tag-tarifa","tag-xp-investimentos"],"_links":{"self":[{"href":"https:\/\/blogs2.correiobraziliense.com.br\/vicente\/wp-json\/wp\/v2\/posts\/20644","targetHints":{"allow":["GET"]}}],"collection":[{"href":"https:\/\/blogs2.correiobraziliense.com.br\/vicente\/wp-json\/wp\/v2\/posts"}],"about":[{"href":"https:\/\/blogs2.correiobraziliense.com.br\/vicente\/wp-json\/wp\/v2\/types\/post"}],"author":[{"embeddable":true,"href":"https:\/\/blogs2.correiobraziliense.com.br\/vicente\/wp-json\/wp\/v2\/users\/22"}],"replies":[{"embeddable":true,"href":"https:\/\/blogs2.correiobraziliense.com.br\/vicente\/wp-json\/wp\/v2\/comments?post=20644"}],"version-history":[{"count":3,"href":"https:\/\/blogs2.correiobraziliense.com.br\/vicente\/wp-json\/wp\/v2\/posts\/20644\/revisions"}],"predecessor-version":[{"id":20649,"href":"https:\/\/blogs2.correiobraziliense.com.br\/vicente\/wp-json\/wp\/v2\/posts\/20644\/revisions\/20649"}],"wp:featuredmedia":[{"embeddable":true,"href":"https:\/\/blogs2.correiobraziliense.com.br\/vicente\/wp-json\/wp\/v2\/media\/15842"}],"wp:attachment":[{"href":"https:\/\/blogs2.correiobraziliense.com.br\/vicente\/wp-json\/wp\/v2\/media?parent=20644"}],"wp:term":[{"taxonomy":"category","embeddable":true,"href":"https:\/\/blogs2.correiobraziliense.com.br\/vicente\/wp-json\/wp\/v2\/categories?post=20644"},{"taxonomy":"post_tag","embeddable":true,"href":"https:\/\/blogs2.correiobraziliense.com.br\/vicente\/wp-json\/wp\/v2\/tags?post=20644"}],"curies":[{"name":"wp","href":"https:\/\/api.w.org\/{rel}","templated":true}]}}