{"id":20668,"date":"2021-08-27T13:56:51","date_gmt":"2021-08-27T16:56:51","guid":{"rendered":"https:\/\/blogs2.correiobraziliense.com.br\/vicente\/?p=20668"},"modified":"2021-08-27T14:06:41","modified_gmt":"2021-08-27T17:06:41","slug":"lira-e-campos-neto-alinham-discurso-de-garantia-da-responsabilidade-fiscal","status":"publish","type":"post","link":"https:\/\/blogs2.correiobraziliense.com.br\/vicente\/lira-e-campos-neto-alinham-discurso-de-garantia-da-responsabilidade-fiscal\/","title":{"rendered":"Lira e Campos Neto alinham discurso de garantia da responsabilidade fiscal"},"content":{"rendered":"<h2><span style=\"font-weight: 400\">ROSANA HESSEL<\/span><\/h2>\n<h2><\/h2>\n<h2><span style=\"font-weight: 400\">Enquanto o ministro da Economia, Paulo Guedes, ficar mais enfraquecido devido \u00e0s falas desastrosas, o mercado financeiro continua desconfiado com o governo e a impetuosidade do presidente Jair Bolsonaro, que insiste em criar crises institucionais,\u00a0<\/span><span style=\"font-weight: 400\">o presidente da C\u00e2mara dos Deputados, Arthur Lira (PP-AL), e o presidente do Banco Central, Roberto Campos Neto, resolveram aparar as arestas e alinharam o discurso focando na responsabilidade fiscal e na melhora da narrativa.<\/span><\/h2>\n<p>&nbsp;<\/p>\n<h2><\/h2>\n<p>Durante evento em S\u00e3o Paulo voltado para empres\u00e1rios e integrantes do mercado financeiro, Campos Neto e Lira buscaram, nesta sexta-feira (28\/08),\u00a0 tranquilizar os agentes financeiros. O objetivo foi amenizar a desconfian\u00e7a crescente, tanto em rela\u00e7\u00e3o ao compromisso fiscal em meio \u00e0 antecipa\u00e7\u00e3o clara do debate eleitoral que tem feito a Bolsa cair e o d\u00f3lar subir junto com a piora nas perspectivas de infla\u00e7\u00e3o, que n\u00e3o para de subir e pode subir ainda mais neste ano e no pr\u00f3ximo, devido \u00e0 crise h\u00eddrica.<\/p>\n<p>&nbsp;<\/p>\n<p>De acordo com o presidente do Banco Central,\u00a0 h\u00e1 muito ru\u00eddo no mercado sobre a quest\u00e3o fiscal. mas o &#8220;pano de fundo&#8221; \u00e9 de melhora nos indicadores da economia e da d\u00edvida p\u00fablica bruta, bem como do resultado prim\u00e1rio do governo federal. Ele refor\u00e7ou que, em 2022, o deficit prim\u00e1rio ser\u00e1 menor do que o deste ano, e, &#8220;em torno de 0,3% e de 0,4% do Produto Interno Bruto (PIB) ap\u00f3s o saldo negativo de 2021 ficar em torno de 1,5% do PIB.<\/p>\n<p>&nbsp;<\/p>\n<p>Apesar de admitir que existem riscos inflacion\u00e1rios\u00a0 &#8220;n\u00e3o apenas no Brasil, mas globalmente&#8221; e que h\u00e1\u00a0queda nas proje\u00e7\u00f5es de crescimento do PIB de 2022, Campos Neto, disse que o governo precisa melhorar a comunica\u00e7\u00e3o para mostrar que h\u00e1 dados positivos na quest\u00e3o fiscal e no meio ambiente. Ele refor\u00e7ou que a &#8220;parte fiscal est\u00e1 melhorando&#8221; e que o pa\u00eds &#8220;est\u00e1 fazendo reformas estruturantes&#8221;, citando a independ\u00eancia do Banco Central.<\/p>\n<p>&nbsp;<\/p>\n<p>&#8220;O governo precisa melhorar a narrativa&#8221;, reconheceu o ministro. Campos Neto contou que tem conversado bastante com o novo ministro do Meio Ambiente, Joaquim Alvaro Pereira Leite, para alinhar o discurso para a Confer\u00eancia das Na\u00e7\u00f5es Unidas sobre Mudan\u00e7as Clim\u00e1ticas de 2021, conhecida como COP26, que ocorrer\u00e1 em novembro na Esc\u00f3cia. Segundo ele, Leite o convidou para participar do evento e conversar com os investidores e mostrar a agenda de sustentabilidade do BC que est\u00e1 sendo implementada.<\/p>\n<p>&nbsp;<\/p>\n<p>&#8220;A COP26 est\u00e1 se aproximando e \u00e9 importante que o Brasil passe uma mensagem de que o pa\u00eds \u00e9 respons\u00e1vel. Precisamos consertar a narrativa nesse tema, que \u00e9 muito relevante e afeta o fluxo de investimento&#8221;, disse o ministro. Ele, inclusive, defendeu uma &#8220;vis\u00e3o de futuro mais sustent\u00e1vel e inclusivo&#8221; em um cen\u00e1rio p\u00f3s-pandemia, que est\u00e1 provocando uma &#8220;mudan\u00e7a estrutural das economias&#8221;.<\/p>\n<p>&nbsp;<\/p>\n<p><span style=\"font-weight: 400\">&#8220;O pa\u00eds precisa de credibilidade no meio ambiente&#8221;, admitiu Campos Neto. Ele destacou que o pa\u00eds tamb\u00e9m necessita de solu\u00e7\u00f5es privadas para recuperar o crescimento sustent\u00e1vel e, principalmente, investimento externo e, para isso, \u00e9 preciso melhorar a narrativa e mostrar que &#8221; a coordena\u00e7\u00e3o dentro do governo \u00e9 maior&#8221;, do que a imagem do pa\u00eds que passa l\u00e1 fora.<\/span><\/p>\n<p>&nbsp;<\/p>\n<p>&nbsp;<\/p>\n<p><strong>Teto de gastos<\/strong><\/p>\n<p>&nbsp;<\/p>\n<p>&nbsp;<\/p>\n<p><span style=\"font-weight: 400\">O presidente da C\u00e2mara, por sua vez, disse que n\u00e3o pode deixar de ser otimista com o pa\u00eds e garantiu que Congresso vai fazer a sua parte, porque \u00e9 &#8221; reformador e est\u00e1 contribuindo e apaziguando&#8221; contra as crises e garantiu respeito \u00e0s regras fiscais por parte do Legislativo.\u00a0\u00a0<\/span><span style=\"font-weight: 400\">&#8220;N\u00e3o aventamos a possibilidade de romper o teto para dar aux\u00edlio emergencial ou Bolsa Fam\u00edlia ampliado&#8221;, assegurou.\u00a0<\/span><\/p>\n<p>&nbsp;<\/p>\n<p>Lira ainda\u00a0<span style=\"font-weight: 400\">defendeu a desindexa\u00e7\u00e3o e a desvincula\u00e7\u00e3o das despesas, uma bandeira constante do ministro Paulo Guedes.\u00a0<\/span><span style=\"font-weight: 400\">Para Lira, s\u00f3 assim o governo conseguir\u00e1 controlar os gastos e tornar o estado mais competitivo. Ele disse que vai encaminhas as pautas de reforma tribut\u00e1ria e da reforma administrativa, porque\u00a0 s\u00e3o importantes, mas reconheceu que, no caso da reforma tribut\u00e1ria, \u00e9 dif\u00edcil avan\u00e7ar em meio \u00e0 pandemia.\u00a0<\/span><\/p>\n<p>&nbsp;<\/p>\n<p>&#8220;Costurar um acordo e negociar\u00a0temas como a reforma tribut\u00e1ria, por exemplo, virtualmente no Congresso, \u00e9 uma mat\u00e9ria complicada&#8221;, afirmou Lira, no evento organizado pela Esfera Brasil e patrocinado pela Federa\u00e7\u00e3o Brasileira de Bancos (Febraban) para debater as agendas econ\u00f4mica e pol\u00edtica do segundo semestre.<\/p>\n<p>&nbsp;<\/p>\n<p><strong>Precat\u00f3rios<\/strong><\/p>\n<p>&nbsp;<\/p>\n<p>Arthur Lira confirmou a negocia\u00e7\u00e3o entre Congresso e o Supremo Tribunal Federal (STF) em buscar uma sa\u00edda para a quest\u00e3o da explos\u00e3o dos precat\u00f3rios &#8212; d\u00edvida judicial da Uni\u00e3o &#8212; sem passar por uma Proposta de Emenda \u00e0 Constitui\u00e7\u00e3o (PEC) para o adiamento e parcelamento em 10 anos proposta por Guedes para o pagamento dos R$ 89,1 bilh\u00f5es previstos para 2022 e que, segundo ele, podem comprometer o teto de gastos, mas a solu\u00e7\u00e3o \u00e9 criticada e apontada como medida inconstitucional para abrir espa\u00e7o no Or\u00e7amento para a amplia\u00e7\u00e3o do Bolsa Fam\u00edlia.<\/p>\n<p>&nbsp;<\/p>\n<p>&#8220;A melhor sa\u00edda\u00a0<span style=\"font-weight: 400\">\u00e9 que esta sendo negociada pelo poder Judici\u00e1rio. Se depender do presidente Luiz Fux (do STF), vamos encontrar uma sa\u00edda sequenciada que evitar\u00e1 uma contesta\u00e7\u00e3o jur\u00eddica. Vamos burcas uma sa\u00edda que atenda a todos e garanta uma sa\u00edda jur\u00eddica, sem qualquer possibilidade de calote para os credores da Uni\u00e3o&#8221;, afirmou. <\/span><\/p>\n","protected":false},"excerpt":{"rendered":"<p>ROSANA HESSEL Enquanto o ministro da Economia, Paulo Guedes, ficar mais enfraquecido devido \u00e0s falas desastrosas, o mercado financeiro continua desconfiado com o governo e a impetuosidade do presidente Jair Bolsonaro, que insiste em criar crises institucionais,\u00a0o presidente da C\u00e2mara dos Deputados, Arthur Lira (PP-AL), e o presidente do Banco Central, Roberto Campos Neto, resolveram [&hellip;]<\/p>\n","protected":false},"author":22,"featured_media":20673,"comment_status":"open","ping_status":"closed","sticky":false,"template":"","format":"standard","meta":{"wpb_read_more":[],"footnotes":""},"categories":[600],"tags":[4127,589,460,63,2108,4975,3714],"class_list":["post-20668","post","type-post","status-publish","format-standard","has-post-thumbnail","hentry","category-economia","tag-arthur-lira","tag-economia","tag-meio-ambiente","tag-mercado-financeiro","tag-precatorios","tag-riscos-fiscais","tag-roberto-campos-neto"],"_links":{"self":[{"href":"https:\/\/blogs2.correiobraziliense.com.br\/vicente\/wp-json\/wp\/v2\/posts\/20668","targetHints":{"allow":["GET"]}}],"collection":[{"href":"https:\/\/blogs2.correiobraziliense.com.br\/vicente\/wp-json\/wp\/v2\/posts"}],"about":[{"href":"https:\/\/blogs2.correiobraziliense.com.br\/vicente\/wp-json\/wp\/v2\/types\/post"}],"author":[{"embeddable":true,"href":"https:\/\/blogs2.correiobraziliense.com.br\/vicente\/wp-json\/wp\/v2\/users\/22"}],"replies":[{"embeddable":true,"href":"https:\/\/blogs2.correiobraziliense.com.br\/vicente\/wp-json\/wp\/v2\/comments?post=20668"}],"version-history":[{"count":12,"href":"https:\/\/blogs2.correiobraziliense.com.br\/vicente\/wp-json\/wp\/v2\/posts\/20668\/revisions"}],"predecessor-version":[{"id":20685,"href":"https:\/\/blogs2.correiobraziliense.com.br\/vicente\/wp-json\/wp\/v2\/posts\/20668\/revisions\/20685"}],"wp:featuredmedia":[{"embeddable":true,"href":"https:\/\/blogs2.correiobraziliense.com.br\/vicente\/wp-json\/wp\/v2\/media\/20673"}],"wp:attachment":[{"href":"https:\/\/blogs2.correiobraziliense.com.br\/vicente\/wp-json\/wp\/v2\/media?parent=20668"}],"wp:term":[{"taxonomy":"category","embeddable":true,"href":"https:\/\/blogs2.correiobraziliense.com.br\/vicente\/wp-json\/wp\/v2\/categories?post=20668"},{"taxonomy":"post_tag","embeddable":true,"href":"https:\/\/blogs2.correiobraziliense.com.br\/vicente\/wp-json\/wp\/v2\/tags?post=20668"}],"curies":[{"name":"wp","href":"https:\/\/api.w.org\/{rel}","templated":true}]}}