{"id":20671,"date":"2021-08-27T14:58:26","date_gmt":"2021-08-27T17:58:26","guid":{"rendered":"https:\/\/blogs2.correiobraziliense.com.br\/vicente\/?p=20671"},"modified":"2021-08-27T14:58:26","modified_gmt":"2021-08-27T17:58:26","slug":"nao-estamos-atras-de-uma-reforma-otima-diz-arthur-lira","status":"publish","type":"post","link":"https:\/\/blogs2.correiobraziliense.com.br\/vicente\/nao-estamos-atras-de-uma-reforma-otima-diz-arthur-lira\/","title":{"rendered":"&#8220;N\u00e3o estamos atr\u00e1s de uma reforma \u00f3tima&#8221;, diz Arthur Lira"},"content":{"rendered":"<h3>ROSANA HESSEL<\/h3>\n<h3><\/h3>\n<h3>O presidente da C\u00e2mara dos Deputados, Arthur Lira (PP-AL), defendeu o fatiamento da reforma tribut\u00e1ria defendido por Paulo Guedes e ainda criticou a reforma ampla que o presidente do Senado Federal, Rodrigo Pacheco (DEM-MG), tem sinalizado maior prefer\u00eancia. Nesse sentido, Lira disse que procura uma &#8220;reforma poss\u00edvel&#8221;.<\/h3>\n<h3><\/h3>\n<p>De acordo com o deputado, costurar um acordo e negociar temas como a reforma tribut\u00e1ria, virtualmente no Congresso, &#8220;\u00e9 uma mat\u00e9ria complicada&#8221;.\u00a0 &#8220;N\u00e3o estamos atr\u00e1s de uma reforma \u00f3tima. Estamos atr\u00e1s de uma reforma poss\u00edvel. N\u00e3o queremos prejudicar ningu\u00e9m. Nossa inten\u00e7\u00e3o \u00e9 fazer o melhor poss\u00edvel e ouvir a todos&#8221;, afirmou Lira, nesta sexta-feira (27\/08), durante evento em S\u00e3o Paulo a empres\u00e1rios organizado pela Esfera Brasil.<\/p>\n<p>&nbsp;<\/p>\n<p>A proposta da reforma do Imposto de Renda, o PL 2.337\/2021,\u00a0j\u00e1 teve avan\u00e7os desde que chegou no Congresso, de acordo com Lira. Segundo ele, a mat\u00e9ria seria votada ainda nesta semana se dependesse dele. Ele garantiu que o Congresso pretende trabalhar &#8220;no que for melhor&#8221;.\u00a0 O PL do Imposto de Renda\u00a0\u00e9 a segunda fase da reforma tribut\u00e1ria de Paulo Guedes, que enviou a primeira etapa, que unifica unifica\u00e7\u00e3o PIS-Cofins e cria a Contribui\u00e7\u00e3o sobre Bens e Servi\u00e7os (CBS), mas a mat\u00e9ria est\u00e1 parada desde o ano passado na Casa, devido \u00e0 falta de consenso.<\/p>\n<p>&nbsp;<\/p>\n<p>O parlamentar reconheceu que h\u00e1 diverg\u00eancias entre o Senado e C\u00e2mara sobre o tema. Contudo,\u00a0 para ele, a reforma que vem sendo defendida por Pacheco, a Proposta de Emenda \u00e0 Constitui\u00e7\u00e3o (PEC) 110\/2019 que est\u00e1 parada no Senado e prev\u00ea a unifica\u00e7\u00e3o de nove tributos e criando um IVA dual \u00e9 mais dif\u00edcil de ser aprovada . Por conta disso, defendeu o que ele chamou de &#8220;reforma faseada&#8221;, porque \u00e9 preciso apenas &#8220;a maioria simples&#8221;, e, mesmo assim, n\u00e3o est\u00e1 conseguindo avan\u00e7ar.\u00a0 &#8220;Imagina se ela fosse a reforma completa, que nem saiu do lugar no Senado. Espero que as reformas andem. O Congresso est\u00e1 focado nisso e pe\u00e7o o empenho e a ajuda de todos&#8221;, argumentou.<\/p>\n<p>&nbsp;<\/p>\n<p>O presidente da C\u00e2mara defendeu a tributa\u00e7\u00e3o sobre dividendos proposta pelo PL 2.2337\/2021, mas evitou comentar se esse percentual poderia ser menor do que os 20% previstos na proposta do Executivo.\u00a0&#8220;Pacheco defende uma tributa\u00e7\u00e3o menor sobre dividendos, mas o problema s\u00e3o as contas. A tributa\u00e7\u00e3o sobre o capital \u00e9 neutra. A gente espera que essa articula\u00e7\u00e3o seja imbu\u00edda do que \u00e9 melhor para o pa\u00eds. S\u00e3o propostas legislativas que tentam tornar o sistema mais justo&#8221;, afirmou.<\/p>\n<p>&nbsp;<\/p>\n<p>Arthur Lira ainda disse que trabalha em &#8220;uma agenda flex\u00edvel&#8221;, buscando dar maior previsibilidade para o pa\u00eds e fez um balan\u00e7o positivo do avan\u00e7o de propostas econ\u00f4micas na Casa no primeiro semestre de 2021.<\/p>\n<p>&nbsp;<\/p>\n<p>Na avalia\u00e7\u00e3o do parlamentar, Bras\u00edlia n\u00e3o atrapalha, mas &#8220;ajuda muito&#8221; e o Congresso estar\u00e1 empenhado em preservar o teto de gastos e garantir a estabilidade do regime democr\u00e1tico, apesar das tens\u00f5es recentes.\u00a0 &#8220;Num contexto geral, vamos nos comprometer para n\u00e3o perder o foco da responsabilidade fiscal, junto com a manuten\u00e7\u00e3o da democracia&#8221;, garantiu.<\/p>\n<p>&nbsp;<\/p>\n<p>&nbsp;<\/p>\n","protected":false},"excerpt":{"rendered":"<p>ROSANA HESSEL O presidente da C\u00e2mara dos Deputados, Arthur Lira (PP-AL), defendeu o fatiamento da reforma tribut\u00e1ria defendido por Paulo Guedes e ainda criticou a reforma ampla que o presidente do Senado Federal, Rodrigo Pacheco (DEM-MG), tem sinalizado maior prefer\u00eancia. Nesse sentido, Lira disse que procura uma &#8220;reforma poss\u00edvel&#8221;. De acordo com o deputado, costurar [&hellip;]<\/p>\n","protected":false},"author":22,"featured_media":9900,"comment_status":"open","ping_status":"closed","sticky":false,"template":"","format":"standard","meta":{"wpb_read_more":[],"footnotes":""},"categories":[600],"tags":[4127,134,254,4802,808,1350],"class_list":["post-20671","post","type-post","status-publish","format-standard","has-post-thumbnail","hentry","category-economia","tag-arthur-lira","tag-camara","tag-congresso","tag-dividendos","tag-imposto-de-renda","tag-reforma-tributaria"],"_links":{"self":[{"href":"https:\/\/blogs2.correiobraziliense.com.br\/vicente\/wp-json\/wp\/v2\/posts\/20671","targetHints":{"allow":["GET"]}}],"collection":[{"href":"https:\/\/blogs2.correiobraziliense.com.br\/vicente\/wp-json\/wp\/v2\/posts"}],"about":[{"href":"https:\/\/blogs2.correiobraziliense.com.br\/vicente\/wp-json\/wp\/v2\/types\/post"}],"author":[{"embeddable":true,"href":"https:\/\/blogs2.correiobraziliense.com.br\/vicente\/wp-json\/wp\/v2\/users\/22"}],"replies":[{"embeddable":true,"href":"https:\/\/blogs2.correiobraziliense.com.br\/vicente\/wp-json\/wp\/v2\/comments?post=20671"}],"version-history":[{"count":2,"href":"https:\/\/blogs2.correiobraziliense.com.br\/vicente\/wp-json\/wp\/v2\/posts\/20671\/revisions"}],"predecessor-version":[{"id":20689,"href":"https:\/\/blogs2.correiobraziliense.com.br\/vicente\/wp-json\/wp\/v2\/posts\/20671\/revisions\/20689"}],"wp:featuredmedia":[{"embeddable":true,"href":"https:\/\/blogs2.correiobraziliense.com.br\/vicente\/wp-json\/wp\/v2\/media\/9900"}],"wp:attachment":[{"href":"https:\/\/blogs2.correiobraziliense.com.br\/vicente\/wp-json\/wp\/v2\/media?parent=20671"}],"wp:term":[{"taxonomy":"category","embeddable":true,"href":"https:\/\/blogs2.correiobraziliense.com.br\/vicente\/wp-json\/wp\/v2\/categories?post=20671"},{"taxonomy":"post_tag","embeddable":true,"href":"https:\/\/blogs2.correiobraziliense.com.br\/vicente\/wp-json\/wp\/v2\/tags?post=20671"}],"curies":[{"name":"wp","href":"https:\/\/api.w.org\/{rel}","templated":true}]}}