{"id":20691,"date":"2021-08-27T15:01:57","date_gmt":"2021-08-27T18:01:57","guid":{"rendered":"https:\/\/blogs2.correiobraziliense.com.br\/vicente\/?p=20691"},"modified":"2021-08-27T21:10:17","modified_gmt":"2021-08-28T00:10:17","slug":"bc-prepara-conjunto-de-medidas-para-tornar-o-pix-mais-seguro","status":"publish","type":"post","link":"https:\/\/blogs2.correiobraziliense.com.br\/vicente\/bc-prepara-conjunto-de-medidas-para-tornar-o-pix-mais-seguro\/","title":{"rendered":"BC prepara conjunto de medidas para tornar o PIX mais seguro"},"content":{"rendered":"<h2><span style=\"font-weight: 400\">ROSANA HESSEL<\/span><\/h2>\n<h2><\/h2>\n<h2><span style=\"font-weight: 400\">Em meio ao aumento dos casos de sequestro-rel\u00e2mpago e de assaltos em que os bandidos fazem as v\u00edtimas transferirem recursos por meio do PIX, o presidente do Banco Central, Roberto Campos Neto, adiantou que a autoridade monet\u00e1ria est\u00e1 preparando medidas para aumentar a seguran\u00e7a da ferramenta e dever\u00e1 fazer o lan\u00e7amento \u201cem breve\u201d.<\/span><\/h2>\n<h2><\/h2>\n<p><span style=\"font-weight: 400\">\u201cO BC dever\u00e1 anunciar, em breve, um conjunto de medidas para tornar o PIX mais seguro\u201d, disse Campos Neto, nesta sexta-feira (27\/08), em S\u00e3o Paulo, em um evento para empres\u00e1rios e agentes do mercado financeiro organizado pela Esfera Brasil e patrocinado pela Federa\u00e7\u00e3o Brasileira de Bancos (Febraban), ao ser questionado sobre o assunto.\u00a0<\/span><span style=\"font-weight: 400\">&#8220;Faz parte do aprimoramento dessa forma de pagamento\u201d, afirmou.\u00a0<\/span><\/p>\n<p>&nbsp;<\/p>\n<p>Devido ao aumento de casos de crimes associados ao PIX, <a href=\"https:\/\/blogs2.correiobraziliense.com.br\/vicente\/bancos-querem-que-bc-imponha-limites-no-pix-para-evitar-crimes\/\">os bancos pressionaram o BC para impor limites no uso da ferramenta<\/a>. Em S\u00e3o Paulo, por exemplo, o n\u00famero de ocorr\u00eancias de sequestro-rel\u00e2mpago nos primeiros sete meses do ano cresceram 39,1%, conforme dados da Secretaria de Seguran\u00e7a P\u00fablica do estado.<\/p>\n<p>&nbsp;<\/p>\n<p><span style=\"font-weight: 400\">O presidente da autoridade monet\u00e1ria minimizou o aumento da criminalidade associada ao PIX , porque, segundo ele, esse aumento dos casos tamb\u00e9m reflete os avan\u00e7os na vacina\u00e7\u00e3o contra a covid-19 e a volta da circula\u00e7\u00e3o das pessoas. Segundo ele, o sequestro-rel\u00e2mpago aumenta por conta do retorno da mobilidade e ele \u201cpode ser feito com PIX, TED ou DOC\u201d. Al\u00e9m disso, assim como no caso dos caixas autom\u00e1ticos (ATMs), no passado, \u201co mercado foi se ajustando, reduzindo os valores dos saques noturnos\u201d e, com o PIX, \u00e9 prov\u00e1vel ocorrer um aperfei\u00e7oamento da ferramenta. \u201cA gente est\u00e1 em processo constante de amadurecer as formas de pagamento para que elas sejam mais seguras\u201d, disse. Segundo ele, a n\u00e3o ser que o ladr\u00e3o use um laranja, com as transfer\u00eancias por PIX \u00e9 mais f\u00e1cil para a pol\u00edcia identificar o destinat\u00e1rio, porque o banco possui os dados dos correntistas.<\/span><\/p>\n<p>&nbsp;<\/p>\n<p>Vale lembrar que no aplicativo do PIX do banco em que tem conta, o consumidor j\u00e1 pode limitar os valores das transfer\u00eancias, tanto di\u00e1rios quanto noturnos. Basta clicar em Meus Limites do PIX. Os bancos limitam as transfer\u00eancias noturnas at\u00e9 R$ 5 mil, mas \u00e9 preciso ficar atento aos valores autorizados para a ferramenta, pois eles podem\u00a0superar o que o cliente tem dispon\u00edvel em conta-corrente.<\/p>\n<p>&nbsp;<\/p>\n<p>Pouco depois desse an\u00fancio de Campos Neto, a assessoria do BC informou que os diretores Jo\u00e3o Manoel e o diretor Paulo Souza falar\u00e3o com a imprensa sobre medidas de aprimoramento dos meios de pagamento eletr\u00f4nico \u00e0s 16h30.<\/p>\n<p>&nbsp;<\/p>\n<p>&nbsp;<\/p>\n<p><strong>Dados acima do esperado<\/strong><\/p>\n<p>&nbsp;<\/p>\n<p><span style=\"font-weight: 400\">Na avalia\u00e7\u00e3o de Campos Neto, o PIX est\u00e1 surpreendendo as expectativas do BC devido \u00e0 elevada populariza\u00e7\u00e3o no uso da ferramenta. \u201cO PIX n\u00e3o \u00e9 s\u00f3 um sistema de pagamento instant\u00e2neo, mas ele tem ajudado a inclus\u00e3o de mais pessoas no mundo financeiro\u201d, afirmou.\u00a0<\/span><\/p>\n<p>&nbsp;<\/p>\n<p><span style=\"font-weight: 400\">Os dados do PIX est\u00e3o acima das previs\u00f5es iniciais do BC, segundo o presidente da autoridade monet\u00e1ria. Ele contou que, at\u00e9 o momento, foram registradas 283 milh\u00f5es de chaves. \u201cN\u00f3s ach\u00e1vamos que atingir\u00edamos 20 milh\u00f5es em seis meses e esse n\u00famero foi atingido em uma semana\u201d, contou .<\/span><\/p>\n<p>&nbsp;<\/p>\n<p><span style=\"font-weight: 400\">\u201cO PIX foi um grande avan\u00e7o em termos de modelo de neg\u00f3cios e substitui outras formas de pagamento\u201d, afirmou ele, contando que, sem essa ferramenta, alguns pequenos neg\u00f3cios seriam inviabilizados durante a pandemia.\u00a0\u00a0<\/span><\/p>\n<p>&nbsp;<\/p>\n<p><span style=\"font-weight: 400\">De acordo com Campos Neto, o PIX faz parte da agenda BC#, que caminha para a amplia\u00e7\u00e3o do open banking, agora chamado de open finance pelo BC &#8212;\u00a0 plataforma que busca uniformizar os dados dos clientes entre as institui\u00e7\u00f5es financeiras, e, assim, baratear os custos dos servi\u00e7os e dos produtos financeiros para o consumidor. <\/span><\/p>\n<p>&nbsp;<\/p>\n<p><span style=\"font-weight: 400\">\u201cTem uma grande revolu\u00e7\u00e3o no mundo acontecendo e \u00e9 a revolu\u00e7\u00e3o dos dados\u201d, disse o presidente do BC. \u201cO que mais d\u00e1 receita hoje para as empresas s\u00e3o os dados e n\u00e3o se paga imposto por isso. O open finance vai democratizar os dados para uma oferta mais barata e sob medida de servi\u00e7os\u201d, complementou.\u00a0<\/span><\/p>\n<p>&nbsp;<\/p>\n","protected":false},"excerpt":{"rendered":"<p>ROSANA HESSEL Em meio ao aumento dos casos de sequestro-rel\u00e2mpago e de assaltos em que os bandidos fazem as v\u00edtimas transferirem recursos por meio do PIX, o presidente do Banco Central, Roberto Campos Neto, adiantou que a autoridade monet\u00e1ria est\u00e1 preparando medidas para aumentar a seguran\u00e7a da ferramenta e dever\u00e1 fazer o lan\u00e7amento \u201cem breve\u201d. [&hellip;]<\/p>\n","protected":false},"author":22,"featured_media":15102,"comment_status":"open","ping_status":"closed","sticky":false,"template":"","format":"standard","meta":{"wpb_read_more":[],"footnotes":""},"categories":[600],"tags":[3,5718,5719,4977,3714,462],"class_list":["post-20691","post","type-post","status-publish","format-standard","has-post-thumbnail","hentry","category-economia","tag-banco-central","tag-criminalidade","tag-novas-medidas","tag-pix","tag-roberto-campos-neto","tag-seguranca"],"_links":{"self":[{"href":"https:\/\/blogs2.correiobraziliense.com.br\/vicente\/wp-json\/wp\/v2\/posts\/20691","targetHints":{"allow":["GET"]}}],"collection":[{"href":"https:\/\/blogs2.correiobraziliense.com.br\/vicente\/wp-json\/wp\/v2\/posts"}],"about":[{"href":"https:\/\/blogs2.correiobraziliense.com.br\/vicente\/wp-json\/wp\/v2\/types\/post"}],"author":[{"embeddable":true,"href":"https:\/\/blogs2.correiobraziliense.com.br\/vicente\/wp-json\/wp\/v2\/users\/22"}],"replies":[{"embeddable":true,"href":"https:\/\/blogs2.correiobraziliense.com.br\/vicente\/wp-json\/wp\/v2\/comments?post=20691"}],"version-history":[{"count":12,"href":"https:\/\/blogs2.correiobraziliense.com.br\/vicente\/wp-json\/wp\/v2\/posts\/20691\/revisions"}],"predecessor-version":[{"id":20721,"href":"https:\/\/blogs2.correiobraziliense.com.br\/vicente\/wp-json\/wp\/v2\/posts\/20691\/revisions\/20721"}],"wp:featuredmedia":[{"embeddable":true,"href":"https:\/\/blogs2.correiobraziliense.com.br\/vicente\/wp-json\/wp\/v2\/media\/15102"}],"wp:attachment":[{"href":"https:\/\/blogs2.correiobraziliense.com.br\/vicente\/wp-json\/wp\/v2\/media?parent=20691"}],"wp:term":[{"taxonomy":"category","embeddable":true,"href":"https:\/\/blogs2.correiobraziliense.com.br\/vicente\/wp-json\/wp\/v2\/categories?post=20691"},{"taxonomy":"post_tag","embeddable":true,"href":"https:\/\/blogs2.correiobraziliense.com.br\/vicente\/wp-json\/wp\/v2\/tags?post=20691"}],"curies":[{"name":"wp","href":"https:\/\/api.w.org\/{rel}","templated":true}]}}