{"id":207,"date":"2015-09-30T00:01:00","date_gmt":"2015-09-30T03:01:00","guid":{"rendered":"https:\/\/blogs2.correiobraziliense.com.br\/vicente\/o_puxadinho_da_odebrecht\/"},"modified":"2015-09-30T00:01:00","modified_gmt":"2015-09-30T03:01:00","slug":"o_puxadinho_da_odebrecht","status":"publish","type":"post","link":"https:\/\/blogs2.correiobraziliense.com.br\/vicente\/o_puxadinho_da_odebrecht\/","title":{"rendered":"O PUXADINHO DA ODEBRECHT"},"content":{"rendered":"\n<p>Se ainda havia alguma d\u00favida sobre o tamanho da influ\u00eancia do empres\u00e1rio Marcelo Odebrecht no Pal\u00e1cio do Planalto, n\u00e3o h\u00e1 mais o que questionar. Com os e-mails apreendidos pela Pol\u00edcia Federal na empresa comandada pelo empreiteiro, que foi preso por meio da Opera\u00e7\u00e3o Lava-Jato, \u00e9 poss\u00edvel ver que a sede do governo federal funcionava como uma esp\u00e9cie de puxadinho da maior construtora do pa\u00eds e l\u00edder do cartel que surrupiou o caixa da Petrobras. N\u00e3o \u00e0 toa, o nervosismo foi \u00e0s alturas em Bras\u00edlia.   <\/p>\n<p>Odebrecht n\u00e3o tinha limites. Ele definia at\u00e9 o que Lula e Dilma Rousseff tinham que dizer em encontros com chefes de Estados de pa\u00edses onde a empreiteira tocava obras ou estava interessada em fechar neg\u00f3cios. Sem constrangimento, usava seu poder de influ\u00eancia para que Gilberto Carvalho, ex-chefe de gabinete de Lula, e Giles Azevedo, uma das pessoas mais pr\u00f3ximas de Dilma, n\u00e3o deixassem brechas para falhas nos lobbies a serem feitos a favor da empresa.   <\/p>\n<p>Nada escapava dos detalhes de Odebrecht, sobretudo as nomea\u00e7\u00f5es para cargos em \u00e1reas de interesse da construtora. O empres\u00e1rio n\u00e3o s\u00f3 trabalhou pesado pela sa\u00edda de Nelson Hubner da Secretaria Executiva do Minist\u00e9rio de Minas e Energia, que havia contrariado interesses da empresa na disputa pelas usinas hidrel\u00e9tricas do rio Madeira, em Rond\u00f4nia, como disparou a artilharia para barrar a nomea\u00e7\u00e3o de Jos\u00e9 Ant\u00f4nio Muniz Lopes para a mesma fun\u00e7\u00e3o, pois ele era visto como um &#8220;homem da Camargo Corr\u00eaa&#8221;, outra empreiteira fisgada pela Lava-Jato.   <\/p>\n<p>Os e-mails de Odebrecht mostram ainda ministros servindo de elo entre o empres\u00e1rio e o governo para que nada sa\u00edsse do controle da empreiteira, cujos neg\u00f3cios no exterior foram bancados com recursos p\u00fablicos do Banco Nacional de Desenvolvimento Econ\u00f4mico e Social (BNDES), a juros subsidiados. Essa rede de corrup\u00e7\u00e3o, admitem integrantes do governo, pode ser a gota d\u00e1gua para que os pedidos de impeachment de Dilma avancem no Congresso. Nunca as investiga\u00e7\u00f5es da Lava-Jato estiveram t\u00e3o pr\u00f3ximas do Planalto e da presidente.   <\/p>\n<p><b>Pessimismo<\/b>   <\/p>\n<p>Para analistas, com a revela\u00e7\u00e3o do esquema de Marcelo Odebrecht, Dilma fica mais fraca e as novas den\u00fancias n\u00e3o poderiam ter chegado em pior momento. O governo precisa aglutinar for\u00e7as no Congresso para manter v\u00e1rios vetos presidenciais \u2014 entre eles, o que impediu o aumento de sal\u00e1rios de servidores do Judici\u00e1rio \u2014 e aprovar o ajuste fiscal que garantir\u00e1 o cumprimento da meta de superavit de 0,7% do Produto Interno Bruto (PIB) em 2016.   <\/p>\n<p>&#8220;\u00c9 por isso que a tens\u00e3o s\u00f3 aumenta&#8221;, diz Renato Nobile, presidente da gestora de recursos Bullmak. &#8220;A desconfian\u00e7a em rela\u00e7\u00e3o ao Brasil \u00e9 enorme. E o problema \u00e9 o governo. Para os investidores, somente uma mudan\u00e7a no comando do pa\u00eds seria capaz de reverter o pessimismo que est\u00e1 empurrando a economia pa\u00eds para o buraco&#8221;, acrescenta. O executivo lembra que, mesmo com o mundo em uma situa\u00e7\u00e3o bem melhor do que a registrada logo depois do estouro da crise imobili\u00e1ria dos Estados Unidos, em 2008, o risco Brasil caminha para n\u00edveis impressionantes.   <\/p>\n<p>Os contratos de Credit Default Swaps (CDS), seguros contra calote, atingiram ontem 535 pontos, aproximando-se do pico observado em outubro de 2008, de 586 pontos. &#8220;Estamos falando de um \u00edndice maior do que o de pa\u00edses como a R\u00fassia (385 pontos), que sofre com os embargos econ\u00f4micos impostos pelos EUA e pela Europa&#8221;, afirma Nobile. &#8220;Ningu\u00e9m acredita mais no cumprimento das metas fiscais prometidas pelo ministro da Fazenda, Joaquim Levy, e que o governo seja capaz de fazer as reformas que o Brasil tanto precisa&#8221;, emenda.   <\/p>\n<p><b>Desalento<\/b>   <\/p>\n<p>Na avalia\u00e7\u00e3o de Carlos Alberto Ramos, professor da Universidade de Bras\u00edlia (UnB), o descontentamento em rela\u00e7\u00e3o ao governo n\u00e3o se restringe aos investidores. Com o desemprego em disparada, a popula\u00e7\u00e3o tende a expressar todo o seu descontentamento. Pelos c\u00e1lculos dele, \u00e9 poss\u00edvel que a taxa de desemprego, que atingiu 8,6% em julho, segundo a Pnad Cont\u00ednua, feche o ano acima de 10%. &#8220;O \u00edndice de desocupa\u00e7\u00e3o, contudo, poderia ser muito maior se n\u00e3o observ\u00e1ssemos a volta do desalento. As pessoas est\u00e3o desistindo de procurar trabalho porque sabem que n\u00e3o encontrar\u00e3o&#8221;, assinala.   <\/p>\n<p>Com o n\u00edvel de atividade afundando, destaca Ramos, o desemprego vai apontar para cima por todo o ano de 2016 e dever\u00e1 ficar pr\u00f3ximo de 10% em 2017. &#8220;Na melhor das hip\u00f3teses, veremos as taxas de desocupa\u00e7\u00e3o come\u00e7ando a recuar em 2018, mesmo assim, lentamente&#8221;, afirma. A raz\u00e3o \u00e9 simples. Sem confian\u00e7a no pa\u00eds, n\u00e3o haver\u00e1 investimentos produtivos. O consumo tamb\u00e9m continuar\u00e1 fraco. &#8220;Ou seja, sem produ\u00e7\u00e3o e sem demanda, n\u00e3o tem emprego&#8221;, diz.   <\/p>\n<p>Essa, no entender do professor, ser\u00e1 a pior das faturas entregues por Dilma \u00e0 popula\u00e7\u00e3o. Os erros que ela cometeu nos \u00faltimos anos foram minando a economia, at\u00e9 lev\u00e1-la ao esgotamento. O emprego foi o \u00faltimo a ser atingido. Agora, ser\u00e1 o \u00faltimo a se recuperar.<i>   <\/p>\n<p><\/i><i>Bras\u00edlia, 00h10min<\/i>   <\/p>\n","protected":false},"excerpt":{"rendered":"<p>Se ainda havia alguma d\u00favida sobre o tamanho da influ\u00eancia do empres\u00e1rio Marcelo Odebrecht no Pal\u00e1cio do Planalto, n\u00e3o h\u00e1 mais o que questionar. Com os e-mails apreendidos pela Pol\u00edcia Federal na empresa comandada pelo empreiteiro, que foi preso por meio da Opera\u00e7\u00e3o Lava-Jato, \u00e9 poss\u00edvel ver que a sede do governo federal funcionava como [&hellip;]<\/p>\n","protected":false},"author":22,"featured_media":0,"comment_status":"open","ping_status":"open","sticky":false,"template":"","format":"standard","meta":{"wpb_read_more":[],"footnotes":""},"categories":[1],"tags":[],"class_list":["post-207","post","type-post","status-publish","format-standard","hentry","category-sem-categoria"],"_links":{"self":[{"href":"https:\/\/blogs2.correiobraziliense.com.br\/vicente\/wp-json\/wp\/v2\/posts\/207","targetHints":{"allow":["GET"]}}],"collection":[{"href":"https:\/\/blogs2.correiobraziliense.com.br\/vicente\/wp-json\/wp\/v2\/posts"}],"about":[{"href":"https:\/\/blogs2.correiobraziliense.com.br\/vicente\/wp-json\/wp\/v2\/types\/post"}],"author":[{"embeddable":true,"href":"https:\/\/blogs2.correiobraziliense.com.br\/vicente\/wp-json\/wp\/v2\/users\/22"}],"replies":[{"embeddable":true,"href":"https:\/\/blogs2.correiobraziliense.com.br\/vicente\/wp-json\/wp\/v2\/comments?post=207"}],"version-history":[{"count":0,"href":"https:\/\/blogs2.correiobraziliense.com.br\/vicente\/wp-json\/wp\/v2\/posts\/207\/revisions"}],"wp:attachment":[{"href":"https:\/\/blogs2.correiobraziliense.com.br\/vicente\/wp-json\/wp\/v2\/media?parent=207"}],"wp:term":[{"taxonomy":"category","embeddable":true,"href":"https:\/\/blogs2.correiobraziliense.com.br\/vicente\/wp-json\/wp\/v2\/categories?post=207"},{"taxonomy":"post_tag","embeddable":true,"href":"https:\/\/blogs2.correiobraziliense.com.br\/vicente\/wp-json\/wp\/v2\/tags?post=207"}],"curies":[{"name":"wp","href":"https:\/\/api.w.org\/{rel}","templated":true}]}}