{"id":20728,"date":"2021-08-29T18:01:04","date_gmt":"2021-08-29T21:01:04","guid":{"rendered":"https:\/\/blogs2.correiobraziliense.com.br\/vicente\/?p=20728"},"modified":"2021-08-29T18:28:59","modified_gmt":"2021-08-29T21:28:59","slug":"febraban-nao-vai-recuar-de-assinatura-de-manifesto-em-defesa-da-democracia","status":"publish","type":"post","link":"https:\/\/blogs2.correiobraziliense.com.br\/vicente\/febraban-nao-vai-recuar-de-assinatura-de-manifesto-em-defesa-da-democracia\/","title":{"rendered":"Febraban n\u00e3o vai recuar de assinatura de manifesto em defesa da democracia"},"content":{"rendered":"<h2>Se nada mudar nas pr\u00f3ximas horas, a Federa\u00e7\u00e3o Brasileira de Bancos (Febraban) n\u00e3o arredar\u00e1 um p\u00e9 na sua disposi\u00e7\u00e3o de manter a assinatura do manifesto em favor da democracia. O documento vem sendo elaborado pela Federa\u00e7\u00e3o das Ind\u00fastrias de S\u00e3o Paulo (Fiesp).<\/h2>\n<p>&nbsp;<\/p>\n<p>A decis\u00e3o da Febraban de participar do manifesto provocou um racha na entidade. <a href=\"https:\/\/blogs2.correiobraziliense.com.br\/vicente\/bancos-privados-defendem-apoio-da-febraban-a-democracia-e-bb-e-caixa-rompem-com-a-instituicao\/\">O Banco do Brasil e a Caixa Econ\u00f4mica Federal informaram que v\u00e3o se retirar da Federa\u00e7\u00e3o<\/a>, da qual s\u00e3o s\u00f3cios desde a funda\u00e7\u00e3o dela. Os dois bancos p\u00fablicos alegam que o documento, que deve ser publicado nesta ter\u00e7a-feira (31\/08), \u00e9 contra o presidente Jair Bolsonaro.<\/p>\n<p>&nbsp;<\/p>\n<p>Os bancos privados, no entanto, est\u00e3o convictos de que a Febraban precisa se posicionar dada \u00e0 gravidade da situa\u00e7\u00e3o, com a democracia em risco. Apoiam o manifesto, entre outros, Ita\u00fa Unibanco, Bradesco, Safra, Santander e BTG Pactual. Para essas institui\u00e7\u00f5es, recuar, agora, seria ficar de pernas arriadas para o governo.<\/p>\n<p>&nbsp;<\/p>\n<p><strong>A pra\u00e7a dos Tr\u00eas Poderes\u00a0<\/strong><\/p>\n<p>&nbsp;<\/p>\n<p>O manifesto, intitulado &#8220;A pra\u00e7a dos Tr\u00eas Poderes&#8221;, deve contar com a assinatura de pelo menos 200 entidades empresariais e financeiras, inclusive, de associa\u00e7\u00f5es vinculadas ao agroneg\u00f3cio, setor, em maioria, bolsonarista. O documento tem por objetivo mostrar a preocupa\u00e7\u00e3o dos agentes econ\u00f4micos com os ataques \u00e0s institui\u00e7\u00f5es democr\u00e1ticas.<\/p>\n<p>&nbsp;<\/p>\n<p>Na avalia\u00e7\u00e3o das entidades que decidiram assinar o manifesto, em vez de estimular crises, o governo deveria se concentrar em retomar as r\u00e9deas da economia, que sofre com a infla\u00e7\u00e3o alta, o desemprego recorde, os juros em disparada, o d\u00f3lar apontando para cima e a crise h\u00eddrica e energ\u00e9tica.<\/p>\n<p>&nbsp;<\/p>\n<p>Diz um trecho do manifesto:\u00a0\u201cAs entidades da sociedade civil que assinam este manifesto veem com grande preocupa\u00e7\u00e3o a escalada de tens\u00f5es e hostilidades entre as autoridades p\u00fablicas. O momento exige de todos serenidade, di\u00e1logo, pacifica\u00e7\u00e3o pol\u00edtica, estabilidade institucional e, sobretudo, foco em a\u00e7\u00f5es e medidas urgentes e necess\u00e1rias para que o Brasil supere a pandemia, volte a crescer, a gerar empregos e, assim, possa reduzir as car\u00eancias sociais que atingem amplos segmentos da popula\u00e7\u00e3o\u201d.<\/p>\n<p>&nbsp;<\/p>\n<p><em>Bras\u00edlia, 18h01min<\/em><\/p>\n","protected":false},"excerpt":{"rendered":"<p>Se nada mudar nas pr\u00f3ximas horas, a Federa\u00e7\u00e3o Brasileira de Bancos (Febraban) n\u00e3o arredar\u00e1 um p\u00e9 na sua disposi\u00e7\u00e3o de manter a assinatura do manifesto em favor da democracia. O documento vem sendo elaborado pela Federa\u00e7\u00e3o das Ind\u00fastrias de S\u00e3o Paulo (Fiesp). &nbsp; A decis\u00e3o da Febraban de participar do manifesto provocou um racha na [&hellip;]<\/p>\n","protected":false},"author":22,"featured_media":13359,"comment_status":"open","ping_status":"closed","sticky":false,"template":"","format":"standard","meta":{"wpb_read_more":[],"footnotes":""},"categories":[600],"tags":[589,5724,4943,4547,2787],"class_list":["post-20728","post","type-post","status-publish","format-standard","has-post-thumbnail","hentry","category-economia","tag-economia","tag-febraban-nao-vai-recuar-de-assinatura-de-manifesto-em-defesa-da-democracia","tag-financas","tag-negocios","tag-politica"],"_links":{"self":[{"href":"https:\/\/blogs2.correiobraziliense.com.br\/vicente\/wp-json\/wp\/v2\/posts\/20728","targetHints":{"allow":["GET"]}}],"collection":[{"href":"https:\/\/blogs2.correiobraziliense.com.br\/vicente\/wp-json\/wp\/v2\/posts"}],"about":[{"href":"https:\/\/blogs2.correiobraziliense.com.br\/vicente\/wp-json\/wp\/v2\/types\/post"}],"author":[{"embeddable":true,"href":"https:\/\/blogs2.correiobraziliense.com.br\/vicente\/wp-json\/wp\/v2\/users\/22"}],"replies":[{"embeddable":true,"href":"https:\/\/blogs2.correiobraziliense.com.br\/vicente\/wp-json\/wp\/v2\/comments?post=20728"}],"version-history":[{"count":1,"href":"https:\/\/blogs2.correiobraziliense.com.br\/vicente\/wp-json\/wp\/v2\/posts\/20728\/revisions"}],"predecessor-version":[{"id":20729,"href":"https:\/\/blogs2.correiobraziliense.com.br\/vicente\/wp-json\/wp\/v2\/posts\/20728\/revisions\/20729"}],"wp:featuredmedia":[{"embeddable":true,"href":"https:\/\/blogs2.correiobraziliense.com.br\/vicente\/wp-json\/wp\/v2\/media\/13359"}],"wp:attachment":[{"href":"https:\/\/blogs2.correiobraziliense.com.br\/vicente\/wp-json\/wp\/v2\/media?parent=20728"}],"wp:term":[{"taxonomy":"category","embeddable":true,"href":"https:\/\/blogs2.correiobraziliense.com.br\/vicente\/wp-json\/wp\/v2\/categories?post=20728"},{"taxonomy":"post_tag","embeddable":true,"href":"https:\/\/blogs2.correiobraziliense.com.br\/vicente\/wp-json\/wp\/v2\/tags?post=20728"}],"curies":[{"name":"wp","href":"https:\/\/api.w.org\/{rel}","templated":true}]}}