{"id":20730,"date":"2021-08-29T19:48:11","date_gmt":"2021-08-29T22:48:11","guid":{"rendered":"https:\/\/blogs2.correiobraziliense.com.br\/vicente\/?p=20730"},"modified":"2021-08-29T20:08:43","modified_gmt":"2021-08-29T23:08:43","slug":"mercado-se-divorciou-de-bolsonaro-diz-um-banqueiro","status":"publish","type":"post","link":"https:\/\/blogs2.correiobraziliense.com.br\/vicente\/mercado-se-divorciou-de-bolsonaro-diz-um-banqueiro\/","title":{"rendered":"&#8220;Mercado se divorciou de Bolsonaro&#8221;, diz um banqueiro"},"content":{"rendered":"<h2>Em meio \u00e0 guerra travada entre o Banco do Brasil e Caixa Econ\u00f4mica Federal, de um lado, e a Federa\u00e7\u00e3o Brasileira de Bancos (Febraban), de outro, agentes financeiro dizem que o mercado financeiro se divorciou de vez do presidente Jair Bolsonaro. &#8220;N\u00e3o h\u00e1 mais rela\u00e7\u00e3o. Agora, \u00e9 torcer para ver se o n\u00famero de bobagens ditas por ele diminui&#8221;, diz um banqueiro.<\/h2>\n<p>&nbsp;<\/p>\n<p>Para ele, at\u00e9 um m\u00eas atr\u00e1s, ainda havia um grupo relevante do mercado que tentava manter uma boa rela\u00e7\u00e3o com o governo. Agora, por\u00e9m, n\u00e3o h\u00e1 mais essa possibilidade. E o fato de a Febraban assinar um manifesto em favor da democracia \u00e9 um ponto importante para refor\u00e7ar o rompimento.<\/p>\n<p>&nbsp;<\/p>\n<p>A vis\u00e3o prevalente entre os gigantes do mercado \u00e9 a de que, daqui por diante, Bolsonaro vai radicalizar, sobretudo se mostrar alguma for\u00e7a com as manifesta\u00e7\u00f5es de Sete de Setembro. &#8220;Bolsonaro vai tentar fazer de tudo para derrubar o regime democr\u00e1tico. Ele s\u00f3 pensa nisso&#8221;, ressalta o banqueiro.<\/p>\n<p>&nbsp;<\/p>\n<p>Segundo o executivo, o atual governo colocou o Brasil em uma rota da qual ser\u00e1 dif\u00edcil sair, combinando infla\u00e7\u00e3o alta, desemprego resistente, juros subindo, d\u00f3lar muito acima do justific\u00e1vel e racionamento de energia. &#8220;Portanto, h\u00e1 raz\u00f5es de sobra para o pessimismo que impera no pa\u00eds&#8221;, afirma.<\/p>\n<p>&nbsp;<\/p>\n<p>O banqueiro acredita que, diante das barbaridades que vem fazendo, Bolsonaro pode ter o mandato cassado. Mas ser\u00e1 dif\u00edcil tir\u00e1-lo da cadeira mais importante do Pal\u00e1cio do Planalto. &#8220;Ele deveria se mirar na ex-presidente Dilma Rousseff, que entregou o mandato pacificamente quando teve o impeachment aprovado, e no ex-presidente Lula, que ficou preso por um bom per\u00edodo&#8221;, diz.<\/p>\n<p>&nbsp;<\/p>\n<p>Na avalia\u00e7\u00e3o do banqueiro, a tens\u00e3o pol\u00edtica que se observa no ar s\u00f3 est\u00e1 no come\u00e7o. &#8220;Daqui at\u00e9 \u00e0s elei\u00e7\u00f5es de 2022, a turbul\u00eancia s\u00f3 vai aumentar. O resultado disso \u00e9 que os investimentos no pa\u00eds v\u00e3o minguar. Ser\u00e1 ruim para todo mundo, sobretudo para os mais pobres, que sempre pagam a conta&#8221;, enfatiza.<\/p>\n<p>&nbsp;<\/p>\n<p><em>Bras\u00edlia, 19h48min<\/em><\/p>\n","protected":false},"excerpt":{"rendered":"<p>Em meio \u00e0 guerra travada entre o Banco do Brasil e Caixa Econ\u00f4mica Federal, de um lado, e a Federa\u00e7\u00e3o Brasileira de Bancos (Febraban), de outro, agentes financeiro dizem que o mercado financeiro se divorciou de vez do presidente Jair Bolsonaro. &#8220;N\u00e3o h\u00e1 mais rela\u00e7\u00e3o. Agora, \u00e9 torcer para ver se o n\u00famero de bobagens [&hellip;]<\/p>\n","protected":false},"author":22,"featured_media":10126,"comment_status":"open","ping_status":"closed","sticky":false,"template":"","format":"standard","meta":{"wpb_read_more":[],"footnotes":""},"categories":[600],"tags":[5725,5726,589,4943,4547,2787],"class_list":["post-20730","post","type-post","status-publish","format-standard","has-post-thumbnail","hentry","category-economia","tag-mercado-de-divorciou-de-bolsonaro","tag-diz-um-banqueiro","tag-economia","tag-financas","tag-negocios","tag-politica"],"_links":{"self":[{"href":"https:\/\/blogs2.correiobraziliense.com.br\/vicente\/wp-json\/wp\/v2\/posts\/20730","targetHints":{"allow":["GET"]}}],"collection":[{"href":"https:\/\/blogs2.correiobraziliense.com.br\/vicente\/wp-json\/wp\/v2\/posts"}],"about":[{"href":"https:\/\/blogs2.correiobraziliense.com.br\/vicente\/wp-json\/wp\/v2\/types\/post"}],"author":[{"embeddable":true,"href":"https:\/\/blogs2.correiobraziliense.com.br\/vicente\/wp-json\/wp\/v2\/users\/22"}],"replies":[{"embeddable":true,"href":"https:\/\/blogs2.correiobraziliense.com.br\/vicente\/wp-json\/wp\/v2\/comments?post=20730"}],"version-history":[{"count":1,"href":"https:\/\/blogs2.correiobraziliense.com.br\/vicente\/wp-json\/wp\/v2\/posts\/20730\/revisions"}],"predecessor-version":[{"id":20731,"href":"https:\/\/blogs2.correiobraziliense.com.br\/vicente\/wp-json\/wp\/v2\/posts\/20730\/revisions\/20731"}],"wp:featuredmedia":[{"embeddable":true,"href":"https:\/\/blogs2.correiobraziliense.com.br\/vicente\/wp-json\/wp\/v2\/media\/10126"}],"wp:attachment":[{"href":"https:\/\/blogs2.correiobraziliense.com.br\/vicente\/wp-json\/wp\/v2\/media?parent=20730"}],"wp:term":[{"taxonomy":"category","embeddable":true,"href":"https:\/\/blogs2.correiobraziliense.com.br\/vicente\/wp-json\/wp\/v2\/categories?post=20730"},{"taxonomy":"post_tag","embeddable":true,"href":"https:\/\/blogs2.correiobraziliense.com.br\/vicente\/wp-json\/wp\/v2\/tags?post=20730"}],"curies":[{"name":"wp","href":"https:\/\/api.w.org\/{rel}","templated":true}]}}