{"id":20738,"date":"2021-08-30T16:12:53","date_gmt":"2021-08-30T19:12:53","guid":{"rendered":"https:\/\/blogs2.correiobraziliense.com.br\/vicente\/?p=20738"},"modified":"2021-08-30T18:51:45","modified_gmt":"2021-08-30T21:51:45","slug":"fiesp-amplia-prazo-de-adesao-ao-manifesto-e-febraban-nega-envolvimento-na-redacao","status":"publish","type":"post","link":"https:\/\/blogs2.correiobraziliense.com.br\/vicente\/fiesp-amplia-prazo-de-adesao-ao-manifesto-e-febraban-nega-envolvimento-na-redacao\/","title":{"rendered":"Fiesp amplia prazo de ades\u00e3o ao manifesto e Febraban nega envolvimento na reda\u00e7\u00e3o"},"content":{"rendered":"<h2>ROSANA HESSEL<\/h2>\n<h2><\/h2>\n<h2>Em meio \u00e0s pol\u00eamicas em torno do manifesto de entidades empresariais, denominado &#8220;A Pra\u00e7a \u00e9 dos Tr\u00eas Poderes&#8221;, que est\u00e1 sendo articulado pela\u00a0Federa\u00e7\u00e3o das Ind\u00fastrias do Estado de S\u00e3o Paulo (Fiesp), o prazo de ades\u00e3o foi ampliado para &#8220;ao longo desta semana&#8221;.<\/h2>\n<h2><\/h2>\n<p>De acordo com a Fiesp, o prazo anterior terminou na sexta-feira passada e foi de 24 horas, pois o e-mail para a ades\u00e3o foi disparado na quinta-feira (27). A assessoria informou, nesta segunda-feira (30\/08), que, nesse per\u00edodo,\u00a0 200 entidades aderiram ao manifesto. Ainda n\u00e3o h\u00e1 uma data definida de quando o documento ser\u00e1 divulgado.<\/p>\n<p>&nbsp;<\/p>\n<p>O texto \u00e9 fruto da <a href=\"https:\/\/blogs2.correiobraziliense.com.br\/vicente\/mercado-se-divorciou-de-bolsonaro-diz-um-banqueiro\/\">insatisfa\u00e7\u00e3o de empres\u00e1rios e de banqueiros em rela\u00e7\u00e3o ao presidente Jair Bolsonaro (sem partido),<\/a> que vem fazendo amea\u00e7as ao Judici\u00e1rio e \u00e0 realiza\u00e7\u00e3o das elei\u00e7\u00f5es no ano que vem al\u00e9m de incentivar manifesta\u00e7\u00f5es no dia 7 de Setembro, aumentando a instabilidade tanto na pol\u00edtica quanto na economia do pa\u00eds.\u00a0Contudo,<a href=\"https:\/\/blogs2.correiobraziliense.com.br\/vicente\/bancos-privados-defendem-apoio-da-febraban-a-democracia-e-bb-e-caixa-rompem-com-a-instituicao\/\"> a iniciativa gerou um racha na Federa\u00e7\u00e3o Brasileira de Bancos (Febraban) entre os bancos p\u00fablicos e privados, ap\u00f3s a entidade aderir ao manifesto que deveria ser divulgado amanh\u00e3.<\/a><\/p>\n<p>&nbsp;<\/p>\n<p>Ap\u00f3s o vazamento do texto do manifesto no fim de semana, inclusive, o envolvimento da Febraban desde o in\u00edcio, Caixa Econ\u00f4mica Federal e Banco do Brasil amea\u00e7aram abandonar a entidade assim que texto for for publicado. Procurados, BB e Caixa n\u00e3o comentaram o assunto, mas fontes da Esplanada contam que os presidentes das duas institui\u00e7\u00f5es financeiras controladas pela Uni\u00e3o tiveram voto vencido e ficaram incomodados com o texto. Para eles o manifesto foi endere\u00e7ado ao presidente Jair Bolsonaro, apesar de ele n\u00e3o ter sido citado. A mesma fonte negou que o Planalto tenha interferido na decis\u00e3o, mas reconheceu que a Caixa j\u00e1 vinha demonstrando interesse em deixar a Febraban.<\/p>\n<p>&nbsp;<\/p>\n<p style=\"font-weight: 400\">Procurada, a Febraban, por meio de nota, informou que a &#8220;a entidade n\u00e3o participou da elabora\u00e7\u00e3o de texto que contivesse ataques ao governo ou oposi\u00e7\u00e3o \u00e0 atual pol\u00edtica econ\u00f4mica. O conte\u00fado do manifesto pedia serenidade, harmonia e colabora\u00e7\u00e3o entre os Poderes da Rep\u00fablica e alertava para os efeitos do clima institucional nas expectativas dos agentes econ\u00f4micos e no ritmo da atividade&#8221;.<\/p>\n<p>&nbsp;<\/p>\n<p>Segundo o comunicado da Febraban, o prazo de ades\u00e3o foi ampliado para \u00e0s 17h da pr\u00f3xima sexta-feira (03\/09), e &#8220;a iniciativa \u00e9 fruto de elabora\u00e7\u00e3o conjunta de representantes de v\u00e1rios setores, inclusive o financeiro, ao longo da semana passada e, de acordo com a Fiesp, a amplia\u00e7\u00e3o do prazo ocorreu para dar um prazo maior para as entidades conversarem com seus integrantes e s\u00f3cios para aderirem ou n\u00e3o ao manifesto&#8221;.<\/p>\n<p>&nbsp;<\/p>\n<p style=\"font-weight: 400\">Na nota, a Febraban ainda disse que &#8220;submeteu o texto a sua pr\u00f3pria governan\u00e7a, que aprovou ter sua assinatura no material. Nenhum outro texto foi proposto e a aprova\u00e7\u00e3o foi espec\u00edfica para o documento submetido pela Fiesp. Sua publica\u00e7\u00e3o n\u00e3o \u00e9 decis\u00e3o da federa\u00e7\u00e3o dos bancos. A Febraban n\u00e3o comenta sobre posi\u00e7\u00f5es atribu\u00eddas a seus associados&#8221;.<\/p>\n<p>&nbsp;<\/p>\n<p>Devido \u00e0 pol\u00eamica em torno do manifesto, os bombeiros tentaram entrar em campo. Um deles foi o presidente da C\u00e2mara dos Deputados, Arthur Lira (PP-AL), que conversou com o presidente da Fiesp, Paulo Skaf, no domingo sobre o assunto. O presidente da Fiesp costumava ser um forte aliado de Bolsonaro entre os empres\u00e1rios paulistas. &#8220;Conversei com Skaf neste domingo e, como n\u00e3o tem um prazo para a divulga\u00e7\u00e3o do manifesto, ficou combinado que n\u00e3o ser\u00e1 nesta semana. Ele vai aguardar as comemora\u00e7\u00f5es do 7 de Setembro&#8221;, disse Lira a jornalistas.<\/p>\n<p>&nbsp;<\/p>\n<p>O ministro da Economia, Paulo Guedes, contou a jornalistas hoje que ficou sabendo do documento no s\u00e1bado e defendeu que os bancos p\u00fablicos n\u00e3o podem criticar o governo e comentou sobre a nota da Febraban.\u00a0\u201cOs bancos p\u00fablicos n\u00e3o poderiam atacar o pr\u00f3prio governo, j\u00e1 que s\u00e3o bancos do governo. E a Febraban disse que n\u00e3o era um ataque ao governo, e sim uma defesa \u00e0 democracia. Na defesa \u00e0 democracia, estamos todos juntos\u201d, disse o ministro ap\u00f3s encontro com o presidente do Senado Federal e do Congresso, Rodrigo Pacheco (DEM-MG), na resid\u00eancia oficial do Senado.\u00a0 Segundo ele, o adiamento acabou acontecendo porque n\u00e3o houve um acordo entre Fiesp e Febraban.<\/p>\n<p>&nbsp;<\/p>\n<p>&nbsp;<\/p>\n<p><strong>Veja a \u00edntegra do manifesto:<\/strong><\/p>\n<p>&nbsp;<\/p>\n<p><em>A pra\u00e7a \u00e9 dos Tr\u00eas Poderes<\/em><\/p>\n<p><em>A pra\u00e7a dos Tr\u00eas Poderes encarna a representa\u00e7\u00e3o arquitet\u00f4nica da independ\u00eancia e harmonia entre o Legislativo, o Executivo e o Judici\u00e1rio, ess\u00eancia da Rep\u00fablica. Esse espa\u00e7o foi constru\u00eddo formando um tri\u00e2ngulo equil\u00e1tero, cujos v\u00e9rtices s\u00e3o os edif\u00edcios-sede de cada um dos poderes.<\/em><\/p>\n<p><em>Esta disposi\u00e7\u00e3o deixa claro que nenhum dos pr\u00e9dios \u00e9 superior em import\u00e2ncia, nenhum invade o limite dos outros, um n\u00e3o pode prescindir dos demais. Em resumo, a harmonia tem de ser a regra entre eles.<\/em><\/p>\n<p><em>Este princ\u00edpio est\u00e1 presente de forma clara na Constitui\u00e7\u00e3o Federal, pilar do ordenamento jur\u00eddico do pa\u00eds. Diante disso, \u00e9 primordial que todos os ocupantes de cargos relevantes da Rep\u00fablica sigam o que a Constitui\u00e7\u00e3o nos imp\u00f5e.<\/em><\/p>\n<p><em>As entidades da sociedade civil que assinam este manifesto veem com grande preocupa\u00e7\u00e3o a escalada de tens\u00f5es e hostilidades entre as autoridades p\u00fablicas. O momento exige de todos serenidade, di\u00e1logo, pacifica\u00e7\u00e3o pol\u00edtica, estabilidade institucional e, sobretudo, foco em a\u00e7\u00f5es e medidas urgentes e necess\u00e1rias para que o Brasil supere a pandemia, volte a crescer, a gerar empregos e assim possa reduzir as car\u00eancias sociais que atingem amplos segmentos da popula\u00e7\u00e3o.<\/em><\/p>\n<p><em>Mais do que nunca, o momento exige do Legislativo, do Executivo e do Judici\u00e1rio aproxima\u00e7\u00e3o e coopera\u00e7\u00e3o. Que cada um atue com responsabilidade nos limites de sua compet\u00eancia, obedecidos os preceitos estabelecidos em nossa Carta Magna. Este \u00e9 o anseio da na\u00e7\u00e3o brasileira.<\/em><\/p>\n<p>&nbsp;<\/p>\n<p><strong>Veja a \u00edntegra da nota da Fiesp<\/strong><\/p>\n<p>&nbsp;<\/p>\n<p><em>Nota oficial<\/em><\/p>\n<p><em>Na \u00faltima quinta-feira, a Fiesp enviou consulta a diversas entidades para subscreverem o Manifesto em favor do entendimento e da harmonia entre os tr\u00eas poderes da Rep\u00fablica. Em 24 horas, recebemos mais de 200 ades\u00f5es, das mais representativas entidades brasileiras.<\/em><\/p>\n<p><em>Dezenas de outras entidades tamb\u00e9m manifestaram interesse em participar. Em fun\u00e7\u00e3o desse cen\u00e1rio, informamos que estendemos o prazo para novas ades\u00f5es, que poder\u00e3o ser feitas ao longo da semana.<\/em><\/p>\n<p>&nbsp;<\/p>\n<p><em>Federa\u00e7\u00e3o das Ind\u00fastrias do Estado de S\u00e3o Paulo (Fiesp)<\/em><\/p>\n<p>&nbsp;<\/p>\n<p>&nbsp;<\/p>\n<p><strong>Veja a \u00edntegra da nota da Febraban<\/strong><\/p>\n<p>&nbsp;<\/p>\n<p>&nbsp;<\/p>\n<p style=\"font-weight: 400\"><em>Nota de Esclarecimento da\u00a0Febraban<\/em><\/p>\n<p style=\"font-weight: 400\"><em><strong>\u00a0<\/strong><\/em><\/p>\n<p style=\"font-weight: 400\"><em>O manifesto \u201cA Pra\u00e7a \u00e9 dos Tr\u00eas Poderes\u201d, articulado pela Federa\u00e7\u00e3o das Ind\u00fastrias do Estado de S\u00e3o Paulo (Fiesp) e apresentado na \u00faltima quinta-feira \u00e0s entidades empresariais com prazo de resposta at\u00e9 17 horas da sexta-feira, \u00e9 fruto de elabora\u00e7\u00e3o conjunta de representantes de v\u00e1rios setores, inclusive o financeiro, ao longo da semana passada.<\/em><\/p>\n<p style=\"font-weight: 400\"><em>Desde sua origem, a\u00a0Febraban n\u00e3o participou da elabora\u00e7\u00e3o de texto que contivesse ataques ao governo ou oposi\u00e7\u00e3o \u00e0 atual pol\u00edtica econ\u00f4mica. O conte\u00fado do manifesto pedia serenidade, harmonia e colabora\u00e7\u00e3o entre os Poderes da Rep\u00fablica e alertava para os efeitos do clima institucional nas expectativas dos agentes econ\u00f4micos e no ritmo da atividade.<\/em><\/p>\n<p style=\"font-weight: 400\"><em>A\u00a0Febraban submeteu o texto a sua pr\u00f3pria governan\u00e7a, que aprovou ter sua assinatura no material. Nenhum outro texto foi proposto e a aprova\u00e7\u00e3o foi espec\u00edfica para o documento submetido pela Fiesp. Sua publica\u00e7\u00e3o n\u00e3o \u00e9 decis\u00e3o da federa\u00e7\u00e3o dos bancos. A\u00a0Febraban n\u00e3o comenta sobre posi\u00e7\u00f5es atribu\u00eddas a seus associados.<\/em><\/p>\n<p style=\"font-weight: 400\">\n","protected":false},"excerpt":{"rendered":"<p>ROSANA HESSEL Em meio \u00e0s pol\u00eamicas em torno do manifesto de entidades empresariais, denominado &#8220;A Pra\u00e7a \u00e9 dos Tr\u00eas Poderes&#8221;, que est\u00e1 sendo articulado pela\u00a0Federa\u00e7\u00e3o das Ind\u00fastrias do Estado de S\u00e3o Paulo (Fiesp), o prazo de ades\u00e3o foi ampliado para &#8220;ao longo desta semana&#8221;. De acordo com a Fiesp, o prazo anterior terminou na sexta-feira [&hellip;]<\/p>\n","protected":false},"author":22,"featured_media":10223,"comment_status":"open","ping_status":"closed","sticky":false,"template":"","format":"standard","meta":{"wpb_read_more":[],"footnotes":""},"categories":[600],"tags":[3192,301,81,4314,2922,1349,4738],"class_list":["post-20738","post","type-post","status-publish","format-standard","has-post-thumbnail","hentry","category-economia","tag-banqueiros","tag-empresarios","tag-febraban","tag-fiesp","tag-jair-bolsonaro","tag-manifesto","tag-tres-poderes"],"_links":{"self":[{"href":"https:\/\/blogs2.correiobraziliense.com.br\/vicente\/wp-json\/wp\/v2\/posts\/20738","targetHints":{"allow":["GET"]}}],"collection":[{"href":"https:\/\/blogs2.correiobraziliense.com.br\/vicente\/wp-json\/wp\/v2\/posts"}],"about":[{"href":"https:\/\/blogs2.correiobraziliense.com.br\/vicente\/wp-json\/wp\/v2\/types\/post"}],"author":[{"embeddable":true,"href":"https:\/\/blogs2.correiobraziliense.com.br\/vicente\/wp-json\/wp\/v2\/users\/22"}],"replies":[{"embeddable":true,"href":"https:\/\/blogs2.correiobraziliense.com.br\/vicente\/wp-json\/wp\/v2\/comments?post=20738"}],"version-history":[{"count":16,"href":"https:\/\/blogs2.correiobraziliense.com.br\/vicente\/wp-json\/wp\/v2\/posts\/20738\/revisions"}],"predecessor-version":[{"id":20766,"href":"https:\/\/blogs2.correiobraziliense.com.br\/vicente\/wp-json\/wp\/v2\/posts\/20738\/revisions\/20766"}],"wp:featuredmedia":[{"embeddable":true,"href":"https:\/\/blogs2.correiobraziliense.com.br\/vicente\/wp-json\/wp\/v2\/media\/10223"}],"wp:attachment":[{"href":"https:\/\/blogs2.correiobraziliense.com.br\/vicente\/wp-json\/wp\/v2\/media?parent=20738"}],"wp:term":[{"taxonomy":"category","embeddable":true,"href":"https:\/\/blogs2.correiobraziliense.com.br\/vicente\/wp-json\/wp\/v2\/categories?post=20738"},{"taxonomy":"post_tag","embeddable":true,"href":"https:\/\/blogs2.correiobraziliense.com.br\/vicente\/wp-json\/wp\/v2\/tags?post=20738"}],"curies":[{"name":"wp","href":"https:\/\/api.w.org\/{rel}","templated":true}]}}