{"id":20772,"date":"2021-08-30T19:57:03","date_gmt":"2021-08-30T22:57:03","guid":{"rendered":"https:\/\/blogs2.correiobraziliense.com.br\/vicente\/?p=20772"},"modified":"2021-08-30T20:31:10","modified_gmt":"2021-08-30T23:31:10","slug":"setor-agro-quer-se-diferenciar-de-quem-aposta-no-conflito-diz-abiove","status":"publish","type":"post","link":"https:\/\/blogs2.correiobraziliense.com.br\/vicente\/setor-agro-quer-se-diferenciar-de-quem-aposta-no-conflito-diz-abiove\/","title":{"rendered":"Setor agro quer se diferenciar de quem aposta no conflito, diz Abiove"},"content":{"rendered":"<h2>ROSANA HESSEL<\/h2>\n<h2><\/h2>\n<h2>Enquanto a Federa\u00e7\u00e3o Brasileira de Bancos (Febraban) e a Federa\u00e7\u00e3o das Ind\u00fastrias do Estado de S\u00e3o Paulo (Fiesp) n\u00e3o chegam a um acordo sobre a data da divulga\u00e7\u00e3o do manifesto pela pacifica\u00e7\u00e3o entre os Tr\u00eas Poderes, que acabou sendo adiado, o setor agropecu\u00e1rio se adiantou e soltou um manifesto pr\u00f3prio em uma tentativa de melhorar a imagem do pa\u00eds no exterior e se diferenciar dos que apostam no conflito, inclusive, no pr\u00f3prio segmento.<\/h2>\n<p>&nbsp;<\/p>\n<p>&#8220;N\u00f3s queremos nos diferenciar de lideran\u00e7as do agroneg\u00f3cio que est\u00e3o apostando no conflito&#8221;, disse o presidente da Associa\u00e7\u00e3o Brasileira das Ind\u00fastrias de \u00d3leos Vegetais (Abiove), Andr\u00e9 Nassar, ao <strong>Blog<\/strong>. A Abiove \u00e9 uma das signat\u00e1rias do manifesto do setor agro em defesa da democracia.<\/p>\n<p>&nbsp;<\/p>\n<p>No documento, entidades agr\u00edcolas demonstraram preocupa\u00e7\u00e3o com a imagem do pa\u00eds no exterior &#8220;com os atuais desafios \u00e0 harmonia pol\u00edtico-institucional e, como consequ\u00eancia, \u00e0 estabilidade econ\u00f4mica e social em nosso pa\u00eds&#8221;.<\/p>\n<p>&nbsp;<\/p>\n<p>&#8220;Somos uma das maiores economias do planeta, um dos pa\u00edses mais importantes do mundo, sob qualquer aspecto, e n\u00e3o nos podemos apresentar \u00e0 comunidade das Na\u00e7\u00f5es como uma sociedade permanentemente tensionada em crises intermin\u00e1veis ou em risco de retrocessos e rupturas institucionais&#8221;, informou a carta. &#8220;O Brasil \u00e9 muito maior e melhor do que a imagem que temos projetado ao mundo. Isto est\u00e1 nos custando caro e levar\u00e1 tempo para reverter<em>.<\/em>&#8220;, acrescentou.<\/p>\n<p>&nbsp;<\/p>\n<p>No fim de semana,<a href=\"https:\/\/blogs2.correiobraziliense.com.br\/vicente\/bancos-privados-defendem-apoio-da-febraban-a-democracia-e-bb-e-caixa-rompem-com-a-instituicao\/\"> o texto do manifesto que estava sendo coordenado pela Fiesp vazou, escancarando um racha dentro da Febraban entre bancos p\u00fablicos e privados<\/a>. E, depois, o houve\u00a0<a href=\"https:\/\/blogs2.correiobraziliense.com.br\/vicente\/fiesp-amplia-prazo-de-adesao-ao-manifesto-e-febraban-nega-envolvimento-na-redacao\/\">adiamento da divulga\u00e7\u00e3o do prazo pelo presidente da Fiesp, Paulo Skaf, em uma sinaliza\u00e7\u00e3o de atender um pedido para apresentar o manifesto apenas depois\u00a0 de 7 de Setembro.\u00a0\u00a0<\/a>Com isso, o desconforto entre as entidades ficou vis\u00edvel, pois cada uma deu sua vers\u00e3o dos fatos.<\/p>\n<p>&nbsp;<\/p>\n<p>&nbsp;<\/p>\n<p><strong>Veja a \u00edntegra da nota das entidades do agroneg\u00f3cio<\/strong><\/p>\n<p>&nbsp;<\/p>\n<p>&nbsp;<\/p>\n<p class=\"texto\"><em>Manifesta\u00e7\u00e3o de entidades do setor agroindustrial<\/em><\/p>\n<p>&nbsp;<\/p>\n<p class=\"texto\"><em>As entidades associativas abaixo assinadas tornam p\u00fablica sua preocupa\u00e7\u00e3o com os atuais desafios \u00e0 harmonia pol\u00edtico-institucional e, como consequ\u00eancia, \u00e0 estabilidade econ\u00f4mica e social em nosso pa\u00eds. Somos respons\u00e1veis pela gera\u00e7\u00e3o de milh\u00f5es de empregos, por forte participa\u00e7\u00e3o na balan\u00e7a comercial e como base arrecadat\u00f3ria expressiva de tributos p\u00fablicos. Assim, em nome de nossos setores, cumprimos o dever de nos juntar a muitas outras vozes respons\u00e1veis, em chamamento a que nossas lideran\u00e7as se mostrem \u00e0 altura do Brasil e de sua Hist\u00f3ria agora prestes a celebrar o bicenten\u00e1rio da independ\u00eancia.<\/em><\/p>\n<p class=\"texto\"><em>A Constitui\u00e7\u00e3o de 1988 definiu o Estado Democr\u00e1tico de Direito no \u00e2mbito do qual escolhemos viver e construir o Brasil com que sonhamos. Mais de tr\u00eas d\u00e9cadas de trajet\u00f3ria democr\u00e1tica, n\u00e3o sem percal\u00e7os ou frustra\u00e7\u00f5es, por\u00e9m tamb\u00e9m repleta de conquistas e avan\u00e7os dos quais podemos nos orgulhar. Mais de tr\u00eas d\u00e9cadas de liberdade e pluralismo, com altern\u00e2ncia de poder em elei\u00e7\u00f5es leg\u00edtimas e frequentes.<\/em><\/p>\n<p class=\"texto\"><em>O desenvolvimento econ\u00f4mico e social do Brasil, para ser efetivo e sustent\u00e1vel, requer paz e tranquilidade, condi\u00e7\u00f5es indispens\u00e1veis para seguir avan\u00e7ando na caminhada civilizat\u00f3ria de uma nacionalidade fraterna e solid\u00e1ria, que reconhece a maioria sem ignorar as minorias, que acolhe e fomenta a diversidade, que viceja no confronto respeitoso entre ideias que se antep\u00f5em, sem qualquer tipo de viol\u00eancia entre pessoas ou grupos. Acima de tudo, uma sociedade que n\u00e3o mais tolere a mis\u00e9ria e a desigualdade que tanto nos envergonham.<\/em><\/p>\n<p class=\"texto\"><em>As amplas cadeias produtivas e setores econ\u00f4micos que representamos precisam de estabilidade, de seguran\u00e7a jur\u00eddica, de harmonia, enfim, para poder trabalhar. Em uma palavra, \u00e9 de liberdade que precisamos \u2014para empreender, gerar e compartilhar riqueza, para contratar e comercializar, no Brasil e no exterior. \u00c9 o Estado Democr\u00e1tico de Direito que nos assegura essa liberdade empreendedora essencial numa economia capitalista, o que \u00e9 o inverso de aventuras radicais, greves e paralisa\u00e7\u00f5es ilegais, de qualquer politiza\u00e7\u00e3o ou partidariza\u00e7\u00e3o nociva que, longe de resolver nossos problemas, certamente os agravar\u00e1.<\/em><\/p>\n<p class=\"texto\"><em>Somos uma das maiores economias do planeta, um dos pa\u00edses mais importantes do mundo, sob qualquer aspecto, e n\u00e3o nos podemos apresentar \u00e0 comunidade das Na\u00e7\u00f5es como uma sociedade permanentemente tensionada em crises intermin\u00e1veis ou em risco de retrocessos e rupturas institucionais. O Brasil \u00e9 muito maior e melhor do que a imagem que temos projetado ao mundo. Isto est\u00e1 nos custando caro e levar\u00e1 tempo para reverter.<\/em><\/p>\n<p class=\"texto\"><em>A moderna agroind\u00fastria brasileira tem hist\u00f3ria de sucesso reconhecida mundo afora, como resultado da inova\u00e7\u00e3o e da sustentabilidade que nos tornaram pot\u00eancia agroambiental global. Somos for\u00e7a do progresso, do avan\u00e7o, da estabilidade indispens\u00e1vel e n\u00e3o de crises evit\u00e1veis. Seguiremos contribuindo para a constru\u00e7\u00e3o de um futuro de prosperidade e dinamismo para o Brasil, como temos feito ao longo dos \u00faltimos anos. O Brasil pode contar com nosso trabalho s\u00e9rio e comprovadamente frut\u00edfero.<\/em><\/p>\n<p class=\"texto\"><em>Abag<\/em><br \/>\n<em>Abiove<\/em><br \/>\n<em>Abisolo<\/em><br \/>\n<em>Abrapalma<\/em><br \/>\n<em>CropLife Brasil<\/em><br \/>\n<em>Ib\u00e1<\/em><br \/>\n<em>Sindiveg<\/em><\/p>\n","protected":false},"excerpt":{"rendered":"<p>ROSANA HESSEL Enquanto a Federa\u00e7\u00e3o Brasileira de Bancos (Febraban) e a Federa\u00e7\u00e3o das Ind\u00fastrias do Estado de S\u00e3o Paulo (Fiesp) n\u00e3o chegam a um acordo sobre a data da divulga\u00e7\u00e3o do manifesto pela pacifica\u00e7\u00e3o entre os Tr\u00eas Poderes, que acabou sendo adiado, o setor agropecu\u00e1rio se adiantou e soltou um manifesto pr\u00f3prio em uma tentativa [&hellip;]<\/p>\n","protected":false},"author":22,"featured_media":18844,"comment_status":"open","ping_status":"closed","sticky":false,"template":"","format":"standard","meta":{"wpb_read_more":[],"footnotes":""},"categories":[600],"tags":[5727,5729,1349,5728],"class_list":["post-20772","post","type-post","status-publish","format-standard","has-post-thumbnail","hentry","category-economia","tag-abiove","tag-andre-nassar","tag-manifesto","tag-pacificacao"],"_links":{"self":[{"href":"https:\/\/blogs2.correiobraziliense.com.br\/vicente\/wp-json\/wp\/v2\/posts\/20772","targetHints":{"allow":["GET"]}}],"collection":[{"href":"https:\/\/blogs2.correiobraziliense.com.br\/vicente\/wp-json\/wp\/v2\/posts"}],"about":[{"href":"https:\/\/blogs2.correiobraziliense.com.br\/vicente\/wp-json\/wp\/v2\/types\/post"}],"author":[{"embeddable":true,"href":"https:\/\/blogs2.correiobraziliense.com.br\/vicente\/wp-json\/wp\/v2\/users\/22"}],"replies":[{"embeddable":true,"href":"https:\/\/blogs2.correiobraziliense.com.br\/vicente\/wp-json\/wp\/v2\/comments?post=20772"}],"version-history":[{"count":6,"href":"https:\/\/blogs2.correiobraziliense.com.br\/vicente\/wp-json\/wp\/v2\/posts\/20772\/revisions"}],"predecessor-version":[{"id":20779,"href":"https:\/\/blogs2.correiobraziliense.com.br\/vicente\/wp-json\/wp\/v2\/posts\/20772\/revisions\/20779"}],"wp:featuredmedia":[{"embeddable":true,"href":"https:\/\/blogs2.correiobraziliense.com.br\/vicente\/wp-json\/wp\/v2\/media\/18844"}],"wp:attachment":[{"href":"https:\/\/blogs2.correiobraziliense.com.br\/vicente\/wp-json\/wp\/v2\/media?parent=20772"}],"wp:term":[{"taxonomy":"category","embeddable":true,"href":"https:\/\/blogs2.correiobraziliense.com.br\/vicente\/wp-json\/wp\/v2\/categories?post=20772"},{"taxonomy":"post_tag","embeddable":true,"href":"https:\/\/blogs2.correiobraziliense.com.br\/vicente\/wp-json\/wp\/v2\/tags?post=20772"}],"curies":[{"name":"wp","href":"https:\/\/api.w.org\/{rel}","templated":true}]}}