{"id":20797,"date":"2021-08-31T14:34:25","date_gmt":"2021-08-31T17:34:25","guid":{"rendered":"https:\/\/blogs2.correiobraziliense.com.br\/vicente\/?p=20797"},"modified":"2021-08-31T19:49:34","modified_gmt":"2021-08-31T22:49:34","slug":"governo-preve-salario-minimo-de-r-1-169-no-orcamento-de-2022","status":"publish","type":"post","link":"https:\/\/blogs2.correiobraziliense.com.br\/vicente\/governo-preve-salario-minimo-de-r-1-169-no-orcamento-de-2022\/","title":{"rendered":"Governo prev\u00ea sal\u00e1rio m\u00ednimo de R$ 1.169 no Or\u00e7amento de 2022"},"content":{"rendered":"<h2>ROSANA HESSEL<\/h2>\n<h2><\/h2>\n<h2>O\u00a0 sal\u00e1rio m\u00ednimo que passar\u00e1 a valer a partir de 1\u00ba de janeiro de 2022 ser\u00e1 de R$ 1.169, conforme dados do Projeto de Lei Or\u00e7ament\u00e1ria Anual (PLOA) divulgado nesta ter\u00e7a-feira (31\/08) que precisa ser entregue hoje pelo Minist\u00e9rio da Economia ao Congresso Nacional.<\/h2>\n<p>&nbsp;<\/p>\n<p>Pelas proje\u00e7\u00f5es da pasta, a infla\u00e7\u00e3o que corrige o piso salarial que indexa cerca de 70% das despesas obrigat\u00f3rias do governo, o \u00cdndice Nacional de Pre\u00e7os ao Consumidor (INPC), encerrar\u00e1 dezembro com alta de 6,27%, o que representa um reajuste de R$ 69 no m\u00ednimo.<\/p>\n<p>&nbsp;<\/p>\n<p>Esse dado est\u00e1 em linha com a proje\u00e7\u00e3o de 6,2% do terceiro relat\u00f3rio de avalia\u00e7\u00e3o de receitas e despesas do governo e acima da taxa de 4,27% da corre\u00e7\u00e3o do piso salarial prevista na Lei de Diretrizes Or\u00e7ament\u00e1rias (LDO) do pr\u00f3ximo ano, cujo projeto de lei foi enviado ao Congresso em abril, o que implicaria em um sal\u00e1rio m\u00ednimo de R$ 1.147.<\/p>\n<p>&nbsp;<\/p>\n<p>De l\u00e1 para c\u00e1 a infla\u00e7\u00e3o ao consumidor s\u00f3 aumentou e j\u00e1 acumula alta de 9,3%, conforme dados da pr\u00e9via do \u00cdndice de Pre\u00e7os ao Consumidor Amplo (IPCA), o IPCA 15, no acumulado em 12 meses at\u00e9 a primeira metade de agosto.<\/p>\n<p>&nbsp;<\/p>\n<p>Apesar do ajuste de 6,27%, a previs\u00e3o para o INPC deste ano feita pelo governo ainda est\u00e1 abaixo das estimativas do mercado, que apontam para uma alta acima de 8% no indicador neste ano.<\/p>\n<p>&nbsp;<\/p>\n<p>&nbsp;<\/p>\n<p><strong>Novos par\u00e2metros<\/strong><\/p>\n<p>&nbsp;<\/p>\n<p><span style=\"font-weight: 400\">Os par\u00e2metros macroecon\u00f4micos da LDO estavam fora da realidade, mas o governo evitou fazer grandes corre\u00e7\u00f5es.. A proje\u00e7\u00e3o de crescimento do Produto Interno Bruto (PIB) de 2022 estava em 2,50%, enquanto as proje\u00e7\u00f5es do mercado caminham algo em torno de 1,5%. E, no PLOA do ano que vem, essa proje\u00e7\u00e3o otimista foi mantida, com uma leve alta para 2,51%, sinalizando que n\u00e3o pretende reduzir muito a receita para n\u00e3o fazer cortes t\u00e3o dr\u00e1sticos.<\/span><\/p>\n<p>&nbsp;<\/p>\n<p><span style=\"font-weight: 400\">O governo tamb\u00e9m manteve no PLOA a proje\u00e7\u00e3o da LDO para o \u00cdndice de Pre\u00e7os ao Consumidor Amplo (IPCA), que mede a infla\u00e7\u00e3o oficial, de 3,5% e a proje\u00e7\u00e3o para o INPC de 2022, de acordo com os dados da Economia, passou de 3,50%, na LDO, para 3,42%, no PLOA. A previs\u00e3o para a taxa b\u00e1sica de juros (Selic) passou de 4,74% para 6,63%, na mesma base de compara\u00e7\u00e3o.<\/span><\/p>\n<p>&nbsp;<\/p>\n<p>A estimativa para c\u00e2mbio ficou inalterada, mantendo a previs\u00e3o para o d\u00f3lar no fim do ano em R$ 5,15. O PIB nominal de 2022 passou de R$ 8,886 trilh\u00f5es para R$\u00a0 9,937 trilh\u00f5es da LDO para o PLOA.<\/p>\n<p>&nbsp;<\/p>\n","protected":false},"excerpt":{"rendered":"<p>ROSANA HESSEL O\u00a0 sal\u00e1rio m\u00ednimo que passar\u00e1 a valer a partir de 1\u00ba de janeiro de 2022 ser\u00e1 de R$ 1.169, conforme dados do Projeto de Lei Or\u00e7ament\u00e1ria Anual (PLOA) divulgado nesta ter\u00e7a-feira (31\/08) que precisa ser entregue hoje pelo Minist\u00e9rio da Economia ao Congresso Nacional. &nbsp; Pelas proje\u00e7\u00f5es da pasta, a infla\u00e7\u00e3o que corrige [&hellip;]<\/p>\n","protected":false},"author":22,"featured_media":12891,"comment_status":"open","ping_status":"closed","sticky":false,"template":"","format":"standard","meta":{"wpb_read_more":[],"footnotes":""},"categories":[600],"tags":[542,549,5730,1152],"class_list":["post-20797","post","type-post","status-publish","format-standard","has-post-thumbnail","hentry","category-economia","tag-contas-publicas","tag-orcamento","tag-ploa-de-2022","tag-salario-minimo"],"_links":{"self":[{"href":"https:\/\/blogs2.correiobraziliense.com.br\/vicente\/wp-json\/wp\/v2\/posts\/20797","targetHints":{"allow":["GET"]}}],"collection":[{"href":"https:\/\/blogs2.correiobraziliense.com.br\/vicente\/wp-json\/wp\/v2\/posts"}],"about":[{"href":"https:\/\/blogs2.correiobraziliense.com.br\/vicente\/wp-json\/wp\/v2\/types\/post"}],"author":[{"embeddable":true,"href":"https:\/\/blogs2.correiobraziliense.com.br\/vicente\/wp-json\/wp\/v2\/users\/22"}],"replies":[{"embeddable":true,"href":"https:\/\/blogs2.correiobraziliense.com.br\/vicente\/wp-json\/wp\/v2\/comments?post=20797"}],"version-history":[{"count":9,"href":"https:\/\/blogs2.correiobraziliense.com.br\/vicente\/wp-json\/wp\/v2\/posts\/20797\/revisions"}],"predecessor-version":[{"id":20850,"href":"https:\/\/blogs2.correiobraziliense.com.br\/vicente\/wp-json\/wp\/v2\/posts\/20797\/revisions\/20850"}],"wp:featuredmedia":[{"embeddable":true,"href":"https:\/\/blogs2.correiobraziliense.com.br\/vicente\/wp-json\/wp\/v2\/media\/12891"}],"wp:attachment":[{"href":"https:\/\/blogs2.correiobraziliense.com.br\/vicente\/wp-json\/wp\/v2\/media?parent=20797"}],"wp:term":[{"taxonomy":"category","embeddable":true,"href":"https:\/\/blogs2.correiobraziliense.com.br\/vicente\/wp-json\/wp\/v2\/categories?post=20797"},{"taxonomy":"post_tag","embeddable":true,"href":"https:\/\/blogs2.correiobraziliense.com.br\/vicente\/wp-json\/wp\/v2\/tags?post=20797"}],"curies":[{"name":"wp","href":"https:\/\/api.w.org\/{rel}","templated":true}]}}