{"id":20800,"date":"2021-08-31T17:21:55","date_gmt":"2021-08-31T20:21:55","guid":{"rendered":"https:\/\/blogs2.correiobraziliense.com.br\/vicente\/?p=20800"},"modified":"2021-08-31T17:21:55","modified_gmt":"2021-08-31T20:21:55","slug":"para-78-dos-micro-e-pequenos-empresarios-democracia-e-essencial-para-os-negocios","status":"publish","type":"post","link":"https:\/\/blogs2.correiobraziliense.com.br\/vicente\/para-78-dos-micro-e-pequenos-empresarios-democracia-e-essencial-para-os-negocios\/","title":{"rendered":"Para 78% dos micro e pequenos empres\u00e1rios, democracia \u00e9 essencial para os neg\u00f3cios"},"content":{"rendered":"<h2><span style=\"font-weight: 400\">ROSANA HESSEL<\/span><\/h2>\n<h2><\/h2>\n<h2><span style=\"font-weight: 400\">Mesmo antes da confus\u00e3o para a publica\u00e7\u00e3o do manifesto pela pacifica\u00e7\u00e3o dos Tr\u00eas Poderes assinado pelos pesos-pesados da ind\u00fastria e do mercado financeiro, uma pesquisa feita junto aos micro e pequenos empres\u00e1rios do setor produtivo mostra que n\u00e3o h\u00e1 divis\u00e3o sobre a defesa da democracia, pois quase 80% apoiam essa forma de governo. <\/span><\/h2>\n<h2><\/h2>\n<p><span style=\"font-weight: 400\">Conforme pesquisa realizada pelo Datafolha, a\u00a0<\/span><span style=\"font-weight: 400\">pedido do Sindicato da Micro e Pequena Ind\u00fastria (Simpi), para saber a opini\u00e3o do tema Democracia X Ditadura, 78%\u00a0<\/span><span style=\"font-weight: 400\">das micro e pequenas ind\u00fastrias (MPI\u2019s) consideram a democracia como a melhor forma de governo para os neg\u00f3cios prosperarem. Enquanto isso, 4% dos entrevistados avaliam que, em algumas circunst\u00e2ncias, \u00e9 melhor uma ditadura do que um regime democr\u00e1tico para os neg\u00f3cios. Outros 13% disseram que, para os neg\u00f3cios prosperarem, tanto faz se o governo \u00e9 uma democracia ou uma ditadura.<\/span><\/p>\n<p>&nbsp;<\/p>\n<p><span style=\"font-weight: 400\">Conforme dados da pesquisa, para 76% dos entrevistados, a democracia \u00e9 sempre a melhor forma de governo. Por outro lado, 8% acreditam que em certas circunst\u00e2ncias a ditadura \u00e9 melhor do que a democracia, e para 9% tanto faz se o governo \u00e9 uma democracia ou uma ditadura.\u00a0<\/span>A enquete foi feita junto aos 304 dirigentes de micros e pequenas ind\u00fastrias, entre os dias 18 e 26 de agosto, e faz parte da pesquisa mensal da entidade, que est\u00e1 sendo feita desde 2013.<\/p>\n<p>&nbsp;<\/p>\n<p>O manifesto &#8220;A Pra\u00e7a dos Tr\u00eas Poderes&#8221; , coordenado pela Federa\u00e7\u00e3o das Ind\u00fastrias do Estado de S\u00e3o Paulo (Fiesp) deveria ser publicado hoje, <a href=\"https:\/\/blogs2.correiobraziliense.com.br\/vicente\/fiesp-amplia-prazo-de-adesao-ao-manifesto-e-febraban-nega-envolvimento-na-redacao\/\">mas a entidade alongou o prazo ap\u00f3s o racha na Federa\u00e7\u00e3o Brasileira de Bancos (Febraban).\u00a0<\/a><\/p>\n<p>&nbsp;<\/p>\n<p><span style=\"font-weight: 400\">O levantamento encomendado pelo Simpi tamb\u00e9m questionou a possibilidade de uma poss\u00edvel nova ditadura. E, quando questionados se enxergam a probabilidade de haver novamente um regime ditatorial, 63% das MPI\u2019s disseram que n\u00e3o h\u00e1 nenhuma chance. Outros 8% que disseram que h\u00e1 muita chance de acontecer e 19% avaliaram que h\u00e1 um pouco de chance e 10% preferiram n\u00e3o responder.<\/span><\/p>\n<p><span style=\"font-weight: 400\">\u00a0<\/span><\/p>\n<p><span style=\"font-weight: 400\">\u201cO levantamento refor\u00e7a a luta desta categoria econ\u00f4mica por igualdade de condi\u00e7\u00f5es e pela cria\u00e7\u00e3o de pol\u00edticas p\u00fabicas que possam apoi\u00e1-los no desenvolvimento do pa\u00eds\u201d, afirma o presidente do Sindicato da Micro e Pequena Ind\u00fastria no Estado de S\u00e3o Paulo (Simpi), Joseph Couri, em nota da entidade. Segundo ele,\u00a0a pesquisa \u00e9 corporativa e &#8220;n\u00e3o possui qualquer cunho pol\u00edtico, e que faz parte do estudo mensal cujo o objetivo \u00e9 divulgar e apresentar para os governos e sociedade civil o quadro das micro e pequenas empresas&#8221;. <\/span><\/p>\n<p>&nbsp;<\/p>\n","protected":false},"excerpt":{"rendered":"<p>ROSANA HESSEL Mesmo antes da confus\u00e3o para a publica\u00e7\u00e3o do manifesto pela pacifica\u00e7\u00e3o dos Tr\u00eas Poderes assinado pelos pesos-pesados da ind\u00fastria e do mercado financeiro, uma pesquisa feita junto aos micro e pequenos empres\u00e1rios do setor produtivo mostra que n\u00e3o h\u00e1 divis\u00e3o sobre a defesa da democracia, pois quase 80% apoiam essa forma de governo. [&hellip;]<\/p>\n","protected":false},"author":22,"featured_media":19721,"comment_status":"open","ping_status":"closed","sticky":false,"template":"","format":"standard","meta":{"wpb_read_more":[],"footnotes":""},"categories":[600],"tags":[3441,4249,5731,5733,465,5732],"class_list":["post-20800","post","type-post","status-publish","format-standard","has-post-thumbnail","hentry","category-economia","tag-datafolha","tag-democracia","tag-forma-de-governo","tag-micro-e-pequena-industria","tag-pesquisa","tag-simpi"],"_links":{"self":[{"href":"https:\/\/blogs2.correiobraziliense.com.br\/vicente\/wp-json\/wp\/v2\/posts\/20800","targetHints":{"allow":["GET"]}}],"collection":[{"href":"https:\/\/blogs2.correiobraziliense.com.br\/vicente\/wp-json\/wp\/v2\/posts"}],"about":[{"href":"https:\/\/blogs2.correiobraziliense.com.br\/vicente\/wp-json\/wp\/v2\/types\/post"}],"author":[{"embeddable":true,"href":"https:\/\/blogs2.correiobraziliense.com.br\/vicente\/wp-json\/wp\/v2\/users\/22"}],"replies":[{"embeddable":true,"href":"https:\/\/blogs2.correiobraziliense.com.br\/vicente\/wp-json\/wp\/v2\/comments?post=20800"}],"version-history":[{"count":6,"href":"https:\/\/blogs2.correiobraziliense.com.br\/vicente\/wp-json\/wp\/v2\/posts\/20800\/revisions"}],"predecessor-version":[{"id":20833,"href":"https:\/\/blogs2.correiobraziliense.com.br\/vicente\/wp-json\/wp\/v2\/posts\/20800\/revisions\/20833"}],"wp:featuredmedia":[{"embeddable":true,"href":"https:\/\/blogs2.correiobraziliense.com.br\/vicente\/wp-json\/wp\/v2\/media\/19721"}],"wp:attachment":[{"href":"https:\/\/blogs2.correiobraziliense.com.br\/vicente\/wp-json\/wp\/v2\/media?parent=20800"}],"wp:term":[{"taxonomy":"category","embeddable":true,"href":"https:\/\/blogs2.correiobraziliense.com.br\/vicente\/wp-json\/wp\/v2\/categories?post=20800"},{"taxonomy":"post_tag","embeddable":true,"href":"https:\/\/blogs2.correiobraziliense.com.br\/vicente\/wp-json\/wp\/v2\/tags?post=20800"}],"curies":[{"name":"wp","href":"https:\/\/api.w.org\/{rel}","templated":true}]}}