{"id":20816,"date":"2021-08-31T15:15:08","date_gmt":"2021-08-31T18:15:08","guid":{"rendered":"https:\/\/blogs2.correiobraziliense.com.br\/vicente\/?p=20816"},"modified":"2021-08-31T17:16:56","modified_gmt":"2021-08-31T20:16:56","slug":"governo-preve-deficit-primario-de-r-496-bilhoes-em-2022","status":"publish","type":"post","link":"https:\/\/blogs2.correiobraziliense.com.br\/vicente\/governo-preve-deficit-primario-de-r-496-bilhoes-em-2022\/","title":{"rendered":"Governo prev\u00ea deficit prim\u00e1rio de R$ 49,6 bilh\u00f5es em 2022"},"content":{"rendered":"<h2>ROSANA HESSEL<\/h2>\n<h2><\/h2>\n<h2>Ao contr\u00e1rio do que o ministro da Economia, Paulo Guedes, vinha falando nos \u00faltimos dias, as contas p\u00fablicas fechar\u00e3o no vermelho em 2022.\u00a0\u00a0Conforme os dados do Projeto de Lei Or\u00e7ament\u00e1ria Anual (PLOA) de 2022, divulgado nesta ter\u00e7a-feira (31\/08), o governo prev\u00ea um deficit prim\u00e1rio de R$ 49,6 bilh\u00f5es, o equivalente a 0,5% do Produto Interno Bruto (PIB).<\/h2>\n<p>&nbsp;<\/p>\n<p>Essa proje\u00e7\u00e3o ficar\u00e1 abaixo da meta estabelecida na\u00a0Lei de Diretrizes Or\u00e7ament\u00e1rias (LDO) de 2022, que permite um rombo de at\u00e9 R$ 170,5 bilh\u00f5es nas contas do governo central, que inclui Tesouro Nacional, Banco Central e Previd\u00eancia Social, o equivalente a 1,9% do PIB.<\/p>\n<p>&nbsp;<\/p>\n<p>Segundo a pasta a pe\u00e7a or\u00e7ament\u00e1ria contempla a previs\u00e3o para os precat\u00f3rios &#8212; d\u00edvidas judiciais da Uni\u00e3o &#8212; informadas pelo\u00a0Judici\u00e1rio, de R$ 89,1 bilh\u00f5es. A pe\u00e7a ainda prev\u00ea R$ 7,1 bilh\u00f5es em a\u00e7\u00f5es no combate \u00e0 pandemia da covid-19 e prioriza a realiza\u00e7\u00e3o do Censo Demogr\u00e1fico em 2022, ali\u00e1s, uma obrigatoriedade determinada pelo Supremo Tribunal Federal (STF), ap\u00f3s o adiamento por dois anos consecutivos.<\/p>\n<p>&nbsp;<\/p>\n<p>No PLOA, prev\u00ea um sal\u00e1rio m\u00ednimo de R$ 1.169, acima dos R$ 1.147 estimados na LDO, considerando uma varia\u00e7\u00e3o do \u00cdndice Nacional de Pre\u00e7os ao Consumidor (INPC), superior ao que est\u00e1 na proje\u00e7\u00e3o atual da pasta, de 6,27%. Acima do que o governo incluiu na pe\u00e7a or\u00e7ament\u00e1ria, de 4,74%.<\/p>\n<p>&nbsp;<\/p>\n<p>O crescimento do\u00a0PIB de 2022 previsto na LDO estava em 2,50%, enquanto as proje\u00e7\u00f5es do mercado caminham algo em torno de 1,5%. E, no PLOA do ano que vem, essa proje\u00e7\u00e3o otimista foi mantida, com uma leve alta para 2,51%, sinalizando que n\u00e3o pretende reduzir muito a receita para n\u00e3o fazer cortes t\u00e3o dr\u00e1sticos.<\/p>\n<p>&nbsp;<\/p>\n<p>O governo tamb\u00e9m manteve no PLOA a proje\u00e7\u00e3o da LDO para o \u00cdndice de Pre\u00e7os ao Consumidor Amplo (IPCA), que mede a infla\u00e7\u00e3o oficial, de 3,5% e a proje\u00e7\u00e3o para o INPC, de acordo com os dados da Economia, passou de 3,50%, na LDO, para 3,42%, no PLOA. A previs\u00e3o para a taxa b\u00e1sica de juros (Selic) passou de 4,74% para 6,63%, na mesma base de compara\u00e7\u00e3o.<\/p>\n<p>&nbsp;<\/p>\n<p>A estimativa para c\u00e2mbio ficou inalterada, mantendo a previs\u00e3o para o d\u00f3lar no fim do ano em R$ 5,15. O PIB nominal de 2022 passou de R$ 8,886 trilh\u00f5es para R$\u00a0 9,937 trilh\u00f5es.<\/p>\n<p>&nbsp;<\/p>\n<p>A previs\u00e3o para a d\u00edvida p\u00fablica bruta em rela\u00e7\u00e3o ao PIB em 2022 \u00e9 de 79,8%, abaixo dos 81,2% do PIB previstos para este ano.<\/p>\n<p>&nbsp;<\/p>\n<p>De acordo com o secret\u00e1rio especial do Tesouro e Or\u00e7amento, Bruno Funchal, o governo n\u00e3o incluiu na previs\u00e3o as receitas com a privatiza\u00e7\u00e3o da Eletrobras no PLOA de 2022. &#8220;Se vier, ser\u00e1 uma grande surpresa&#8221;, afirmou.<\/p>\n<p>&nbsp;<\/p>\n<p>No Or\u00e7amento de 2022, o governo fez uma estimativa de R$ 2,1 bilh\u00f5es para o Fundo Eleitoral e n\u00e3o incluiu valores para as emendas do relator que, de acordo com Funchal, ter\u00e1 que buscar espa\u00e7o dentro das despesas discricion\u00e1rias. A estimativa para essa rubrica no ano que vem \u00e9 de R$ 98,6 bilh\u00f5es.<\/p>\n","protected":false},"excerpt":{"rendered":"<p>ROSANA HESSEL Ao contr\u00e1rio do que o ministro da Economia, Paulo Guedes, vinha falando nos \u00faltimos dias, as contas p\u00fablicas fechar\u00e3o no vermelho em 2022.\u00a0\u00a0Conforme os dados do Projeto de Lei Or\u00e7ament\u00e1ria Anual (PLOA) de 2022, divulgado nesta ter\u00e7a-feira (31\/08), o governo prev\u00ea um deficit prim\u00e1rio de R$ 49,6 bilh\u00f5es, o equivalente a 0,5% do [&hellip;]<\/p>\n","protected":false},"author":22,"featured_media":13463,"comment_status":"open","ping_status":"closed","sticky":false,"template":"","format":"standard","meta":{"wpb_read_more":[],"footnotes":""},"categories":[600],"tags":[5734,549,5730,560],"class_list":["post-20816","post","type-post","status-publish","format-standard","has-post-thumbnail","hentry","category-economia","tag-contas-publica","tag-orcamento","tag-ploa-de-2022","tag-rombo-fiscal"],"_links":{"self":[{"href":"https:\/\/blogs2.correiobraziliense.com.br\/vicente\/wp-json\/wp\/v2\/posts\/20816","targetHints":{"allow":["GET"]}}],"collection":[{"href":"https:\/\/blogs2.correiobraziliense.com.br\/vicente\/wp-json\/wp\/v2\/posts"}],"about":[{"href":"https:\/\/blogs2.correiobraziliense.com.br\/vicente\/wp-json\/wp\/v2\/types\/post"}],"author":[{"embeddable":true,"href":"https:\/\/blogs2.correiobraziliense.com.br\/vicente\/wp-json\/wp\/v2\/users\/22"}],"replies":[{"embeddable":true,"href":"https:\/\/blogs2.correiobraziliense.com.br\/vicente\/wp-json\/wp\/v2\/comments?post=20816"}],"version-history":[{"count":9,"href":"https:\/\/blogs2.correiobraziliense.com.br\/vicente\/wp-json\/wp\/v2\/posts\/20816\/revisions"}],"predecessor-version":[{"id":20830,"href":"https:\/\/blogs2.correiobraziliense.com.br\/vicente\/wp-json\/wp\/v2\/posts\/20816\/revisions\/20830"}],"wp:featuredmedia":[{"embeddable":true,"href":"https:\/\/blogs2.correiobraziliense.com.br\/vicente\/wp-json\/wp\/v2\/media\/13463"}],"wp:attachment":[{"href":"https:\/\/blogs2.correiobraziliense.com.br\/vicente\/wp-json\/wp\/v2\/media?parent=20816"}],"wp:term":[{"taxonomy":"category","embeddable":true,"href":"https:\/\/blogs2.correiobraziliense.com.br\/vicente\/wp-json\/wp\/v2\/categories?post=20816"},{"taxonomy":"post_tag","embeddable":true,"href":"https:\/\/blogs2.correiobraziliense.com.br\/vicente\/wp-json\/wp\/v2\/tags?post=20816"}],"curies":[{"name":"wp","href":"https:\/\/api.w.org\/{rel}","templated":true}]}}