{"id":20826,"date":"2021-08-31T16:57:51","date_gmt":"2021-08-31T19:57:51","guid":{"rendered":"https:\/\/blogs2.correiobraziliense.com.br\/vicente\/?p=20826"},"modified":"2021-08-31T17:02:14","modified_gmt":"2021-08-31T20:02:14","slug":"previsao-para-o-fundo-eleitoral-no-orcamento-de-2022-fica-em-r-21-bi","status":"publish","type":"post","link":"https:\/\/blogs2.correiobraziliense.com.br\/vicente\/previsao-para-o-fundo-eleitoral-no-orcamento-de-2022-fica-em-r-21-bi\/","title":{"rendered":"Previs\u00e3o para o Fundo Eleitoral no Or\u00e7amento de 2022 fica em R$ 2,1 bi"},"content":{"rendered":"<h2>ROSANA HESSEL<\/h2>\n<h2>A previs\u00e3o do governo para o Fundo Eleitoral no Or\u00e7amento de 2022 ficou em R$ 2,1 bilh\u00f5es, de acordo com o secret\u00e1rio especial do Tesouro e Or\u00e7amento do Minist\u00e9rio da Economia, Bruno Funchal, nesta ter\u00e7a-feira (31\/08), durante a apresenta\u00e7\u00e3o do Projeto de Lei Or\u00e7ament\u00e1ria Anual (PLOA) do ano que vem.<\/h2>\n<p>&nbsp;<\/p>\n<p>Esse valor do fund\u00e3o \u00e9 menos da metade da estimativa aprovada pelo Congresso Nacional na Lei de Diretrizes Or\u00e7ament\u00e1rias (LDO), de R$ 5,7 bilh\u00f5es, dado que foi vetado integralmente pelo presidente Jair Bolsonaro (sem partido) quando sancionou a LDO. A nova previs\u00e3o est\u00e1 mais pr\u00f3xima dos valores das elei\u00e7\u00f5es de 2018, quando o fundo das elei\u00e7\u00f5es somou R$ 2 bilh\u00f5es.<\/p>\n<p>&nbsp;<\/p>\n<p>Al\u00e9m desse montante de recursos para as elei\u00e7\u00f5es do ano que vem, os partidos ainda ter\u00e3o R$ 1,061 bilh\u00e3o para o fundo de campanha, que \u00e9 previsto anualmente, de acordo com os t\u00e9cnicos da Economia.<\/p>\n<p>&nbsp;<\/p>\n<p>O PLOA proposta or\u00e7ament\u00e1ria tamb\u00e9m prev\u00ea um total de Individual e bancada 16,2 bilh\u00f5es para emendas parlamentares. Desse montante, ser\u00e3o R$ 10,4 para emendas individuais e R$ 5,7 bilh\u00f5es de emendas de bancada.<\/p>\n<p>&nbsp;<\/p>\n<p>A previs\u00e3o para as emendas de bancada foram reduzidas em R$ 1,3 bilh\u00e3o, que foi destinado para as campanhas eleitorais e, assim, completa a previs\u00e3o de R$ 7 bilh\u00f5es dessa rubrica.<\/p>\n<p>&nbsp;<\/p>\n<p>De acordo com Funchal, o governo n\u00e3o incluiu no PLOA as emendas do relator, que foram inclu\u00eddas no Or\u00e7amento deste ano, provocando uma enorme confus\u00e3o porque elas foram criadas cortando despesas obrigat\u00f3ria, na contram\u00e3o das regras de responsabilidade fiscal. &#8220;O PLOA (de 2022) s\u00f3 contempla as emendas constitucionalmente definidas. A gente sabe que n\u00e3o tem espa\u00e7o para reduzir despesa obrigat\u00f3ria. Ent\u00e3o essa discuss\u00e3o vai ser dada no processo e vai ser uma aloca\u00e7\u00e3o dentro das despesas discricion\u00e1rias&#8221;, afirmou. Segundo ele, o relator vai ter que arrumar espa\u00e7o para as emendas pr\u00f3prias &#8220;dentro das despesas discricion\u00e1rias&#8221;, cuja previs\u00e3o no ano que vem \u00e9 de R$ 98,6 bilh\u00f5es<\/p>\n<p>&nbsp;<\/p>\n<p>&nbsp;<\/p>\n","protected":false},"excerpt":{"rendered":"<p>ROSANA HESSEL A previs\u00e3o do governo para o Fundo Eleitoral no Or\u00e7amento de 2022 ficou em R$ 2,1 bilh\u00f5es, de acordo com o secret\u00e1rio especial do Tesouro e Or\u00e7amento do Minist\u00e9rio da Economia, Bruno Funchal, nesta ter\u00e7a-feira (31\/08), durante a apresenta\u00e7\u00e3o do Projeto de Lei Or\u00e7ament\u00e1ria Anual (PLOA) do ano que vem. &nbsp; Esse valor [&hellip;]<\/p>\n","protected":false},"author":22,"featured_media":17057,"comment_status":"open","ping_status":"closed","sticky":false,"template":"","format":"standard","meta":{"wpb_read_more":[],"footnotes":""},"categories":[600],"tags":[542,5735,3666,549,5736],"class_list":["post-20826","post","type-post","status-publish","format-standard","has-post-thumbnail","hentry","category-economia","tag-contas-publicas","tag-fundo-eleitoral","tag-ministerio-da-economia","tag-orcamento","tag-ploa-2022"],"_links":{"self":[{"href":"https:\/\/blogs2.correiobraziliense.com.br\/vicente\/wp-json\/wp\/v2\/posts\/20826","targetHints":{"allow":["GET"]}}],"collection":[{"href":"https:\/\/blogs2.correiobraziliense.com.br\/vicente\/wp-json\/wp\/v2\/posts"}],"about":[{"href":"https:\/\/blogs2.correiobraziliense.com.br\/vicente\/wp-json\/wp\/v2\/types\/post"}],"author":[{"embeddable":true,"href":"https:\/\/blogs2.correiobraziliense.com.br\/vicente\/wp-json\/wp\/v2\/users\/22"}],"replies":[{"embeddable":true,"href":"https:\/\/blogs2.correiobraziliense.com.br\/vicente\/wp-json\/wp\/v2\/comments?post=20826"}],"version-history":[{"count":2,"href":"https:\/\/blogs2.correiobraziliense.com.br\/vicente\/wp-json\/wp\/v2\/posts\/20826\/revisions"}],"predecessor-version":[{"id":20828,"href":"https:\/\/blogs2.correiobraziliense.com.br\/vicente\/wp-json\/wp\/v2\/posts\/20826\/revisions\/20828"}],"wp:featuredmedia":[{"embeddable":true,"href":"https:\/\/blogs2.correiobraziliense.com.br\/vicente\/wp-json\/wp\/v2\/media\/17057"}],"wp:attachment":[{"href":"https:\/\/blogs2.correiobraziliense.com.br\/vicente\/wp-json\/wp\/v2\/media?parent=20826"}],"wp:term":[{"taxonomy":"category","embeddable":true,"href":"https:\/\/blogs2.correiobraziliense.com.br\/vicente\/wp-json\/wp\/v2\/categories?post=20826"},{"taxonomy":"post_tag","embeddable":true,"href":"https:\/\/blogs2.correiobraziliense.com.br\/vicente\/wp-json\/wp\/v2\/tags?post=20826"}],"curies":[{"name":"wp","href":"https:\/\/api.w.org\/{rel}","templated":true}]}}