{"id":20858,"date":"2021-09-01T08:39:07","date_gmt":"2021-09-01T11:39:07","guid":{"rendered":"https:\/\/blogs2.correiobraziliense.com.br\/vicente\/?p=20858"},"modified":"2021-09-01T08:51:22","modified_gmt":"2021-09-01T11:51:22","slug":"preocupacao-com-economia-aumenta-entre-os-brasileiros-segundo-pesquisa","status":"publish","type":"post","link":"https:\/\/blogs2.correiobraziliense.com.br\/vicente\/preocupacao-com-economia-aumenta-entre-os-brasileiros-segundo-pesquisa\/","title":{"rendered":"Preocupa\u00e7\u00e3o com economia aumenta entre os brasileiros, segundo pesquisa"},"content":{"rendered":"<h2>ROSANA HESSEL<\/h2>\n<h2><\/h2>\n<h2><span style=\"font-weight: 400\">O avan\u00e7o da vacina\u00e7\u00e3o contra a covid-19 est\u00e1 mudando a percep\u00e7\u00e3o dos problemas entre os eleitores, que come\u00e7am a demonstrar preocupa\u00e7\u00e3o maior com a economia no agregado das respostas <a href=\"https:\/\/media-blog.genialinvestimentos.com.br\/wp-content\/uploads\/2021\/08\/31232140\/genial-nas-eleicoes_pesquisa-para-presidente-2022_resultado-setembro-2021.pdf\">na terceira edi\u00e7\u00e3o da Pesquisa Genial\/Quaest<\/a> divulgada nesta quarta-feira (01\/09).\u00a0<\/span><\/h2>\n<p>&nbsp;<\/p>\n<p><span style=\"font-weight: 400\">Na primeira edi\u00e7\u00e3o, em julho, a sa\u00fade e a pandemia eram o principal problema para 41% dos entrevistados e passou para 36%, em agosto. Em setembro, recuou para 28%, praticamente empatando com economia no agregado, conforme dados do\u00a0<\/span>levantamento encomendado pela Genial \u00e0 empresa Quaest Consultoria e<a href=\"https:\/\/blogs2.correiobraziliense.com.br\/vicente\/genial-quaest-avaliacao-negativa-de-bolsonaro-sobre-de-44-para-48\/\"> que revela aumento na avalia\u00e7\u00e3o negativa do presidente Jair Bolsonaro (sem partido).<\/a><\/p>\n<p>&nbsp;<\/p>\n<p><span style=\"font-weight: 400\">J\u00e1 a economia era considerada o terceiro maior problema com 12% das respostas, atr\u00e1s do desemprego, com 16%. Esse percentual para a economia subiu para 16%, em agosto, e, em setembro, saltou para 27%.<\/span><\/p>\n<p>&nbsp;<\/p>\n<p><span style=\"font-weight: 400\">De acordo com a pesquisa, o percentual de entrevistados muito preocupados com a pandemia passou de 79%, em julho, para 66%, em setembro. J\u00e1 a fatia de pessoas que acham que a economia piorou passou de 62% para 68% entre agosto e setembro, em um claro sinal de que os brasileiros n\u00e3o veem a economia decolando como o ministro da Economia, Paulo Guedes, insiste em afirmar em suas declara\u00e7\u00f5es para integrantes do mercado financeiro.<\/span><\/p>\n<p>&nbsp;<\/p>\n<p><span style=\"font-weight: 400\">A fatia dos mais pessimistas, aqueles que acham que, nos pr\u00f3ximos 12 meses, a economia vai piorar passou de 25% para 32%, entre julho e setembro. Enquanto isso, os que acham que a economia vai melhorar recuaram de 50% para 44% no mesmo per\u00edodo.\u00a0<\/span><\/p>\n<p>&nbsp;<\/p>\n<p><span style=\"font-weight: 400\">A maioria, 65%, acredita que o pa\u00eds n\u00e3o vai conseguir controlar a infla\u00e7\u00e3o nos pr\u00f3ximos meses, dado praticamente est\u00e1vel em rela\u00e7\u00e3o aos 64% de julho. O<\/span><span style=\"font-weight: 400\">\u00a0percentual dos que acham que o pa\u00eds vai gerar novos empregos nos pr\u00f3ximos meses ficou praticamente est\u00e1vel, passando de 56% para 57% entre as duas pesquisas.<\/span><\/p>\n<p>&nbsp;<\/p>\n<p><strong>Base ampliada<\/strong><\/p>\n<p>&nbsp;<\/p>\n<p>O estudo tem como objetivo avaliar o governo Bolsonaro e os principais fatores e comportamentos que norteiam a opini\u00e3o e a tomada de decis\u00e3o do eleitorado. Nesta edi\u00e7\u00e3o, a pesquisa apresentou algumas novidades. Ampliou a base de entrevistados e incluiu a senadora Simone Tebet (MDB-MS), entre os pr\u00e9-candidatos.<\/p>\n<p>&nbsp;<\/p>\n<p><span style=\"font-weight: 400\">Ciro Gomes (PDT) \u00e9 o mais conhecido entre os nomes para a terceira via, com 40% entre os que conhecem e votariam ou poderiam votar. O apresentador Datena tem um percentual parecido, de 39%, de que conhece e votaria ou poderia votar.\u00a0\u00a0<\/span><\/p>\n<p>&nbsp;<\/p>\n<p><span style=\"font-weight: 400\">A senadora Simone Tebet \u00e9 desconhecida por 79% dos entrevistados e apenas 7% Al\u00e9m disso, o estudo vai continuar acompanhando a avalia\u00e7\u00e3o do governo Bolsonaro e os principais fatores e comportamentos que norteiam a opini\u00e3o e a tomada de decis\u00e3o do eleitorado.\u00a0<\/span><\/p>\n<p>&nbsp;<\/p>\n<p><span style=\"font-weight: 400\">A base da nova edi\u00e7\u00e3o da Pesquisa Genial\/Quaest passou de 1,5 mil para 2 mil pessoas entrevistadas face-a-face, e a quantidade de cidades visitadas aumentou de 95 para 123. O levantamento foi realizado entre os dias 26 e 29 de agosto nas cinco regi\u00f5es brasileiras.\u00a0 A confiabilidade da pesquisa \u00e9 de 95% e a margem de erro, de tr\u00eas pontos percentuais.<\/span><\/p>\n<p>&nbsp;<\/p>\n","protected":false},"excerpt":{"rendered":"<p>ROSANA HESSEL O avan\u00e7o da vacina\u00e7\u00e3o contra a covid-19 est\u00e1 mudando a percep\u00e7\u00e3o dos problemas entre os eleitores, que come\u00e7am a demonstrar preocupa\u00e7\u00e3o maior com a economia no agregado das respostas na terceira edi\u00e7\u00e3o da Pesquisa Genial\/Quaest divulgada nesta quarta-feira (01\/09).\u00a0 &nbsp; Na primeira edi\u00e7\u00e3o, em julho, a sa\u00fade e a pandemia eram o principal [&hellip;]<\/p>\n","protected":false},"author":22,"featured_media":15234,"comment_status":"open","ping_status":"closed","sticky":false,"template":"","format":"standard","meta":{"wpb_read_more":[],"footnotes":""},"categories":[600],"tags":[2554,589,665,5599],"class_list":["post-20858","post","type-post","status-publish","format-standard","has-post-thumbnail","hentry","category-economia","tag-bolsonaro","tag-economia","tag-eleicoes","tag-pesquisa-genial-quaest"],"_links":{"self":[{"href":"https:\/\/blogs2.correiobraziliense.com.br\/vicente\/wp-json\/wp\/v2\/posts\/20858","targetHints":{"allow":["GET"]}}],"collection":[{"href":"https:\/\/blogs2.correiobraziliense.com.br\/vicente\/wp-json\/wp\/v2\/posts"}],"about":[{"href":"https:\/\/blogs2.correiobraziliense.com.br\/vicente\/wp-json\/wp\/v2\/types\/post"}],"author":[{"embeddable":true,"href":"https:\/\/blogs2.correiobraziliense.com.br\/vicente\/wp-json\/wp\/v2\/users\/22"}],"replies":[{"embeddable":true,"href":"https:\/\/blogs2.correiobraziliense.com.br\/vicente\/wp-json\/wp\/v2\/comments?post=20858"}],"version-history":[{"count":5,"href":"https:\/\/blogs2.correiobraziliense.com.br\/vicente\/wp-json\/wp\/v2\/posts\/20858\/revisions"}],"predecessor-version":[{"id":20867,"href":"https:\/\/blogs2.correiobraziliense.com.br\/vicente\/wp-json\/wp\/v2\/posts\/20858\/revisions\/20867"}],"wp:featuredmedia":[{"embeddable":true,"href":"https:\/\/blogs2.correiobraziliense.com.br\/vicente\/wp-json\/wp\/v2\/media\/15234"}],"wp:attachment":[{"href":"https:\/\/blogs2.correiobraziliense.com.br\/vicente\/wp-json\/wp\/v2\/media?parent=20858"}],"wp:term":[{"taxonomy":"category","embeddable":true,"href":"https:\/\/blogs2.correiobraziliense.com.br\/vicente\/wp-json\/wp\/v2\/categories?post=20858"},{"taxonomy":"post_tag","embeddable":true,"href":"https:\/\/blogs2.correiobraziliense.com.br\/vicente\/wp-json\/wp\/v2\/tags?post=20858"}],"curies":[{"name":"wp","href":"https:\/\/api.w.org\/{rel}","templated":true}]}}