{"id":20863,"date":"2021-09-01T09:06:45","date_gmt":"2021-09-01T12:06:45","guid":{"rendered":"https:\/\/blogs2.correiobraziliense.com.br\/vicente\/?p=20863"},"modified":"2021-09-01T13:15:54","modified_gmt":"2021-09-01T16:15:54","slug":"pib-cai-01-no-segundo-trimestre-de-2021-segundo-o-ibge","status":"publish","type":"post","link":"https:\/\/blogs2.correiobraziliense.com.br\/vicente\/pib-cai-01-no-segundo-trimestre-de-2021-segundo-o-ibge\/","title":{"rendered":"PIB cai 0,1% no segundo trimestre de 2021, segundo o IBGE"},"content":{"rendered":"<h2>ROSANA HESSEL<\/h2>\n<h2>A economia n\u00e3o est\u00e1 bombando como diz o ministro da Economia, Paulo Guedes, e a teoria da retomada em V caiu por terra. Conforme dados do <a href=\"https:\/\/agenciadenoticias.ibge.gov.br\/agencia-sala-de-imprensa\/2013-agencia-de-noticias\/releases\/31494-pib-fica-em-0-1-no-2-trimestre-de-2021\">Instituto Brasileiro de Geografia e Estat\u00edstica (IBGE)<\/a> divulgados nesta quarta-feira (01\/02), o\u00a0Produto Interno Bruto (PIB), que mede as riquezas acumuladas pelo pa\u00eds, encolheu 0,1% no\u00a0segundo trimestre na margem, ou seja, na compara\u00e7\u00e3o com os tr\u00eas meses anteriores, quando houve alta de 1,2%, na s\u00e9rie com ajuste sazonal.<\/h2>\n<p>&nbsp;<\/p>\n<p>O dado \u00e9 considerado &#8220;est\u00e1vel&#8221; pelo IBGE, mas ficou abaixo das expectativas do mercado, que esperavam um desempenho positivo, embora pequeno, em torno de 0,2%. Foi o primeiro dado negativo ap\u00f3s tr\u00eas trimestres consecutivos de alta do PIB, puxado pelo recuo da agropecu\u00e1ria e da ind\u00fastria do lado da demanda e dos investimentos no lado da oferta. O consumo das fam\u00edlias andou de lado no trimestre.<\/p>\n<p>&nbsp;<\/p>\n<p>Na compara\u00e7\u00e3o com o mesmo per\u00edodo de 2020, o PIB cresceu 12,4% sobre uma base bastante fraca, que coincide com o auge da recess\u00e3o da pandemia da covid-19 no ano passado.\u00a0No primeiro semestre de 2021, o PIB acumula alta de 6,4%, e, no acumulado nos quatro trimestres, terminados em junho de 2021, o PIB cresceu 1,8%, de acordo com o \u00f3rg\u00e3o ligado \u00e0 Economia.<\/p>\n<p>&nbsp;<\/p>\n<p>O PIB nominal do segundo trimestre somou R$ 2,1 trilh\u00f5es, com a taxa de investimento de 18,2% do PIB, e, a taxa de poupan\u00e7a, de 20,9% do PIB, no mesmo per\u00edodo.<\/p>\n<p>&nbsp;<\/p>\n<p>Ap\u00f3s o resultado do PIB, Andr\u00e9 Perfeito, economista-chefe da Necton Investimentos, informou que manteve em 5% a previs\u00e3o de crescimento do PIB neste ano ap\u00f3s o dado de &#8220;estabilidade&#8221; no segundo trimestre. &#8220;Basta que a economia cres\u00e7a 0,5% por trimestre para atingir tal resultado. Contudo, vale notar, que se observarmos o crescimento no ano propriamente a varia\u00e7\u00e3o esperada para o final deste ano n\u00e3o \u00e9 5%, mas sim pr\u00f3ximo de 2%&#8221;, escreveu. Para ele, a retomada est\u00e1 ocorrendo na forma de uma raiz quadrada, e com isso mostrar que &#8220;depois de certa retomada do mais aguda da crise o PIB iria ficar de lado&#8221;. &#8220;E parece que este \u00e9 o caso&#8221;, afirmou.<\/p>\n<p>&nbsp;<\/p>\n<p>Logo ap\u00f3s a divulga\u00e7\u00e3o dos dados da queda do PIB brasileiro, o banc\u00e3o norte-americano Goldman Sachs revisou de 5,4% para 4,9% a previs\u00e3o de expans\u00e3o do Brasil neste ano, &#8220;presumindo que n\u00e3o h\u00e1 grandes limita\u00e7\u00f5es no fornecimento de energia, redu\u00e7\u00e3o gradual dos atritos na cadeia de fornecimento, reconstru\u00e7\u00e3o gradual dos estoques e um quadro ambicioso amplamente controlado no segundo semestre&#8221;.<\/p>\n<p>&nbsp;<\/p>\n<p>No comunicado, o Goldman Sachs informou que espera uma recupera\u00e7\u00e3o econ\u00f4mica nos pr\u00f3ximos trimestre, em conjunto com o progresso da vacina\u00e7\u00e3o contra a covid-19 no pa\u00eds. No entanto, destacou que esse cen\u00e1rio mais positivo poder\u00e1\u00a0ser mitigado &#8220;pelo aumento das taxas de juros, alta infla\u00e7\u00e3o, altos n\u00edveis de endividamento das fam\u00edlias, problemas persistentes da cadeia de abastecimento que assolam v\u00e1rias ind\u00fastrias manufatureiras e aumento do ru\u00eddo pol\u00edtico e da incerteza pol\u00edtica&#8221;.<\/p>\n<p>&nbsp;<\/p>\n<p><strong>Agropecu\u00e1ria e ind\u00fastria recuam<\/strong><\/p>\n<p>&nbsp;<\/p>\n<p>Para explicar esse dado negativo de 0,1% na margem, o IBGE mostrou que, pela \u00f3tica da demanda, a maior queda entre setores foi da agropecu\u00e1ria, que recuou 2,8%. A ind\u00fastria registrou recuo de 0,2% e os servi\u00e7os mostraram uma retomada, registrando crescimento de 0,7%.<\/p>\n<p>&nbsp;<\/p>\n<p>Entre as atividades produtivas, a ind\u00fastria da transforma\u00e7\u00e3o registrou o pior desemprenho, com queda de 2,2%, seguida pelo setor de eletricidade, g\u00e1s, \u00e1gua, esgoto e gest\u00e3o de res\u00edduos, que encolheu 0,9%. Apesar de apresentarem crescimento, os segmentos de constru\u00e7\u00e3o e ind\u00fastria extrativa, com altas de 2,7% e 5,3%, respectivamente n\u00e3o foram suficientes para evitar o desemprenho negativo da ind\u00fastria no primeiro<\/p>\n<p>&nbsp;<\/p>\n<p>No setor de servi\u00e7os, houve crescimento em quase todas as \u00e1reas. A de informa\u00e7\u00e3o e comunica\u00e7\u00e3o registrou alta de 5,6%; outras atividades de servi\u00e7os, de 2,1%;, com\u00e9rcio, de 0,5%; atividades imobili\u00e1rias, de 0,4%; atividades financeiras, de seguros e servi\u00e7os relacionados, de 0,3%; e transporte, armazenagem e correio, de 0,1%. J\u00e1 administra\u00e7\u00e3o, defesa, sa\u00fade e educa\u00e7\u00e3o p\u00fablicas e seguridade social ficou est\u00e1vel, com zero de varia\u00e7\u00e3o na compara\u00e7\u00e3o com o trimestre anterior.<\/p>\n<p>&nbsp;<\/p>\n<p>Pela \u00f3tica da despesa, a Forma\u00e7\u00e3o Bruta de Capital Fixo (FBCF), que mede os investimentos, registrou queda de 3,6% na compara\u00e7\u00e3o com o primeiro trimestre de 2021. Enquanto isso, o consumo das fam\u00edlias ficou estagnado em 0% e o consumo do governo cresceu 0,7%.\u00a0Na mesma base de compara\u00e7\u00e3o, no setor externo, as exporta\u00e7\u00f5es cresceram 9,4%, enquanto as importa\u00e7\u00f5es, recuaram 0,6%<\/p>\n<p>&nbsp;<\/p>\n<p><strong>Avan\u00e7os sobre base pequena<\/strong><\/p>\n<p>&nbsp;<\/p>\n<p>Na compara\u00e7\u00e3o anual, pela \u00f3tica da oferta os setores da ind\u00fastria e de servi\u00e7os foram os que apresentaram melhores desempenhos sobre uma base bastante deprimida de abril a junho de 2020.\u00a0A ind\u00fastria cresceu 17,8% na compara\u00e7\u00e3o com o mesmo trimestre do ano passado, puxada pela ind\u00fastria de transforma\u00e7\u00e3o, que saltou 25,8% nesse per\u00edodo. J\u00e1 o setor de servi\u00e7os apresentou crescimento de 10,8% em rela\u00e7\u00e3o ao segundo trimestre de 2020, com as atividades de transporte, armazenagem e correio e com\u00e9rcio liderando as altas, 25,3% e de 20,9% respectivamente.<\/p>\n<p>&nbsp;<\/p>\n<p>A agropecu\u00e1ria cresceu apenas 1,3%. O resultado, de acordo com o IBGE, \u00e9 explicado, em grande parte, pelo desempenho positivo de no segundo trimestre da soja, com ata de 9,8%, e do arroz, que avan\u00e7ou 4,1%. Em contrapartida, devido \u00e0 estiagem e quebra na safra, houve recuos nas estimativas de produ\u00e7\u00e3o anual das culturas de caf\u00e9 (-21,0%), de algod\u00e3o (-16,6%) e de milho (-11,3%).<\/p>\n<p>&nbsp;<\/p>\n<p>No lado da despesa, o consumo das fam\u00edlias cresceu 10,8% na compara\u00e7\u00e3o anual, explicada pelo efeito base segundo o IBGE, &#8220;j\u00e1 que \u00e9 contra o trimestre com os maiores efeitos da pandemia sobre a economia, al\u00e9m dos programas de apoio do governo do aumento do cr\u00e9dito a pessoas f\u00edsicas&#8221;. Por outro lado, o \u00f3rg\u00e3o informou que houve aumento das taxas de juros e, mesmo com o aumento das ocupa\u00e7\u00f5es na economia, a massa salarial, afetada negativamente pelo aumento da infla\u00e7\u00e3o, caiu em rela\u00e7\u00e3o ao segundo trimestre de 2020.<\/p>\n<p>&nbsp;<\/p>\n<p>O term\u00f4metro dos investimentos, a FBCF, avan\u00e7ou 32,9% no segundo trimestre de 2021 na compara\u00e7\u00e3o com o mesmo intervalo do ano passado. Esse desempenho foi impulsionado pelos resultados positivos da produ\u00e7\u00e3o interna e da importa\u00e7\u00e3o de bens de capital. O consumo do governo avan\u00e7ou 4,2% na mesma base de compara\u00e7\u00e3o.<\/p>\n<p>&nbsp;<\/p>\n","protected":false},"excerpt":{"rendered":"<p>ROSANA HESSEL A economia n\u00e3o est\u00e1 bombando como diz o ministro da Economia, Paulo Guedes, e a teoria da retomada em V caiu por terra. Conforme dados do Instituto Brasileiro de Geografia e Estat\u00edstica (IBGE) divulgados nesta quarta-feira (01\/02), o\u00a0Produto Interno Bruto (PIB), que mede as riquezas acumuladas pelo pa\u00eds, encolheu 0,1% no\u00a0segundo trimestre na [&hellip;]<\/p>\n","protected":false},"author":22,"featured_media":19646,"comment_status":"open","ping_status":"closed","sticky":false,"template":"","format":"standard","meta":{"wpb_read_more":[],"footnotes":""},"categories":[600],"tags":[589,391,58],"class_list":["post-20863","post","type-post","status-publish","format-standard","has-post-thumbnail","hentry","category-economia","tag-economia","tag-ibge","tag-pib"],"_links":{"self":[{"href":"https:\/\/blogs2.correiobraziliense.com.br\/vicente\/wp-json\/wp\/v2\/posts\/20863","targetHints":{"allow":["GET"]}}],"collection":[{"href":"https:\/\/blogs2.correiobraziliense.com.br\/vicente\/wp-json\/wp\/v2\/posts"}],"about":[{"href":"https:\/\/blogs2.correiobraziliense.com.br\/vicente\/wp-json\/wp\/v2\/types\/post"}],"author":[{"embeddable":true,"href":"https:\/\/blogs2.correiobraziliense.com.br\/vicente\/wp-json\/wp\/v2\/users\/22"}],"replies":[{"embeddable":true,"href":"https:\/\/blogs2.correiobraziliense.com.br\/vicente\/wp-json\/wp\/v2\/comments?post=20863"}],"version-history":[{"count":15,"href":"https:\/\/blogs2.correiobraziliense.com.br\/vicente\/wp-json\/wp\/v2\/posts\/20863\/revisions"}],"predecessor-version":[{"id":20904,"href":"https:\/\/blogs2.correiobraziliense.com.br\/vicente\/wp-json\/wp\/v2\/posts\/20863\/revisions\/20904"}],"wp:featuredmedia":[{"embeddable":true,"href":"https:\/\/blogs2.correiobraziliense.com.br\/vicente\/wp-json\/wp\/v2\/media\/19646"}],"wp:attachment":[{"href":"https:\/\/blogs2.correiobraziliense.com.br\/vicente\/wp-json\/wp\/v2\/media?parent=20863"}],"wp:term":[{"taxonomy":"category","embeddable":true,"href":"https:\/\/blogs2.correiobraziliense.com.br\/vicente\/wp-json\/wp\/v2\/categories?post=20863"},{"taxonomy":"post_tag","embeddable":true,"href":"https:\/\/blogs2.correiobraziliense.com.br\/vicente\/wp-json\/wp\/v2\/tags?post=20863"}],"curies":[{"name":"wp","href":"https:\/\/api.w.org\/{rel}","templated":true}]}}