{"id":20925,"date":"2021-09-02T20:31:30","date_gmt":"2021-09-02T23:31:30","guid":{"rendered":"https:\/\/blogs2.correiobraziliense.com.br\/vicente\/?p=20925"},"modified":"2021-09-03T11:48:46","modified_gmt":"2021-09-03T14:48:46","slug":"febraban-compra-briga-com-bolsonaro-e-reafirma-apoio-a-manifesto-em-defesa-da-democracia","status":"publish","type":"post","link":"https:\/\/blogs2.correiobraziliense.com.br\/vicente\/febraban-compra-briga-com-bolsonaro-e-reafirma-apoio-a-manifesto-em-defesa-da-democracia\/","title":{"rendered":"Febraban compra briga com Bolsonaro e reafirma apoio a manifesto em defesa da democracia"},"content":{"rendered":"<h2>ROSANA HESSEL<\/h2>\n<h2><\/h2>\n<h2>Ap\u00f3s o racha interno por conta do manifesto &#8220;A Pra\u00e7a \u00e9 dos Tr\u00eas Poderes&#8221;, que estava sendo preparado pela Federa\u00e7\u00e3o das Ind\u00fastrias de S\u00e3o Paulo (Fiesp), a Federa\u00e7\u00e3o Brasileira de Bancos (Febraban) soltou comunicado na noite desta quinta-feira (02\/09) refor\u00e7ando o apoio da entidade ao documento.<\/h2>\n<p>&nbsp;<\/p>\n<p>O Banco do Brasil e a Caixa Econ\u00f4mica Federal tentaram uma reuni\u00e3o com os demais parceiros da Febraban, para evitar a nota desta quinta-feira. Mas o comando da entidade n\u00e3o aceitou conversar. Prevaleceu a posi\u00e7\u00e3o da maioria formada pelos bancos privados.<\/p>\n<p>&nbsp;<\/p>\n<p>A Febraban \u00e9 enf\u00e1tica ao confirmar &#8220;seu apoio ao conte\u00fado do texto que aprovou, j\u00e1 de amplo conhecimento p\u00fablico, cumprindo, assim, o seu papel ao se juntar aos demais setores produtivos do Brasil num pedido de equil\u00edbrio e serenidade, elementos basilares de uma democracia s\u00f3lida e vigorosa&#8221;.<\/p>\n<p>&nbsp;<\/p>\n<p>Estava certo que o manifesto em favor da democracia liderado pela Fiesp, com a assinatura da Febraban e cerca de 200 entidades empresariais, seria divulgado na ter\u00e7a-feira (31\/08), mas um racha na entidade banc\u00e1ria, provocado pelo Banco do Brasil e pela Caixa, acabou em uma guerra com o governo.<\/p>\n<p>&nbsp;<\/p>\n<p>O BB e a Caixa amea\u00e7aram sair da Febraban se o manifesto fosse publicado. Mas os bancos privados, liderados por Ita\u00fa Unibanco, Bradesco e Santander, peitaram e sustentaram o apoio \u00e0 democracia. O presidente da Fiesp, Paulo Skaf, ficou com medo do governo e recuou sem avisar os demais parceiros no documento.<\/p>\n<p>&nbsp;<\/p>\n<p>Agora, a Febraban decidiu assumir, sozinha, sua posi\u00e7\u00e3o. Est\u00e1 certo que o racha na entidade vai se concretizar, sobretudo por parte da Caixa. Foi o presidente do banco p\u00fablico, Pedro Guimar\u00e3es, que levou ao presidente Bolsonaro e ao ministro da Economia, Paulo Guedes, a exist\u00eancia do manifesto. Eles viram o documento como um ataque ao governo.<\/p>\n<p>&nbsp;<\/p>\n<p style=\"font-weight: 400\"><em><strong>Veja a \u00edntegra da nota da Febraban<\/strong><\/em><\/p>\n<p>&nbsp;<\/p>\n<p style=\"font-weight: 400\"><em>COMUNICADO P\u00daBLICO DA FEBRABAN<\/em><\/p>\n<p style=\"font-weight: 400\"><em>A Federa\u00e7\u00e3o Brasileira de Bancos (Febraban) reafirma o apoio emprestado ao manifesto \u201cA Pra\u00e7a \u00e9 dos Tr\u00eas Poderes\u201d, cuja ades\u00e3o se deu, desde o in\u00edcio, dentro de um contexto plurifederativo de entidades representativas do setor produtivo e cuja \u00fanica finalidade \u00e9 defender a harmonia do ambiente institucional no pa\u00eds.<\/em><\/p>\n<p style=\"font-weight: 400\"><em>A Federa\u00e7\u00e3o das Ind\u00fastrias do Estado de S\u00e3o Paulo (Fiesp) assumiu a coordena\u00e7\u00e3o do processo de coleta de assinaturas e se responsabilizou pela publica\u00e7\u00e3o, conforme e-mail dirigido a mais de 200 entidades no \u00faltimo dia 27 de agosto.<\/em><\/p>\n<p style=\"font-weight: 400\"><em>A Febraban considera que o conte\u00fado do manifesto, aprovado por sua governan\u00e7a pr\u00f3pria, foi amplamente divulgado pela m\u00eddia do pa\u00eds, cumprindo sua finalidade. A Federa\u00e7\u00e3o manifesta respeito pela op\u00e7\u00e3o do Banco do Brasil e da Caixa Econ\u00f4mica Federal, que se posicionaram contrariamente \u00e0 assinatura do manifesto.<\/em><\/p>\n<p style=\"font-weight: 400\"><em>Diante disso, a Febraban avalia que, no seu \u00e2mbito, o assunto est\u00e1 encerrado e com isso n\u00e3o ficar\u00e1 mais vinculada \u00e0s decis\u00f5es da Fiesp, que, sem consultar as demais entidades, resolveu adiar sem data a publica\u00e7\u00e3o do manifesto.<\/em><\/p>\n<p style=\"font-weight: 400\"><em>A Febraban confirma seu apoio ao conte\u00fado do texto que aprovou, j\u00e1 de amplo conhecimento p\u00fablico, cumprindo assim o seu papel ao se juntar aos demais setores produtivos do Brasil num pedido de equil\u00edbrio e serenidade, elementos basilares de uma democracia s\u00f3lida e vigorosa.<\/em><\/p>\n<p style=\"font-weight: 400\"><em><strong>FEBRABAN \u2013 Federa\u00e7\u00e3o Brasileira de Bancos<\/strong><\/em><\/p>\n","protected":false},"excerpt":{"rendered":"<p>ROSANA HESSEL Ap\u00f3s o racha interno por conta do manifesto &#8220;A Pra\u00e7a \u00e9 dos Tr\u00eas Poderes&#8221;, que estava sendo preparado pela Federa\u00e7\u00e3o das Ind\u00fastrias de S\u00e3o Paulo (Fiesp), a Federa\u00e7\u00e3o Brasileira de Bancos (Febraban) soltou comunicado na noite desta quinta-feira (02\/09) refor\u00e7ando o apoio da entidade ao documento. &nbsp; O Banco do Brasil e a [&hellip;]<\/p>\n","protected":false},"author":22,"featured_media":20808,"comment_status":"open","ping_status":"closed","sticky":false,"template":"","format":"standard","meta":{"wpb_read_more":[],"footnotes":""},"categories":[600],"tags":[229,110,81,5747,4314,1349],"class_list":["post-20925","post","type-post","status-publish","format-standard","has-post-thumbnail","hentry","category-economia","tag-banco-do-brasil","tag-caixa","tag-febraban","tag-febraban-compra-briga-com-bolsonaro-e-apoia-manifesto-em-defesa-da-democracia","tag-fiesp","tag-manifesto"],"_links":{"self":[{"href":"https:\/\/blogs2.correiobraziliense.com.br\/vicente\/wp-json\/wp\/v2\/posts\/20925","targetHints":{"allow":["GET"]}}],"collection":[{"href":"https:\/\/blogs2.correiobraziliense.com.br\/vicente\/wp-json\/wp\/v2\/posts"}],"about":[{"href":"https:\/\/blogs2.correiobraziliense.com.br\/vicente\/wp-json\/wp\/v2\/types\/post"}],"author":[{"embeddable":true,"href":"https:\/\/blogs2.correiobraziliense.com.br\/vicente\/wp-json\/wp\/v2\/users\/22"}],"replies":[{"embeddable":true,"href":"https:\/\/blogs2.correiobraziliense.com.br\/vicente\/wp-json\/wp\/v2\/comments?post=20925"}],"version-history":[{"count":15,"href":"https:\/\/blogs2.correiobraziliense.com.br\/vicente\/wp-json\/wp\/v2\/posts\/20925\/revisions"}],"predecessor-version":[{"id":20942,"href":"https:\/\/blogs2.correiobraziliense.com.br\/vicente\/wp-json\/wp\/v2\/posts\/20925\/revisions\/20942"}],"wp:featuredmedia":[{"embeddable":true,"href":"https:\/\/blogs2.correiobraziliense.com.br\/vicente\/wp-json\/wp\/v2\/media\/20808"}],"wp:attachment":[{"href":"https:\/\/blogs2.correiobraziliense.com.br\/vicente\/wp-json\/wp\/v2\/media?parent=20925"}],"wp:term":[{"taxonomy":"category","embeddable":true,"href":"https:\/\/blogs2.correiobraziliense.com.br\/vicente\/wp-json\/wp\/v2\/categories?post=20925"},{"taxonomy":"post_tag","embeddable":true,"href":"https:\/\/blogs2.correiobraziliense.com.br\/vicente\/wp-json\/wp\/v2\/tags?post=20925"}],"curies":[{"name":"wp","href":"https:\/\/api.w.org\/{rel}","templated":true}]}}