{"id":20943,"date":"2021-09-03T09:35:33","date_gmt":"2021-09-03T12:35:33","guid":{"rendered":"https:\/\/blogs2.correiobraziliense.com.br\/vicente\/?p=20943"},"modified":"2021-09-03T12:26:50","modified_gmt":"2021-09-03T15:26:50","slug":"febraban-se-antecipou-a-movimento-de-pedro-guimaraes-com-nove-bancos-para-barrar-manifesto","status":"publish","type":"post","link":"https:\/\/blogs2.correiobraziliense.com.br\/vicente\/febraban-se-antecipou-a-movimento-de-pedro-guimaraes-com-nove-bancos-para-barrar-manifesto\/","title":{"rendered":"Febraban se antecipou a movimento de Pedro Guimar\u00e3es com nove bancos para barrar manifesto"},"content":{"rendered":"<h2>Os bastidores da gerra aberta pelo manifesto em favor da democracia, que foi assinado pela Federa\u00e7\u00e3o Brasileira de Bancos (Febraban), mas embarreirado pelo presidente da Federa\u00e7\u00e3o das Ind\u00fastrias de S\u00e3o Paulo (Fiesp), continuam fervilhando.<\/h2>\n<p>&nbsp;<\/p>\n<p>Agora, soube-se que o presidente da Caixa Econ\u00f4mica Federal, Pedro Guimar\u00e3es, havia conseguido o apoio de nove bancos com direito a votos na diretoria da Febraban para barrar a <a href=\"https:\/\/blogs2.correiobraziliense.com.br\/vicente\/febraban-compra-briga-com-bolsonaro-e-reafirma-apoio-a-manifesto-em-defesa-da-democracia\/\">nota divulgada na quinta-feira (02\/09) \u00e0 noite pela entidade.<\/a><\/p>\n<p>&nbsp;<\/p>\n<p>A diretoria da Febraban, no entanto, se antecipou ao movimento de Guimar\u00e3es e bancou o documento, no qual refor\u00e7ou o seu apoio \u00e0 democracia e ressaltou que, apesar de o manifesto n\u00e3o ter sido liberado oficialmente, o objetivo foi cumprindo, dada \u00e0 enorme repercuss\u00e3o do tema.<\/p>\n<p>&nbsp;<\/p>\n<p>A lista dos nove bancos cooptados pelo presidente da Caixa incluem BTG Pactual, Safra, Inter e BV, este, com participa\u00e7\u00e3o acion\u00e1ria do Banco do Brasil, que tamb\u00e9m se mostrou contr\u00e1rio \u00e0 participa\u00e7\u00e3o da Febraban no manifesto alertando para o risco de ruptura institucional no pa\u00eds.<\/p>\n<p>&nbsp;<\/p>\n<p>Depois de serem derrotados, a Caixa e o Banco do Brasil, que haviam amea\u00e7ado deixar a Febraban, recuaram e permanecer\u00e3o nos quadros da entidade. Os dois bancos p\u00fablicos representam 22% do or\u00e7amento da entidade.<\/p>\n<p>&nbsp;<\/p>\n<p>Dentro do pr\u00f3prio governo, a vis\u00e3o \u00e9 de que o barulho feito pela Caixa e pelo Banco do Brasil foi um tiro no p\u00e9, pois deu muito mais visibilidade ao manifesto que n\u00e3o foi publicado do que se o documento se tornasse p\u00fablico oficialmente. Ficou a impress\u00e3o de inger\u00eancia pol\u00edtica no BB e na Caixa.<\/p>\n<p>&nbsp;<\/p>\n<p>Os maiores bancos privados do pa\u00eds \u2014 Bradesco, Ita\u00fa Unibanco e Santander \u2014 bancaram a posi\u00e7\u00e3o cr\u00edtica em rela\u00e7\u00e3o aos movimentos golpistas do presidente Jair Bolsonaro. As institui\u00e7\u00f5es defendem\u00a0&#8220;equil\u00edbrio e serenidade, elementos basilares de uma democracia s\u00f3lida e vigorosa&#8221;.<\/p>\n<p>&nbsp;<\/p>\n<p><em>Bras\u00edlia, 09h35min<\/em><\/p>\n","protected":false},"excerpt":{"rendered":"<p>Os bastidores da gerra aberta pelo manifesto em favor da democracia, que foi assinado pela Federa\u00e7\u00e3o Brasileira de Bancos (Febraban), mas embarreirado pelo presidente da Federa\u00e7\u00e3o das Ind\u00fastrias de S\u00e3o Paulo (Fiesp), continuam fervilhando. &nbsp; Agora, soube-se que o presidente da Caixa Econ\u00f4mica Federal, Pedro Guimar\u00e3es, havia conseguido o apoio de nove bancos com direito [&hellip;]<\/p>\n","protected":false},"author":22,"featured_media":19647,"comment_status":"open","ping_status":"closed","sticky":false,"template":"","format":"standard","meta":{"wpb_read_more":[],"footnotes":""},"categories":[600],"tags":[589,5748,4943,2787],"class_list":["post-20943","post","type-post","status-publish","format-standard","has-post-thumbnail","hentry","category-economia","tag-economia","tag-febraban-se-antecipou-a-movimento-de-pedro-guimaraes-com-nove-bancos-para-barrar-manifesto","tag-financas","tag-politica"],"_links":{"self":[{"href":"https:\/\/blogs2.correiobraziliense.com.br\/vicente\/wp-json\/wp\/v2\/posts\/20943","targetHints":{"allow":["GET"]}}],"collection":[{"href":"https:\/\/blogs2.correiobraziliense.com.br\/vicente\/wp-json\/wp\/v2\/posts"}],"about":[{"href":"https:\/\/blogs2.correiobraziliense.com.br\/vicente\/wp-json\/wp\/v2\/types\/post"}],"author":[{"embeddable":true,"href":"https:\/\/blogs2.correiobraziliense.com.br\/vicente\/wp-json\/wp\/v2\/users\/22"}],"replies":[{"embeddable":true,"href":"https:\/\/blogs2.correiobraziliense.com.br\/vicente\/wp-json\/wp\/v2\/comments?post=20943"}],"version-history":[{"count":3,"href":"https:\/\/blogs2.correiobraziliense.com.br\/vicente\/wp-json\/wp\/v2\/posts\/20943\/revisions"}],"predecessor-version":[{"id":20949,"href":"https:\/\/blogs2.correiobraziliense.com.br\/vicente\/wp-json\/wp\/v2\/posts\/20943\/revisions\/20949"}],"wp:featuredmedia":[{"embeddable":true,"href":"https:\/\/blogs2.correiobraziliense.com.br\/vicente\/wp-json\/wp\/v2\/media\/19647"}],"wp:attachment":[{"href":"https:\/\/blogs2.correiobraziliense.com.br\/vicente\/wp-json\/wp\/v2\/media?parent=20943"}],"wp:term":[{"taxonomy":"category","embeddable":true,"href":"https:\/\/blogs2.correiobraziliense.com.br\/vicente\/wp-json\/wp\/v2\/categories?post=20943"},{"taxonomy":"post_tag","embeddable":true,"href":"https:\/\/blogs2.correiobraziliense.com.br\/vicente\/wp-json\/wp\/v2\/tags?post=20943"}],"curies":[{"name":"wp","href":"https:\/\/api.w.org\/{rel}","templated":true}]}}