{"id":20981,"date":"2021-09-03T20:05:20","date_gmt":"2021-09-03T23:05:20","guid":{"rendered":"https:\/\/blogs2.correiobraziliense.com.br\/vicente\/?p=20981"},"modified":"2021-09-03T20:14:33","modified_gmt":"2021-09-03T23:14:33","slug":"estudo-da-bmj-preve-cenario-com-baixo-risco-de-ruptura-institucional-em-7-de-setembro","status":"publish","type":"post","link":"https:\/\/blogs2.correiobraziliense.com.br\/vicente\/estudo-da-bmj-preve-cenario-com-baixo-risco-de-ruptura-institucional-em-7-de-setembro\/","title":{"rendered":"Estudo da BMJ prev\u00ea cen\u00e1rio com baixo risco de ruptura institucional em 7 de Setembro"},"content":{"rendered":"<h2>ROSANA HESSEL<\/h2>\n<h2><\/h2>\n<h2>O clima de tens\u00e3o toma conta de Bras\u00edlia, enquanto se aproxima o feriado de 7 de Setembro, porque o presidente Jair Bolsonaro intensificou as cr\u00edticas ao Poder Judici\u00e1rio, visto por ele como um dos principais articuladores pela queda\u00a0da proposta ap\u00f3s a derrota do voto impresso.\u00a0De acordo com um levantamento sobre as manifesta\u00e7\u00f5es feito pela BMJ Consultores Associados, no entanto, o risco de ruptura institucional \u00e9 baixo, porque n\u00e3o dever\u00e1 haver insurg\u00eancias nas Pol\u00edcias Militares.<\/h2>\n<p>&nbsp;<\/p>\n<p>As manifesta\u00e7\u00f5es\u00a0representar\u00e3o a escalada das narrativas do Presidente e tendem a aumentar o conflito entre as demais institui\u00e7\u00f5es, segundo a consultoria.\u00a0A entidade aposta como mais prov\u00e1vel um cen\u00e1rio com pouco ou nenhum sinal de viol\u00eancia. &#8220;Pelo que conseguimos sondar a chance de insurg\u00eancias relevantes nas PMs s\u00e3o baixas&#8221;, destacou Lucas Fernandes, coordenador de an\u00e1lise pol\u00edtica da BMJ, em entrevista ao <strong>Blog<\/strong>.<\/p>\n<p>&nbsp;<\/p>\n<p>Apesar de o presidente continuar convocando os apoiadores para irem \u00e0s ruas no 7 de Setembro e at\u00e9 amea\u00e7ar <a href=\"\/\/www.correiobraziliense.com.br\/politica\/2021\/09\/4947516-na-bahia-bolsonaro-diz-que-podera-jogar-fora-das-quatro-linhas-da-constituicao.html\">&#8220;sair das quatro linhas&#8221;<\/a>,\u00a0 Fernandes avaliou que a declara\u00e7\u00e3o &#8220;foi mais pra engajar a participa\u00e7\u00e3o na manifesta\u00e7\u00e3o&#8221;.\u00a0&#8220;Bolsonaro dificilmente deve arrefecer o tom do discurso nos pr\u00f3ximos dias pra manter essa base ideol\u00f3gica mais ativa. Com\u00a0as circunst\u00e2ncias atuais, a interven\u00e7\u00e3o militar segue sendo uma probabilidade mais remota e ele teria muita dificuldade em conseguir se manter no poder se jogasse essa cartada&#8221;, acrescentou.<\/p>\n<p>&nbsp;<\/p>\n<p>Conforme os dados do estudo da BMJ, a base do governo estima que as principais ades\u00f5es ir\u00e3o acontecer nas maiores capitais brasileiras. Bolsonaro j\u00e1 confirmou que ir\u00e1 participar em, ao menos,\u00a0duas manifesta\u00e7\u00f5es, em S\u00e3o Paulo e Bras\u00edlia.\u00a0 &#8220;Com a tend\u00eancia de manifesta\u00e7\u00f5es bastante robustas, o governo pretende utilizar as manifesta\u00e7\u00f5es para\u00a0refor\u00e7ar que o presidente Bolsonaro ainda \u00e9 uma figura popular e refor\u00e7ar sua for\u00e7a nas ruas para pressionar e intimidar os demais Poderes&#8221;, informou o documento de 24 p\u00e1ginas, que considera baixo o risco de ruptura institucional.<\/p>\n<p>&nbsp;<\/p>\n<p>De acordo com a consultoria, a oposi\u00e7\u00e3o ainda n\u00e3o tem um consenso sobre sua estrat\u00e9gia para o 7 de setembro. &#8220;Alguns segmentos defendem ocupar<br \/>\nas ruas no mesmo dia, mas a expectativa \u00e9 de que a maioria dos partidos posterguem as mobiliza\u00e7\u00f5es. A estrat\u00e9gia seria\u00a0uma oportunidade para evitar tanto o confronto com os grupos de apoio do governo Bolsonaro, mas tamb\u00e9m para evitar\u00a0a imagem de que as manifesta\u00e7\u00f5es da oposi\u00e7\u00e3o estava enfraquecida&#8221;, destacou o texto.<\/p>\n<p>&nbsp;<\/p>\n<p>Veja abaixo os tr\u00eas cen\u00e1rios previstos pela BMJ, que considera o primeiro como mais prov\u00e1vel:<\/p>\n<p>&nbsp;<\/p>\n<p><em><strong>Cen\u00e1rio 1 &#8211;\u00a0Manifesta\u00e7\u00f5es com p\u00fablico elevado.\u00a0Pouco ou nenhum registro de viol\u00eancia<\/strong><\/em><\/p>\n<p><em>Este cen\u00e1rio seria o mais favor\u00e1vel para\u00a0Bolsonaro e tamb\u00e9m do ponto de vista\u00a0institucional. Os protestos renderiam\u00a0imagens fortes para Bolsonaro refor\u00e7ar a\u00a0narrativa de que \u00e9 um Presidente\u00a0popular e teria insumos para manter sua\u00a0estrat\u00e9gia de interlocu\u00e7\u00e3o com o\u00a0Congresso e o Judici\u00e1rio. A aus\u00eancia de<\/em><br \/>\n<em>viol\u00eancia contribuiria para uma\u00a0diminui\u00e7\u00e3o do temor sobre uma ruptura\u00a0institucional e precificar o discurso mais\u00a0radicalizado que deve persistir.<\/em><\/p>\n<p><em><strong>Cen\u00e1rio 2 &#8211;\u00a0Manifesta\u00e7\u00f5es com p\u00fablico elevado.\u00a0Registros pontuais de viol\u00eancia, mas\u00a0For\u00e7as Policiais mant\u00e9m a disciplina.<\/strong><\/em><\/p>\n<p><em>A conten\u00e7\u00e3o dos focos de viol\u00eancia\u00a0fortaleceriam a independ\u00eancia das\u00a0institui\u00e7\u00f5es e os impactos negativos\u00a0tendem a ser transferidos\u00a0majoritariamente para Bolsonaro. Neste\u00a0cen\u00e1rio, o Presidente sairia enfraquecido\u00a0por n\u00e3o conseguir levar sua narrativa \u00e0s\u00a0\u00faltimas inst\u00e2ncias e teria menor poder\u00a0de barganha. A autoriza\u00e7\u00e3o judicial para\u00a0que movimentos de oposi\u00e7\u00e3o possam ir\u00a0as ruas no feriado aumenta esse risco.<\/em><\/p>\n<p><em><strong>Cen\u00e1rio 3 &#8211;\u00a0Manifesta\u00e7\u00f5es com p\u00fablico elevado.\u00a0Muitos registros de viol\u00eancia, insurg\u00eancia\u00a0de PMs<\/strong><\/em><\/p>\n<p><em>Este \u00e9 o cen\u00e1rio mais improv\u00e1vel e\u00a0tamb\u00e9m o mais adverso, j\u00e1 que poderia\u00a0resultar na ruptura institucional. A\u00a0dificuldade na conten\u00e7\u00e3o da viol\u00eancia\u00a0poderia motivar interpreta\u00e7\u00f5es\u00a0controversas sobre a aplica\u00e7\u00e3o do artigo\u00a0142 da Constitui\u00e7\u00e3o que prev\u00ea a\u00a0interven\u00e7\u00e3o das For\u00e7as Armadas. A\u00a0tend\u00eancia \u00e9 de que a eventual\u00a0interven\u00e7\u00e3o n\u00e3o conseguiria se sustentar\u00a0por muito tempo e provocaria respostas\u00a0mais firmes do Legislativo e o Judici\u00e1rio.<\/em><\/p>\n","protected":false},"excerpt":{"rendered":"<p>ROSANA HESSEL O clima de tens\u00e3o toma conta de Bras\u00edlia, enquanto se aproxima o feriado de 7 de Setembro, porque o presidente Jair Bolsonaro intensificou as cr\u00edticas ao Poder Judici\u00e1rio, visto por ele como um dos principais articuladores pela queda\u00a0da proposta ap\u00f3s a derrota do voto impresso.\u00a0De acordo com um levantamento sobre as manifesta\u00e7\u00f5es feito [&hellip;]<\/p>\n","protected":false},"author":22,"featured_media":14408,"comment_status":"open","ping_status":"closed","sticky":false,"template":"","format":"standard","meta":{"wpb_read_more":[],"footnotes":""},"categories":[600],"tags":[5717,5753,2554,370],"class_list":["post-20981","post","type-post","status-publish","format-standard","has-post-thumbnail","hentry","category-economia","tag-7-de-setembro","tag-bmj-consultores-associados","tag-bolsonaro","tag-manifestacoes"],"_links":{"self":[{"href":"https:\/\/blogs2.correiobraziliense.com.br\/vicente\/wp-json\/wp\/v2\/posts\/20981","targetHints":{"allow":["GET"]}}],"collection":[{"href":"https:\/\/blogs2.correiobraziliense.com.br\/vicente\/wp-json\/wp\/v2\/posts"}],"about":[{"href":"https:\/\/blogs2.correiobraziliense.com.br\/vicente\/wp-json\/wp\/v2\/types\/post"}],"author":[{"embeddable":true,"href":"https:\/\/blogs2.correiobraziliense.com.br\/vicente\/wp-json\/wp\/v2\/users\/22"}],"replies":[{"embeddable":true,"href":"https:\/\/blogs2.correiobraziliense.com.br\/vicente\/wp-json\/wp\/v2\/comments?post=20981"}],"version-history":[{"count":4,"href":"https:\/\/blogs2.correiobraziliense.com.br\/vicente\/wp-json\/wp\/v2\/posts\/20981\/revisions"}],"predecessor-version":[{"id":20985,"href":"https:\/\/blogs2.correiobraziliense.com.br\/vicente\/wp-json\/wp\/v2\/posts\/20981\/revisions\/20985"}],"wp:featuredmedia":[{"embeddable":true,"href":"https:\/\/blogs2.correiobraziliense.com.br\/vicente\/wp-json\/wp\/v2\/media\/14408"}],"wp:attachment":[{"href":"https:\/\/blogs2.correiobraziliense.com.br\/vicente\/wp-json\/wp\/v2\/media?parent=20981"}],"wp:term":[{"taxonomy":"category","embeddable":true,"href":"https:\/\/blogs2.correiobraziliense.com.br\/vicente\/wp-json\/wp\/v2\/categories?post=20981"},{"taxonomy":"post_tag","embeddable":true,"href":"https:\/\/blogs2.correiobraziliense.com.br\/vicente\/wp-json\/wp\/v2\/tags?post=20981"}],"curies":[{"name":"wp","href":"https:\/\/api.w.org\/{rel}","templated":true}]}}