{"id":21005,"date":"2021-09-06T17:44:43","date_gmt":"2021-09-06T20:44:43","guid":{"rendered":"https:\/\/blogs2.correiobraziliense.com.br\/vicente\/?p=21005"},"modified":"2021-09-06T17:44:56","modified_gmt":"2021-09-06T20:44:56","slug":"pesquisa-da-modalmais-indica-perda-de-forca-nas-chances-de-ruptura-em-7-de-setembro","status":"publish","type":"post","link":"https:\/\/blogs2.correiobraziliense.com.br\/vicente\/pesquisa-da-modalmais-indica-perda-de-forca-nas-chances-de-ruptura-em-7-de-setembro\/","title":{"rendered":"Pesquisa da Modalmais indica perda de for\u00e7a nas chances de ruptura em 7 de Setembro"},"content":{"rendered":"<h2>ROSANA HESSEL<\/h2>\n<h2>A possibilidade de ruptura democr\u00e1tica perdeu for\u00e7a nas conversa\u00e7\u00f5es sobre os protestos do dia 7 de Setembro, conforme pesquisa encomendada pelo banco digital Modalmais \u00e0 empresa de pesquisas AP Exata. O levantamento indica redu\u00e7\u00e3o da mobiliza\u00e7\u00e3o nas redes sociais em rela\u00e7\u00e3o aos atos governistas anteriores.<\/h2>\n<h2><\/h2>\n<p>De acordo com a pesquisa da AP Exata divulgado nesta segunda-feira (06\/09), houve &#8220;um claro afastamento&#8221; da ideia de que as For\u00e7as Armadas poderiam corroborar uma radicaliza\u00e7\u00e3o institucional liderada por Jair Bolsonaro (sem partido).\u00a0Por outro lado, cresceram as men\u00e7\u00f5es \u00e0 Pol\u00edcia Militar.<\/p>\n<p>&nbsp;<\/p>\n<p>Com o afastamento das For\u00e7as Armadas das narrativas de radicaliza\u00e7\u00e3o, bolsonaristas se voltaram para as PMs, como for\u00e7a armada que identificam como apoiadoras dos protestos, informou o documento. &#8220;No entanto, n\u00e3o encontramos nas redes movimentos coordenados de insubordina\u00e7\u00e3o das PMs, apesar de haver men\u00e7\u00f5es pontuais de apoio ao governo&#8221;, destacou.<\/p>\n<p>&nbsp;<\/p>\n<p>&#8220;As manifesta\u00e7\u00f5es se tornaram essencialmente bolsonaristas, diferentemente do que ocorreu no caso da Proposta de Emenda \u00e0 Constitui\u00e7\u00e3o (PEC) do voto impresso, quando o assunto pautou a sociedade e ultrapassou a bolha de militantes formada em torno do PR, com a defesa de mais transpar\u00eancia no sistema eleitoral. No caso do 7 de Setembro, o movimento se tornou de apoio \u00e0 recandidatura do presidente da Rep\u00fablica. Estar\u00e3o nas ruas eleitores convictos de Jair Bolsonaro&#8221;, destacou a pesquisa.<\/p>\n<p>&nbsp;<\/p>\n<p>&nbsp;<\/p>\n<p><strong>Recuo dos evang\u00e9licos<\/strong><\/p>\n<p>&nbsp;<\/p>\n<p>&#8220;Os atos n\u00e3o encontraram forma de angariar novos adeptos. O engajamento em torno de temas evang\u00e9licos reduziu na v\u00e9spera do protesto&#8221;, acrescentou,\u00a0\u00a0A pesquisa ainda informou que o \u00e1pice do envolvimento das igrejas se deu na \u00faltima semana, com uma a\u00e7\u00e3o bastante efusiva e coordenada de pastores, convocando os fi\u00e9is a irem \u00e0s ruas.<\/p>\n<p>&nbsp;<\/p>\n<p>&#8220;Os caminhoneiros n\u00e3o apoiam as manifesta\u00e7\u00f5es, enquanto categoria. O que vemos nas redes s\u00e3o manifesta\u00e7\u00f5es de profissionais do setor, que falam de forma isolada. N\u00e3o h\u00e1 uma unidade entre os caminhoneiros em torno dos atos&#8221;,\u00a0 destacou. &#8220;Alguns acreditam que apoiar os protestos \u00e9 concordar com a pol\u00edtica de combust\u00edveis que afeta a categoria e, por isso, evitam o envolvimento pol\u00edtico. H\u00e1 uma percep\u00e7\u00e3o das redes de que o PR consegue mobilizar a sua base de apoio. Mas o fato de os protestos lotarem ou n\u00e3o as ruas n\u00e3o dever\u00e1 alterar o cen\u00e1rio pol\u00edtico do pa\u00eds&#8221;, complementou.<\/p>\n<p>&nbsp;<\/p>\n<p>De acordo com a pesquisa, h\u00e1 uma percep\u00e7\u00e3o das redes de que o Bolsonaro consegue mobilizar apenas a base de apoio, mas o fato de os protestos lotarem ou n\u00e3o as ruas n\u00e3o dever\u00e1 alterar o cen\u00e1rio pol\u00edtico do pa\u00eds.<\/p>\n<p>&nbsp;<\/p>\n<p>A pesquisa sobre manifesta\u00e7\u00f5es de 7 de Setembro comparou as mobiliza\u00e7\u00f5es nas redes nas v\u00e9speras dos protestos de 14 de mar\u00e7o de 2021, contra medidas restritivas, e aos atos do dia 1\u00ba de agosto de 2021, a favor do voto impresso.\u00a0A amostra cont\u00e9m 1,2 milh\u00e3o de tweets, publicados durante sete dias, at\u00e9 a v\u00e9spera dos respectivos protestos.\u00a0A coleta foi feita considerando posts publicados em 145 cidades, de todos os estados.<\/p>\n<p>&nbsp;<\/p>\n","protected":false},"excerpt":{"rendered":"<p>ROSANA HESSEL A possibilidade de ruptura democr\u00e1tica perdeu for\u00e7a nas conversa\u00e7\u00f5es sobre os protestos do dia 7 de Setembro, conforme pesquisa encomendada pelo banco digital Modalmais \u00e0 empresa de pesquisas AP Exata. O levantamento indica redu\u00e7\u00e3o da mobiliza\u00e7\u00e3o nas redes sociais em rela\u00e7\u00e3o aos atos governistas anteriores. De acordo com a pesquisa da AP Exata [&hellip;]<\/p>\n","protected":false},"author":22,"featured_media":10126,"comment_status":"open","ping_status":"closed","sticky":false,"template":"","format":"standard","meta":{"wpb_read_more":[],"footnotes":""},"categories":[600],"tags":[5717,5758,2746,1592,370,5709,465,4664],"class_list":["post-21005","post","type-post","status-publish","format-standard","has-post-thumbnail","hentry","category-economia","tag-7-de-setembro","tag-ap-exata","tag-evangelicos","tag-forcas-armadas","tag-manifestacoes","tag-modalmais","tag-pesquisa","tag-pms"],"_links":{"self":[{"href":"https:\/\/blogs2.correiobraziliense.com.br\/vicente\/wp-json\/wp\/v2\/posts\/21005","targetHints":{"allow":["GET"]}}],"collection":[{"href":"https:\/\/blogs2.correiobraziliense.com.br\/vicente\/wp-json\/wp\/v2\/posts"}],"about":[{"href":"https:\/\/blogs2.correiobraziliense.com.br\/vicente\/wp-json\/wp\/v2\/types\/post"}],"author":[{"embeddable":true,"href":"https:\/\/blogs2.correiobraziliense.com.br\/vicente\/wp-json\/wp\/v2\/users\/22"}],"replies":[{"embeddable":true,"href":"https:\/\/blogs2.correiobraziliense.com.br\/vicente\/wp-json\/wp\/v2\/comments?post=21005"}],"version-history":[{"count":3,"href":"https:\/\/blogs2.correiobraziliense.com.br\/vicente\/wp-json\/wp\/v2\/posts\/21005\/revisions"}],"predecessor-version":[{"id":21008,"href":"https:\/\/blogs2.correiobraziliense.com.br\/vicente\/wp-json\/wp\/v2\/posts\/21005\/revisions\/21008"}],"wp:featuredmedia":[{"embeddable":true,"href":"https:\/\/blogs2.correiobraziliense.com.br\/vicente\/wp-json\/wp\/v2\/media\/10126"}],"wp:attachment":[{"href":"https:\/\/blogs2.correiobraziliense.com.br\/vicente\/wp-json\/wp\/v2\/media?parent=21005"}],"wp:term":[{"taxonomy":"category","embeddable":true,"href":"https:\/\/blogs2.correiobraziliense.com.br\/vicente\/wp-json\/wp\/v2\/categories?post=21005"},{"taxonomy":"post_tag","embeddable":true,"href":"https:\/\/blogs2.correiobraziliense.com.br\/vicente\/wp-json\/wp\/v2\/tags?post=21005"}],"curies":[{"name":"wp","href":"https:\/\/api.w.org\/{rel}","templated":true}]}}