{"id":21012,"date":"2021-09-07T16:12:19","date_gmt":"2021-09-07T19:12:19","guid":{"rendered":"https:\/\/blogs2.correiobraziliense.com.br\/vicente\/?p=21012"},"modified":"2021-09-07T16:40:23","modified_gmt":"2021-09-07T19:40:23","slug":"acuado-e-cheio-de-rancor-bolsonaro-esta-cada-vez-menor","status":"publish","type":"post","link":"https:\/\/blogs2.correiobraziliense.com.br\/vicente\/acuado-e-cheio-de-rancor-bolsonaro-esta-cada-vez-menor\/","title":{"rendered":"Acuado e cheio de rancor, Bolsonaro est\u00e1 cada vez menor"},"content":{"rendered":"<h2>O presidente Jair Bolsonaro estava certo de que veria movimentos retumbantes nas ruas a seu favor neste Sete de Setembro. Mas o que se viu, tanto em Bras\u00edlia, quanto em S\u00e3o Paulo, foi um pol\u00edtico que n\u00e3o desce do palanque e s\u00f3 fala para convertidos. Os p\u00fablicos nas duas manifesta\u00e7\u00f5es ficaram aqu\u00e9m do previsto e o presidente se mostrou repetitivo. \u00c9 o mesmo discurso h\u00e1 dois meses.<\/h2>\n<p>&nbsp;<\/p>\n<p>N\u00e3o h\u00e1 d\u00favidas de que Bolsonaro est\u00e1 cada vez menor. Diante de toda as sua incompet\u00eancia para lidar com o Brasil real, de infla\u00e7\u00e3o alta, desemprego recorde e risco de racionamento de energia, centra fogo contra o Judici\u00e1rio, a ponto de dizer que n\u00e3o cumprir\u00e1 nenhuma decis\u00e3o do ministro Alexandre de Moraes, do Supremo Tribunal Federal (STF).<\/p>\n<p>&nbsp;<\/p>\n<p>Bolsonaro, desesperado, s\u00f3 pensa em dar um golpe. \u00c9 a \u00fanica maneira de continuar no poder. Neste Sete de Setembro, repetiu que s\u00f3 deixa o comando do pa\u00eds &#8220;preso, morto ou com vit\u00f3ria&#8221;. S\u00e3o palavras que mant\u00eam sua leva de apoiadores acesa. O presidente corre o s\u00e9rio risco de ser considerado ineleg\u00edvel pelo Tribunal Superior Eleitoral (TSE). E t\u00eam rejei\u00e7\u00e3o pr\u00f3xima de 70%.<\/p>\n<p>&nbsp;<\/p>\n<p>Incompetente na arte da articula\u00e7\u00e3o pol\u00edtica, Bolsonaro s\u00f3 consegue se sustentar na base do tensionamento entre os Poderes, no radicalismo. Para piorar, o presidente n\u00e3o trabalha. Basta olhar a agenda dele. E o pouco que faz \u00e9 no sentido de proteger seus filhos, todos enrolados com a Justi\u00e7a, e seus aliados. N\u00e3o por acaso, editou uma Medida Provis\u00f3ria que impede a retirada de not\u00edcias falsas das redes sociais.<\/p>\n<p>&nbsp;<\/p>\n<p>Se Bolsonaro j\u00e1 tinha metido os p\u00e9s pelas m\u00e3os, agora, ver\u00e1 seu governo inviabilizado de vez. Em tudo o que depender do Congresso e do Judici\u00e1rio, ser\u00e1 derrotado. P\u00e9ssimo para a popula\u00e7\u00e3o, que ver\u00e1 a economia afundar de vez, com o pa\u00eds correndo o risco de mergulhar novamente na recess\u00e3o.<\/p>\n<p>&nbsp;<\/p>\n<p>Bolsonaro n\u00e3o tem mais apoio de nenhum grupo relevante. Nem do mercado financeiro, nem de banqueiros, nem de empres\u00e1rios relevantes, nem do agroneg\u00f3cio exportador. Mas \u00e9 preciso admitir: isolado, o presidente \u00e9 um perigo para a democracia. Todos os sinais de alerta devem ficar ligados.<\/p>\n<p>&nbsp;<\/p>\n<p><em>Bras\u00edlia, 16h12min<\/em><\/p>\n","protected":false},"excerpt":{"rendered":"<p>O presidente Jair Bolsonaro estava certo de que veria movimentos retumbantes nas ruas a seu favor neste Sete de Setembro. Mas o que se viu, tanto em Bras\u00edlia, quanto em S\u00e3o Paulo, foi um pol\u00edtico que n\u00e3o desce do palanque e s\u00f3 fala para convertidos. Os p\u00fablicos nas duas manifesta\u00e7\u00f5es ficaram aqu\u00e9m do previsto e [&hellip;]<\/p>\n","protected":false},"author":22,"featured_media":21013,"comment_status":"open","ping_status":"closed","sticky":false,"template":"","format":"standard","meta":{"wpb_read_more":[],"footnotes":""},"categories":[600],"tags":[5759,5760,926,2526,2787],"class_list":["post-21012","post","type-post","status-publish","format-standard","has-post-thumbnail","hentry","category-economia","tag-acuado-e-cheio-de-rancor","tag-bolsonaro-esta-cada-vez-menor","tag-brasilia","tag-poder","tag-politica"],"_links":{"self":[{"href":"https:\/\/blogs2.correiobraziliense.com.br\/vicente\/wp-json\/wp\/v2\/posts\/21012","targetHints":{"allow":["GET"]}}],"collection":[{"href":"https:\/\/blogs2.correiobraziliense.com.br\/vicente\/wp-json\/wp\/v2\/posts"}],"about":[{"href":"https:\/\/blogs2.correiobraziliense.com.br\/vicente\/wp-json\/wp\/v2\/types\/post"}],"author":[{"embeddable":true,"href":"https:\/\/blogs2.correiobraziliense.com.br\/vicente\/wp-json\/wp\/v2\/users\/22"}],"replies":[{"embeddable":true,"href":"https:\/\/blogs2.correiobraziliense.com.br\/vicente\/wp-json\/wp\/v2\/comments?post=21012"}],"version-history":[{"count":1,"href":"https:\/\/blogs2.correiobraziliense.com.br\/vicente\/wp-json\/wp\/v2\/posts\/21012\/revisions"}],"predecessor-version":[{"id":21014,"href":"https:\/\/blogs2.correiobraziliense.com.br\/vicente\/wp-json\/wp\/v2\/posts\/21012\/revisions\/21014"}],"wp:featuredmedia":[{"embeddable":true,"href":"https:\/\/blogs2.correiobraziliense.com.br\/vicente\/wp-json\/wp\/v2\/media\/21013"}],"wp:attachment":[{"href":"https:\/\/blogs2.correiobraziliense.com.br\/vicente\/wp-json\/wp\/v2\/media?parent=21012"}],"wp:term":[{"taxonomy":"category","embeddable":true,"href":"https:\/\/blogs2.correiobraziliense.com.br\/vicente\/wp-json\/wp\/v2\/categories?post=21012"},{"taxonomy":"post_tag","embeddable":true,"href":"https:\/\/blogs2.correiobraziliense.com.br\/vicente\/wp-json\/wp\/v2\/tags?post=21012"}],"curies":[{"name":"wp","href":"https:\/\/api.w.org\/{rel}","templated":true}]}}