{"id":21019,"date":"2021-09-08T10:40:46","date_gmt":"2021-09-08T13:40:46","guid":{"rendered":"https:\/\/blogs2.correiobraziliense.com.br\/vicente\/?p=21019"},"modified":"2021-09-08T13:38:28","modified_gmt":"2021-09-08T16:38:28","slug":"bolsa-reage-mal-as-declaracoes-de-bolsonaro-e-abre-no-vermelho","status":"publish","type":"post","link":"https:\/\/blogs2.correiobraziliense.com.br\/vicente\/bolsa-reage-mal-as-declaracoes-de-bolsonaro-e-abre-no-vermelho\/","title":{"rendered":"Bolsa reage mal \u00e0s declara\u00e7\u00f5es de Bolsonaro e abre no vermelho"},"content":{"rendered":"<h2>ROSANA HESSEL<\/h2>\n<h2><\/h2>\n<h2>O mercado financeiro n\u00e3o gostou do que viu nas ruas das capitais brasileiras e do que ouviu do presidente Jair Bolsonaro (sem partido) no feriado de 7 de setembro e caia mais de 1,5% em menos de 20 minutos de preg\u00e3o nesta quarta-feira (8\/9). D\u00f3lar volta a subir frente ao real e volta a fica acima de R$ 5,30.<\/h2>\n<p>&nbsp;<\/p>\n<p>\u00c0s 10h15, o \u00cdndice Bovespa (IBovespa), principal indicador da Bolsa de Valores de S\u00e3o Paulo (B3), estava em 116.063, com queda de 1,54% na compara\u00e7\u00e3o com o fechamento de segunda-feira (6). Ap\u00f3s esse piso, a B3 tentou reagir positivamente, e chegou a subir para 116.434, mas n\u00e3o conseguiu manter o ritmo de subida e passa a oscilar. Pouco depois das 11h, o IBovespa j\u00e1 desabava 1,78%, a 115.766 pontos, com os pap\u00e9is da Eztec e da Via liderando as perdas. Por volta das 11h30, a queda j\u00e1 superava 2%.<\/p>\n<p>&nbsp;<\/p>\n<p>Esse mau humor coincide com not\u00edcias nada positivas do mercado internacional, que indicam desacelera\u00e7\u00e3o da China e de pa\u00edses asi\u00e1ticos devido aos novos surtos da covid-19 e os gargalos log\u00edsticos que travam a produ\u00e7\u00e3o das f\u00e1bricas.<\/p>\n<p>&nbsp;<\/p>\n<p>De acordo com o economista Sim\u00e3o Silber, professor doutor da Universidade de S\u00e3o Paulo (USP),\u00a0 a queda na B3 na manh\u00e3 de hoje reflete a preocupa\u00e7\u00e3o do mercado financeiro com as declara\u00e7\u00f5es de Bolsonaro e seus impactos e tamb\u00e9m com o aumento dos riscos de desacelera\u00e7\u00e3o global.<\/p>\n<p>&nbsp;<\/p>\n<p>Jos\u00e9 Marcio Camargo, economista-chefe da Genial Investimentos, apontou o discurso de Bolsonaro como principal motivo para essa nova queda da B3 e a valoriza\u00e7\u00e3o do d\u00f3lar. &#8220;Acho que \u00e9 reflexo do aumento da incerteza gerada pelas declara\u00e7\u00f5es do presidente. Neste ambiente, fica cada vez mais dif\u00edcil aprovar as reformas econ\u00f4micas e evitar mais desvaloriza\u00e7\u00e3o do real. Este \u00e9 o problema&#8221;, alertou.<\/p>\n<p>&nbsp;<\/p>\n<p>Os discursos do chefe do Executivo em Bras\u00edlia e em S\u00e3o Paulo\u00a0 afrontaram os demais poderes e especialistas apontam v\u00e1rios crimes de responsabilidade, c<a href=\"https:\/\/blogs2.correiobraziliense.com.br\/denise\/stf-reage-psdb-sai-do-muro-e-aras-abre-o-olho\/\">om partidos de centro, como o PSDB, descendo do muro e avaliando um novo pedido de impeachment do presidente.<\/a><\/p>\n<p>&nbsp;<\/p>\n<p>A incerteza tamb\u00e9m est\u00e1 se refletindo nos t\u00edtulos p\u00fablicos. No Tesouro Direto, por exemplo, os t\u00edtulos prefixados com vencimento em 2026 voltaram a ficar acima de dois d\u00edgitos e est\u00e3o sendo negociados com taxa anual de 10,25% hoje.<\/p>\n<p>&nbsp;<\/p>\n<p><a href=\"https:\/\/www.correiobraziliense.com.br\/politica\/2021\/09\/4948272-ataques-de-bolsonaro-aumentam-tensao-institucional-ministros-prometem-resposta.html\">A expectativa hoje \u00e9 grande em rela\u00e7\u00e3o dos demais poderes sobre os eventos de 7 de Setembro.<\/a> Ontem, o presidente do Congresso Nacional e do Senado Federal, Rodrigo Pacheco (DEM-MG), suspendeu as sess\u00f5es do plen\u00e1rio e das comiss\u00f5es da Casa.\u00a0 Contudo a assessoria do Senado, hoje, informou que\u00a0\u00a0presidente da Comiss\u00e3o Tempor\u00e1ria Covid-19, o senador Conf\u00facio Moura, manteve a reuni\u00e3o da Comiss\u00e3o para ouvir o ministro da Sa\u00fade, Marcelo Queiroga, na tarde de hoje, apenas por videoconfer\u00eancia.\u00a0O presidente do Supremo Tribunal Federal (STF), Luiz Fux, dever\u00e1 fazer um pronunciamento hoje durante a abertura da sess\u00e3o da Corte. O mercado tamb\u00e9m espera um pronunciamento do\u00a0presidente da C\u00e2mara dos Deputados, Arthur Lira (PP-AL), sobre os eventos de ontem.<\/p>\n","protected":false},"excerpt":{"rendered":"<p>ROSANA HESSEL O mercado financeiro n\u00e3o gostou do que viu nas ruas das capitais brasileiras e do que ouviu do presidente Jair Bolsonaro (sem partido) no feriado de 7 de setembro e caia mais de 1,5% em menos de 20 minutos de preg\u00e3o nesta quarta-feira (8\/9). D\u00f3lar volta a subir frente ao real e volta [&hellip;]<\/p>\n","protected":false},"author":22,"featured_media":19927,"comment_status":"open","ping_status":"closed","sticky":false,"template":"","format":"standard","meta":{"wpb_read_more":[],"footnotes":""},"categories":[600],"tags":[2740,991,343,3053,2922,5763,2254],"class_list":["post-21019","post","type-post","status-publish","format-standard","has-post-thumbnail","hentry","category-economia","tag-b3","tag-bolsa-de-valores","tag-dolar","tag-ibovespa","tag-jair-bolsonaro","tag-mau-humor","tag-mercados"],"_links":{"self":[{"href":"https:\/\/blogs2.correiobraziliense.com.br\/vicente\/wp-json\/wp\/v2\/posts\/21019","targetHints":{"allow":["GET"]}}],"collection":[{"href":"https:\/\/blogs2.correiobraziliense.com.br\/vicente\/wp-json\/wp\/v2\/posts"}],"about":[{"href":"https:\/\/blogs2.correiobraziliense.com.br\/vicente\/wp-json\/wp\/v2\/types\/post"}],"author":[{"embeddable":true,"href":"https:\/\/blogs2.correiobraziliense.com.br\/vicente\/wp-json\/wp\/v2\/users\/22"}],"replies":[{"embeddable":true,"href":"https:\/\/blogs2.correiobraziliense.com.br\/vicente\/wp-json\/wp\/v2\/comments?post=21019"}],"version-history":[{"count":14,"href":"https:\/\/blogs2.correiobraziliense.com.br\/vicente\/wp-json\/wp\/v2\/posts\/21019\/revisions"}],"predecessor-version":[{"id":21037,"href":"https:\/\/blogs2.correiobraziliense.com.br\/vicente\/wp-json\/wp\/v2\/posts\/21019\/revisions\/21037"}],"wp:featuredmedia":[{"embeddable":true,"href":"https:\/\/blogs2.correiobraziliense.com.br\/vicente\/wp-json\/wp\/v2\/media\/19927"}],"wp:attachment":[{"href":"https:\/\/blogs2.correiobraziliense.com.br\/vicente\/wp-json\/wp\/v2\/media?parent=21019"}],"wp:term":[{"taxonomy":"category","embeddable":true,"href":"https:\/\/blogs2.correiobraziliense.com.br\/vicente\/wp-json\/wp\/v2\/categories?post=21019"},{"taxonomy":"post_tag","embeddable":true,"href":"https:\/\/blogs2.correiobraziliense.com.br\/vicente\/wp-json\/wp\/v2\/tags?post=21019"}],"curies":[{"name":"wp","href":"https:\/\/api.w.org\/{rel}","templated":true}]}}