{"id":21033,"date":"2021-09-08T13:21:20","date_gmt":"2021-09-08T16:21:20","guid":{"rendered":"https:\/\/blogs2.correiobraziliense.com.br\/vicente\/?p=21033"},"modified":"2021-09-08T16:34:25","modified_gmt":"2021-09-08T19:34:25","slug":"oit-recuperacao-do-mercado-de-trabalho-na-america-latina-e-insuficiente-e-desigual","status":"publish","type":"post","link":"https:\/\/blogs2.correiobraziliense.com.br\/vicente\/oit-recuperacao-do-mercado-de-trabalho-na-america-latina-e-insuficiente-e-desigual\/","title":{"rendered":"OIT: Recupera\u00e7\u00e3o do mercado de trabalho na Am\u00e9rica Latina \u00e9 insuficiente e desigual"},"content":{"rendered":"<h2>ROSANA HESSEL<\/h2>\n<h2><\/h2>\n<h2>A crise provocada pela pandemia da covid-19 afetou o mercado de trabalho latino-americano de forma mais acentuada do que no resto do mundo e a recupera\u00e7\u00e3o ainda \u00e9 &#8220;insuficiente&#8221;, de acordo com dados da Organiza\u00e7\u00e3o Internacional do Trabalho (OIT), entidade ligada \u00e0 Organiza\u00e7\u00e3o das Na\u00e7\u00f5es Unidas (ONU).<\/h2>\n<p>&nbsp;<\/p>\n<p>Conforme os dados da\u00a0<a href=\"https:\/\/www.ilo.org\/americas\/publicaciones\/WCMS_819022\/lang--es\/index.htm\"><span style=\"font-weight: 400\">nota t\u00e9cnica da OIT \u201cEmprego e informalidade na Am\u00e9rica Latina e no Caribe: uma recupera\u00e7\u00e3o insuficiente e\u00a0<\/span><\/a><span style=\"font-weight: 400\">desigual \u201d, divulgada nesta quarta-feira (8\/9), o tombo de 7% no Produto Interno Bruto (PIB), em 2020, provocou uma queda &#8220;sem precedentes&#8221; na hist\u00f3ria regional, reduzindo em 10% a taxa de ocupa\u00e7\u00e3o e eliminando 26 milh\u00f5es de empregos no ano passado. Contudo, as vagas que est\u00e3o sendo criadas atualmente, de acordo com o estudo, s\u00e3o, em grande maioria, de m\u00e1 qualidade e informais.\u00a0<\/span><\/p>\n<p>&nbsp;<\/p>\n<p>&#8220;Tivemos um custo de 43 milh\u00f5es de empregos destru\u00eddos no pior momento da pandemia. Agora, a recupera\u00e7\u00e3o do mercado de trabalho desde a segunda metade de 2020 e o primeiro trimestre de 2021 \u00e9 insipiente. A qualidade do emprego piorou na regi\u00e3o, porque 70% das vagas geradas nesse processo s\u00e3o s\u00e3o informais e de baixa remunera\u00e7\u00e3o&#8221;, destacou o\u00a0<span style=\"font-weight: 400\">diretor da OIT para a Am\u00e9rica Latina e Caribe, Vin\u00edcius Pinheiro, durante apresenta\u00e7\u00e3o a jornalistas por videoconfer\u00eancia. Conforme dados da entidade, a volta do mercado de trabalho para patamares pr\u00e9-crise na regi\u00e3o poder\u00e1 demorar e s\u00f3 poder\u00e1 ocorrer entre 2023 e 2024, pois, em 2022, isso est\u00e1 cada vez menos prov\u00e1vel.<\/span><\/p>\n<p>&nbsp;<\/p>\n<p>O executivo\u00a0destacou que os elevados n\u00edveis de informalidade e a aus\u00eancia de prote\u00e7\u00e3o social para os trabalhadores latino-americanos aumentaram durante a crise provocada pela covid-19 e as pol\u00edticas adotadas pelo governo n\u00e3o atacam problemas anteriores \u00e0 covid-19. &#8220;Queria dizer que, por mais que houve uma pequena recupera\u00e7\u00e3o, recuperado um pouco. Os postos de trabalho criados desde o in\u00edcio da recupera\u00e7\u00e3o estima-se que 70% desses empregos s\u00e3o informais e de baixos n\u00edveis salariais e de baixa qualidade. De certa forma, nos faz pensar que n\u00e3o aprendemos as li\u00e7\u00f5es da crise e estamos cometendo os mesmos erros do passado&#8221;, lamentou.<\/p>\n<p>&nbsp;<\/p>\n<p>Pinheiro fez um alerta de que os pa\u00edses precisam melhorar as pol\u00edticas de acesso ao mercado de trabalho voltadas para jovens e mulheres, os mais afetados pelo desemprego elevado na regi\u00e3o, de 11%, atualmente, dado acima dos 9% registrados no fim de 2019. O desemprego entre as mulheres \u00e9 bem maior, de 18%%, enquanto a taxa de desocupa\u00e7\u00e3o dos homens \u00e9 de 14%.\u00a0Conforme dados da nota t\u00e9cnica elaborada pela a especialista em economia do trabalho da OIT, Roxana Maurizio, em 2020, 12 milh\u00f5es de postos de trabalho feminino foram perdidos em 2020 o que fez a taxa de participa\u00e7\u00e3o feminina no mercado de trabalho atingisse o &#8220;menor patamar nos \u00faltimos 15 anos&#8221;.<\/p>\n<p>&nbsp;<\/p>\n<p>Segundo os dados da OIT, enquanto os homens recuperaram 77% das vagas perdidas, as mulheres tiveram recupera\u00e7\u00e3o de 58%. A entidade demonstrou preocupa\u00e7\u00e3o com o fato de que, devido \u00e0 quebradeira de muitas empresas, o processo de &#8220;retomada parcial&#8221; do emprego est\u00e1 ocorrendo por meio da informalidade.\u00a0\u00a0<span style=\"font-weight: 400\">\u201cNem a quantidade nem a qualidade dos empregos que esta regi\u00e3o exige para fazer\u00a0<\/span><span style=\"font-weight: 400\">enfrentando as consequ\u00eancias de uma crise sem precedentes. O cen\u00e1rio de empregos \u00e9 complexo e apresenta desafios\u00a0<\/span><span style=\"font-weight: 400\">grandes magnitudes \u201d, destacou Pinheiro.\u00a0 Ele acrescentou que o estudo mostra uma &#8220;<\/span><span style=\"font-weight: 400\">estreita liga\u00e7\u00e3o entre a informalidade do trabalho, a baixa renda e\u00a0<\/span><span style=\"font-weight: 400\">a desigualdade tornou-se ainda mais evidente neste contexto \u201d.<\/span><\/p>\n<p>&nbsp;<\/p>\n<p><span style=\"font-weight: 400\">O documento analisa a din\u00e2mica da informalidade registrada pela pandemia, destacando um\u00a0<\/span><span style=\"font-weight: 400\">comportamento at\u00edpico, pois ao contr\u00e1rio de outras crises, as ocupa\u00e7\u00f5es informais n\u00e3o aumentaram ou\u00a0<\/span><span style=\"font-weight: 400\">eles ofereceram ref\u00fagio para aqueles que perderam empregos formais.\u00a0<\/span><span style=\"font-weight: 400\">Ao contr\u00e1rio, as medidas necess\u00e1rias para enfrentar a crise de sa\u00fade foram correlacionadas a um forte\u00a0<\/span><span style=\"font-weight: 400\">impacto na destrui\u00e7\u00e3o de ocupa\u00e7\u00f5es informais e na perda de renda das pessoas que\u00a0<\/span><span style=\"font-weight: 400\">trabalhavam nessas condi\u00e7\u00f5es, que se viam sem redes de prote\u00e7\u00e3o social, e sem o\u00a0<\/span><span style=\"font-weight: 400\">acesso a redu\u00e7\u00e3o de horas ou programas de teletrabalho. Em muitos casos, isso at\u00e9 determinou\u00a0<\/span><span style=\"font-weight: 400\">a redu\u00e7\u00e3o tempor\u00e1ria das taxas de informalidade em alguns pa\u00edses.<\/span><\/p>\n<p>&nbsp;<\/p>\n<p><span style=\"font-weight: 400\">De acordo com o estudo da OIT, antes da pandemia, a informalidade afetava 51% dos trabalhadores empregados na regi\u00e3o. O documento destaca\u00a0<\/span><span style=\"font-weight: 400\">que a redu\u00e7\u00e3o da ocupa\u00e7\u00e3o,\u00a0<\/span><span style=\"font-weight: 400\">no pior momento da crise da covid-19, atingiu pouco mais de 43 milh\u00f5es\u00a0<\/span><span style=\"font-weight: 400\">de empregos.\u00a0<\/span><span style=\"font-weight: 400\">\u201cA recupera\u00e7\u00e3o subsequente daquela \u00e9poca at\u00e9 o primeiro trimestre de 2021 foi por volta de 29\u00a0<\/span><span style=\"font-weight: 400\">milh\u00f5es. Portanto, o aumento na ocupa\u00e7\u00e3o n\u00e3o compensou totalmente a perda.\u00a0<\/span><span style=\"font-weight: 400\">anterior\u201d, informou o relat\u00f3rio. Cerca de 30% dos empregos perdidos ainda n\u00e3o foram\u00a0<\/span><span style=\"font-weight: 400\">recuperados.<\/span><\/p>\n<p>&nbsp;<\/p>\n<p>A OIT constatou tamb\u00e9m que a resposta \u00e0 pandemia foi desigual e insuficiente, o que aprofundou a dist\u00e2ncia entre os pa\u00edses com altos e baixos n\u00edveis de renda e falhou em oferecer a prote\u00e7\u00e3o social t\u00e3o necess\u00e1ria que todas as pessoas merecem.\u00a0De acordo com os dados da entidade, no primeiro trimestre do ano em curso, a taxa de ocupa\u00e7\u00e3o estava em 52,6% &#8212; a mais baixa em pelo menos uma d\u00e9cada &#8212; e taxa de desocupa\u00e7\u00e3o, de 11%, implica que cerca de 32 milh\u00f5es de pessoas procuraram ativamente um emprego sem conseguir encontr\u00e1-lo. No mesmo intervalo de 2020, esses indicadores estavam em 56% e 9% respectivamente.<\/p>\n<p>&nbsp;<\/p>\n<p>No Brasil, com taxa de desemprego, atualmente em 14,1% atinge 14,4 milh\u00f5es de brasileiros, conforme dados do Instituto Brasileiro de Geografia e Estat\u00edstica (IBGE). Essa taxa, embora inferior aos 14,7% registrados no primeiro trimestre de 2021, ainda \u00e9 superior \u00e0 m\u00e9dia atual de desocupa\u00e7\u00e3o da regi\u00e3o, de 11%, contabilizada pela OIT.<\/p>\n<p>&nbsp;<\/p>\n<p style=\"font-weight: 400\">\n<p style=\"font-weight: 400\">\n<p>&nbsp;<\/p>\n","protected":false},"excerpt":{"rendered":"<p>ROSANA HESSEL A crise provocada pela pandemia da covid-19 afetou o mercado de trabalho latino-americano de forma mais acentuada do que no resto do mundo e a recupera\u00e7\u00e3o ainda \u00e9 &#8220;insuficiente&#8221;, de acordo com dados da Organiza\u00e7\u00e3o Internacional do Trabalho (OIT), entidade ligada \u00e0 Organiza\u00e7\u00e3o das Na\u00e7\u00f5es Unidas (ONU). &nbsp; Conforme os dados da\u00a0nota t\u00e9cnica [&hellip;]<\/p>\n","protected":false},"author":22,"featured_media":21034,"comment_status":"open","ping_status":"closed","sticky":false,"template":"","format":"standard","meta":{"wpb_read_more":[],"footnotes":""},"categories":[600],"tags":[2879,179,1343,2693,2310,2828,4510],"class_list":["post-21033","post","type-post","status-publish","format-standard","has-post-thumbnail","hentry","category-economia","tag-america-latina","tag-crise","tag-emprego","tag-informalidade","tag-mercado-de-trabalho","tag-oit","tag-pandemia"],"_links":{"self":[{"href":"https:\/\/blogs2.correiobraziliense.com.br\/vicente\/wp-json\/wp\/v2\/posts\/21033","targetHints":{"allow":["GET"]}}],"collection":[{"href":"https:\/\/blogs2.correiobraziliense.com.br\/vicente\/wp-json\/wp\/v2\/posts"}],"about":[{"href":"https:\/\/blogs2.correiobraziliense.com.br\/vicente\/wp-json\/wp\/v2\/types\/post"}],"author":[{"embeddable":true,"href":"https:\/\/blogs2.correiobraziliense.com.br\/vicente\/wp-json\/wp\/v2\/users\/22"}],"replies":[{"embeddable":true,"href":"https:\/\/blogs2.correiobraziliense.com.br\/vicente\/wp-json\/wp\/v2\/comments?post=21033"}],"version-history":[{"count":10,"href":"https:\/\/blogs2.correiobraziliense.com.br\/vicente\/wp-json\/wp\/v2\/posts\/21033\/revisions"}],"predecessor-version":[{"id":21050,"href":"https:\/\/blogs2.correiobraziliense.com.br\/vicente\/wp-json\/wp\/v2\/posts\/21033\/revisions\/21050"}],"wp:featuredmedia":[{"embeddable":true,"href":"https:\/\/blogs2.correiobraziliense.com.br\/vicente\/wp-json\/wp\/v2\/media\/21034"}],"wp:attachment":[{"href":"https:\/\/blogs2.correiobraziliense.com.br\/vicente\/wp-json\/wp\/v2\/media?parent=21033"}],"wp:term":[{"taxonomy":"category","embeddable":true,"href":"https:\/\/blogs2.correiobraziliense.com.br\/vicente\/wp-json\/wp\/v2\/categories?post=21033"},{"taxonomy":"post_tag","embeddable":true,"href":"https:\/\/blogs2.correiobraziliense.com.br\/vicente\/wp-json\/wp\/v2\/tags?post=21033"}],"curies":[{"name":"wp","href":"https:\/\/api.w.org\/{rel}","templated":true}]}}