{"id":21062,"date":"2021-09-09T09:42:48","date_gmt":"2021-09-09T12:42:48","guid":{"rendered":"https:\/\/blogs2.correiobraziliense.com.br\/vicente\/?p=21062"},"modified":"2021-09-09T09:42:48","modified_gmt":"2021-09-09T12:42:48","slug":"inflacao-dos-mais-pobres-sobe-1042-no-acumulado-em-12-meses-ate-agosto","status":"publish","type":"post","link":"https:\/\/blogs2.correiobraziliense.com.br\/vicente\/inflacao-dos-mais-pobres-sobe-1042-no-acumulado-em-12-meses-ate-agosto\/","title":{"rendered":"Infla\u00e7\u00e3o dos mais pobres sobe 10,42% no acumulado em 12 meses at\u00e9 agosto"},"content":{"rendered":"<h2>ROSANA HESSEL<\/h2>\n<h2><\/h2>\n<h2>A infla\u00e7\u00e3o das fam\u00edlias mais pobres, medida pelo \u00cdndice Nacional de Pre\u00e7os ao Consumidor (INPC), foi mais salgada do que a alta dos pre\u00e7os para os mais ricos. Conforme dados do Instituto Brasileiro de Geografia e Estat\u00edstica (IBGE), o indicador que corrige o sal\u00e1rio m\u00ednimo subiu 0,88% em agosto e acumulou 10,42% em 12 meses.<\/h2>\n<p>&nbsp;<\/p>\n<p>Apesar da desacelera\u00e7\u00e3o de 0,14 ponto percentual em rela\u00e7\u00e3o ao salto de 1,02% de julho, a varia\u00e7\u00e3o do INPC de agosto resulta em alta acumulada no ano de 5,94%. Em agosto de 2020, o indicador tinha registrado varia\u00e7\u00e3o de 0,36%.<\/p>\n<p>&nbsp;<\/p>\n<p>A volta da alta dos alimentos em agosto foi o que ajudou a pressionar o INPC, indicador que mede a infla\u00e7\u00e3o para as fam\u00edlias como renda mensal de at\u00e9 cinco sal\u00e1rios m\u00ednimos. Os produtos aliment\u00edcios subiram 1,29% em agosto, ficando acima do resultado de julho, quando a alta foi de 0,66%. J\u00e1 os produtos n\u00e3o aliment\u00edcios tiveram alta de 0,75%, desacelerando em rela\u00e7\u00e3o \u00e0 alta de 1,13% do m\u00eas anterior.<\/p>\n<p>&nbsp;<\/p>\n<p>Todas as \u00e1reas regionais pesquisadas registraram alta em agosto, de acordo com o IBGE. Bras\u00edlia teve a maior varia\u00e7\u00e3o no INPC, 1,60%, influenciada pela altas de 7,76%, da gasolina, e de 3,76%, da energia el\u00e9trica. J\u00e1 o menor \u00edndice ficou com Fortaleza, que registrou eleva\u00e7\u00e3o de 0,43%, onde pesaram as quedas nos pre\u00e7os do arroz (-2,81%), das carnes (-2,09%) e dos itens de higiene pessoal (-1,39%).<\/p>\n<p>&nbsp;<\/p>\n<p>Segundo o IBGE, para o c\u00e1lculo do INPC de agosto, foram comparados os pre\u00e7os coletados entre 29 de julho e 27 de agosto de 2021 (refer\u00eancia) com os pre\u00e7os vigentes entre 29 de junho e 28 de julho de 2021 (base). O indicador \u00e9 calculado desde 1979 e abrange 10 regi\u00f5es metropolitanas do pa\u00eds, al\u00e9m dos munic\u00edpios de Goi\u00e2nia, Campo Grande, Rio Branco, S\u00e3o Lu\u00eds, Aracaju e de Bras\u00edlia.<\/p>\n","protected":false},"excerpt":{"rendered":"<p>ROSANA HESSEL A infla\u00e7\u00e3o das fam\u00edlias mais pobres, medida pelo \u00cdndice Nacional de Pre\u00e7os ao Consumidor (INPC), foi mais salgada do que a alta dos pre\u00e7os para os mais ricos. Conforme dados do Instituto Brasileiro de Geografia e Estat\u00edstica (IBGE), o indicador que corrige o sal\u00e1rio m\u00ednimo subiu 0,88% em agosto e acumulou 10,42% em [&hellip;]<\/p>\n","protected":false},"author":22,"featured_media":15703,"comment_status":"open","ping_status":"closed","sticky":false,"template":"","format":"standard","meta":{"wpb_read_more":[],"footnotes":""},"categories":[600],"tags":[211,391,5364,1130,390],"class_list":["post-21062","post","type-post","status-publish","format-standard","has-post-thumbnail","hentry","category-economia","tag-carestia","tag-ibge","tag-inflacao-dos-mais-pobres","tag-inpc","tag-precos"],"_links":{"self":[{"href":"https:\/\/blogs2.correiobraziliense.com.br\/vicente\/wp-json\/wp\/v2\/posts\/21062","targetHints":{"allow":["GET"]}}],"collection":[{"href":"https:\/\/blogs2.correiobraziliense.com.br\/vicente\/wp-json\/wp\/v2\/posts"}],"about":[{"href":"https:\/\/blogs2.correiobraziliense.com.br\/vicente\/wp-json\/wp\/v2\/types\/post"}],"author":[{"embeddable":true,"href":"https:\/\/blogs2.correiobraziliense.com.br\/vicente\/wp-json\/wp\/v2\/users\/22"}],"replies":[{"embeddable":true,"href":"https:\/\/blogs2.correiobraziliense.com.br\/vicente\/wp-json\/wp\/v2\/comments?post=21062"}],"version-history":[{"count":2,"href":"https:\/\/blogs2.correiobraziliense.com.br\/vicente\/wp-json\/wp\/v2\/posts\/21062\/revisions"}],"predecessor-version":[{"id":21071,"href":"https:\/\/blogs2.correiobraziliense.com.br\/vicente\/wp-json\/wp\/v2\/posts\/21062\/revisions\/21071"}],"wp:featuredmedia":[{"embeddable":true,"href":"https:\/\/blogs2.correiobraziliense.com.br\/vicente\/wp-json\/wp\/v2\/media\/15703"}],"wp:attachment":[{"href":"https:\/\/blogs2.correiobraziliense.com.br\/vicente\/wp-json\/wp\/v2\/media?parent=21062"}],"wp:term":[{"taxonomy":"category","embeddable":true,"href":"https:\/\/blogs2.correiobraziliense.com.br\/vicente\/wp-json\/wp\/v2\/categories?post=21062"},{"taxonomy":"post_tag","embeddable":true,"href":"https:\/\/blogs2.correiobraziliense.com.br\/vicente\/wp-json\/wp\/v2\/tags?post=21062"}],"curies":[{"name":"wp","href":"https:\/\/api.w.org\/{rel}","templated":true}]}}